{"id":9888,"date":"2015-05-21T08:22:07","date_gmt":"2015-05-21T06:22:07","guid":{"rendered":"http:\/\/www.beveswelt.de\/?p=9888"},"modified":"2015-05-21T08:23:38","modified_gmt":"2015-05-21T06:23:38","slug":"21-mai-2015-tradition-zum-anfassen-90-jahre-stadion","status":"publish","type":"post","link":"https:\/\/www.beveswelt.de\/?p=9888","title":{"rendered":"21. Mai 2015: Tradition zum Anfassen \u201e90 Jahre Stadion\u201c"},"content":{"rendered":"<p style=\"text-align: justify;\"><span style=\"font-family: Arial,serif;\"><span style=\"font-size: medium;\"><b>G\u00e4ste: Dieter Hochgesand, Anton H\u00fcbler, Erwin Stein, Manfred Binz <\/b><\/span><\/span><\/p>\n<p style=\"text-align: justify;\"><!--more--><\/p>\n<p style=\"text-align: justify;\"><span style=\"color: #000000;\"><span style=\"font-family: Arial,serif;\"><span style=\"font-size: medium;\">Am 21. Mai 1925 wurde im Stadtwald das st\u00e4dtische Stadion mit einem gro\u00dfen Fest feierlich er\u00f6ffnet. In der neugeschaffenen Anlage fanden zahlreiche Sportler eine Heimat. Neben dem eigentlichen Stadion gab es eine Radrennbahn, ein Licht- und Luftbad, eine Tennisanlage, ein Waldtheater und einen Reitplatz, an dessen Stelle sp\u00e4ter die Wintersporthalle gebaut wurde.<\/span><\/span><\/span><\/p>\n<p style=\"text-align: justify;\"><span style=\"color: #000000;\"><span style=\"font-family: Arial,serif;\"><span style=\"font-size: medium;\">Auch wenn die Eintracht 1925 am Riederwald ihr eigenes Stadion hatte, entwickelte sich das Waldstadion immer mehr zur sportlichen Heimat der Ersten Mannschaft. Wichtige Spiele fanden im Stadtwald statt und mit Gr\u00fcndung der Bundesliga 1963 wurde das Stadion zum festen Spielort der SGE. Seit \u00fcber zehn Jahren trainieren die Profis am Stadion, hier befindet sich die Gesch\u00e4ftsstelle der Fu\u00dfball AG, der Fanshop und das Eintracht-Museum. <\/span><\/span><\/span><\/p>\n<p style=\"text-align: justify;\"><span style=\"color: #000000;\"><span style=\"font-family: Arial,serif;\"><span style=\"font-size: medium;\">Auf den Tag genau 90 Jahre nach Er\u00f6ffnung des Stadions freuen wir uns, im Rahmen der Veranstaltungsreihe \u201eTradition zum Anfassen\u201c mit zahlreichen Zeitzeugen die spannenden Geschichten rund um den historischen Ort noch einmal in Erinnerung zu rufen. Daf\u00fcr haben wir uns ganz besondere G\u00e4ste eingeladen. Dieter Hochgesand war von 1991 bis 2003 Gesch\u00e4ftsf\u00fchrer der Stadion GmbH. Toni H\u00fcbler, von 1954 bis 1995 Zeugwart des Vereins, kannte im alten Waldstadion jeden Grashalm. Erwin Stein, unser zweifacher Torsch\u00fctze im Europapokalfinale 1960, erlebte das Stadion als Spieler von 1959 bis 1966. Und Manfred Binz kickte von 1984 bis 1996 im Waldstadion. <\/span><\/span><\/span><\/p>\n<p style=\"text-align: justify;\"><span style=\"color: #000000;\"><span style=\"font-family: Arial,serif;\"><span style=\"font-size: medium;\">Diese und weitere au\u00dfergew\u00f6hnliche G\u00e4ste werden sich am Geburtstag des Stadions den Fragen unseres bew\u00e4hrten Moderators Axel \u201eBeve\u201c Hoffmann stellen. Der kennt das Stadion auch schon lange: Sein erstes Spiel erlebte \u201eBeve\u201c im Jahr 1974.<\/span><\/span><\/span><\/p>\n<p style=\"text-align: justify;\"><span style=\"color: #000000;\"><span style=\"font-family: Arial,serif;\"><span style=\"font-size: small;\">Start: 21. Mai 2015, 19.30 Uhr im Eintracht Frankfurt Museum.<\/span><\/span><\/span><\/p>\n<p style=\"text-align: justify;\"><span style=\"color: #000000;\"><span style=\"font-family: Arial,serif;\"><span style=\"font-size: small;\">Eintritt: 5,00 Euro, erm. 3,50 Euro. Mitglieder der Fan- und F\u00f6rderabteilung und F\u00f6rdermitglieder des Museums haben freien Eintritt. <\/span><\/span><\/span><\/p>\n<p style=\"text-align: justify;\"><span style=\"font-family: Arial,serif;\"><span style=\"font-size: small;\"><b>Kontakt:<\/b><\/span><\/span><\/p>\n<p style=\"text-align: justify;\"><span style=\"font-family: Arial,serif;\"><span style=\"font-size: small;\">Eintracht Frankfurt Museum<\/span><\/span><\/p>\n<p style=\"text-align: justify;\"><span style=\"font-family: Arial,serif;\"><span style=\"font-size: small;\">Waldstadion\/Haupttrib\u00fcne<\/span><\/span><\/p>\n<p style=\"text-align: justify;\"><span style=\"font-family: Arial,serif;\"><span style=\"font-size: small;\">M\u00f6rfelder Landstr. 362<\/span><\/span><\/p>\n<p style=\"text-align: justify;\"><span style=\"font-family: Arial,serif;\"><span style=\"font-size: small;\">60528 Frankfurt<\/span><\/span><\/p>\n<p style=\"text-align: justify;\"><span style=\"font-family: Arial,serif;\"><span style=\"font-size: small;\">Tel: 069-95503275<\/span><\/span><\/p>\n<p style=\"text-align: justify;\"><a href=\"http:\/\/www.beveswelt.de\/wp-content\/uploads\/2015\/05\/Stadion_1925w.jpg\"><img decoding=\"async\" class=\"aligncenter size-full wp-image-9890\" src=\"http:\/\/www.beveswelt.de\/wp-content\/uploads\/2015\/05\/Stadion_1925w.jpg\" alt=\"Stadion_1925w\" width=\"800\" height=\"392\" srcset=\"https:\/\/www.beveswelt.de\/wp-content\/uploads\/2015\/05\/Stadion_1925w.jpg 800w, https:\/\/www.beveswelt.de\/wp-content\/uploads\/2015\/05\/Stadion_1925w-300x147.jpg 300w\" sizes=\"(max-width: 800px) 100vw, 800px\" \/><\/a><\/p>\n","protected":false},"excerpt":{"rendered":"<p>G\u00e4ste: Dieter Hochgesand, Anton H\u00fcbler, Erwin Stein, Manfred Binz<\/p>\n","protected":false},"author":2,"featured_media":9889,"comment_status":"open","ping_status":"open","sticky":false,"template":"","format":"standard","meta":{"ngg_post_thumbnail":0,"footnotes":""},"categories":[9],"tags":[690,1776,109,124,320,653,594],"class_list":["post-9888","post","type-post","status-publish","format-standard","has-post-thumbnail","hentry","category-eintracht-frankfurt","tag-anton-hubler","tag-dieter-hochgesand","tag-eintracht-frankfurt-museum","tag-erwin-stein","tag-manni-binz","tag-tza","tag-waldstadion","post-preview"],"_links":{"self":[{"href":"https:\/\/www.beveswelt.de\/index.php?rest_route=\/wp\/v2\/posts\/9888","targetHints":{"allow":["GET"]}}],"collection":[{"href":"https:\/\/www.beveswelt.de\/index.php?rest_route=\/wp\/v2\/posts"}],"about":[{"href":"https:\/\/www.beveswelt.de\/index.php?rest_route=\/wp\/v2\/types\/post"}],"author":[{"embeddable":true,"href":"https:\/\/www.beveswelt.de\/index.php?rest_route=\/wp\/v2\/users\/2"}],"replies":[{"embeddable":true,"href":"https:\/\/www.beveswelt.de\/index.php?rest_route=%2Fwp%2Fv2%2Fcomments&post=9888"}],"version-history":[{"count":2,"href":"https:\/\/www.beveswelt.de\/index.php?rest_route=\/wp\/v2\/posts\/9888\/revisions"}],"predecessor-version":[{"id":9892,"href":"https:\/\/www.beveswelt.de\/index.php?rest_route=\/wp\/v2\/posts\/9888\/revisions\/9892"}],"wp:featuredmedia":[{"embeddable":true,"href":"https:\/\/www.beveswelt.de\/index.php?rest_route=\/wp\/v2\/media\/9889"}],"wp:attachment":[{"href":"https:\/\/www.beveswelt.de\/index.php?rest_route=%2Fwp%2Fv2%2Fmedia&parent=9888"}],"wp:term":[{"taxonomy":"category","embeddable":true,"href":"https:\/\/www.beveswelt.de\/index.php?rest_route=%2Fwp%2Fv2%2Fcategories&post=9888"},{"taxonomy":"post_tag","embeddable":true,"href":"https:\/\/www.beveswelt.de\/index.php?rest_route=%2Fwp%2Fv2%2Ftags&post=9888"}],"curies":[{"name":"wp","href":"https:\/\/api.w.org\/{rel}","templated":true}]}}