{"id":8940,"date":"2015-01-22T15:44:09","date_gmt":"2015-01-22T14:44:09","guid":{"rendered":"http:\/\/www.beveswelt.de\/?p=8940"},"modified":"2015-01-22T15:49:55","modified_gmt":"2015-01-22T14:49:55","slug":"die-amateure-der-frankfurter-eintracht-die-einleitung","status":"publish","type":"post","link":"https:\/\/www.beveswelt.de\/?p=8940","title":{"rendered":"Die Amateure der Frankfurter Eintracht &#8211; Die Einleitung"},"content":{"rendered":"<p style=\"text-align: justify;\">Die erste Halbserie nach Aufl\u00f6sung der Amateure bzw. U23 der Frankfurter Eintracht ist in der Winterpause. Bislang hatte ich mir noch jeden Spieltag der Regionalliga S\u00fcd\/S\u00fcdwest angeschaut und festgestellt: Mir fehlt etwas. Nat\u00fcrlich, immerhin war ich knapp zehn Jahre Stadionsprecher der zweiten Mannschaft der Eintracht und habe sie bei Heimspielen in Aschaffenburg, Hanau, am Riederwald und am Bornheimer Hang begleitet. Und kaum bin ich mal kurz weg, waren sie Geschichte.<\/p>\n<p style=\"text-align: justify;\"><!--more--><\/p>\n<p style=\"text-align: justify;\">Wobei ich nat\u00fcrlich auch h\u00e4ufig nach meiner aktiven Zeit die Spiele angeschaut habe, mit Flo und Thor und Roland &#8211; und einigen wenigen anderen. Und wenige waren wir tats\u00e4chlich, vor allem als die Ultras nicht mehr ganz so arg unter den Stadionverboten litten und diese wieder in gr\u00f6\u00dferer Zahl in die Arena durften. Zuvor hatten sie einige Zeit in erklecklicher Anzahl die U23 vor allem am Riederwald supportet. Die letzten Jahre aber waren wir sozusagen wieder unter uns.<\/p>\n<p style=\"text-align: justify;\">Die Nachricht von der Abmeldung der U23 vom Spielbetrieb kam f\u00fcr viele \u00fcberraschend. Wie Bayer Leverkusen, so reagierte auch die Eintracht schnell auf die <a href=\"http:\/\/5vier.de\/lage-der-liga-das-konzept-der-u23-mannschaften-vor-dem-aus-146512.html\" target=\"_blank\">mehrheitlich gef\u00e4llte Entscheidung der Proficlubs<\/a>, dass Zweitvertretungen seit der Saison 2014\/15 nicht mehr zwingend f\u00fcr Proficlubs vorgeschrieben sind. Die Tatsache, dass die allermeisten Akteure der letzten U23-Saison keinen g\u00fcltigen Vertrag f\u00fcr die kommende Saison besa\u00dfen, kam der Entscheidung der Eintracht zupass, es mussten kaum Vertragsaufl\u00f6sungen vorgenommen werden. Armin Kraaz, Leiter des Leistungszentrum am Riederwald, erl\u00e4uterte diese Entscheidung bei einem Treffen der Nordwestkurve und stellte sich den Fragen von Dominik Ziegra. Grunds\u00e4tzlich und seri\u00f6s lie\u00dfe sich die tats\u00e4chliche Sinnhaftigkeit der Abmeldung erst in einigen Jahren bewerten &#8211; aber es gab gute und nachvollziehbare Gr\u00fcnde, diesen Schritt zu vollziehen &#8211; und wom\u00f6glich nachzuvollziehen.<\/p>\n<p style=\"text-align: justify;\">Entscheidend ist zum Einen, dass Spieler, denen die Eintracht einen Sprung in den Profikader zutraut, ohnehin einen Profivertrag bei der Fu\u00dfball AG bekommen. Dies sind, wie die Vergangenheit zeigt, Spieler aus der U19, die den n\u00e4chsten Schritt planen, die besten Nachwuchseintrachtler, wie zuletzt Luca Waldschmidt oder Marc Stendera &#8211; zumindest so sie gewillt sind, bei der Eintracht zu bleiben. Diejenigen aber, denen die Eintracht den Sprung nicht zutraut, sind Spieler, deren Klasse ausreicht, bei einem Verein der dritten oder im besten Fall zweiten Liga zu spielen &#8211; diese Spieler suchen ihre Chance bei entsprechenden Vereinen. F\u00fcr das eigene Team, das zuletzt in der vierten Liga antrat, bleiben also nur diejenigen, die f\u00fcr h\u00f6herklassige Vereine nicht interessant sind oder gute Gr\u00fcnde haben, in der Heimat zu bleiben, um bspw. eine Ausbildung zu absolvieren. Diese Spieler werden durch Akteure erg\u00e4nzt, die meist aus dem Umland kommen, aus Aschaffenburg, aus Bernbach, aus Waldgirmes &#8211; und die bereit sind, f\u00fcr ein \u00fcberschaubares Gehalt zu spielen.<\/p>\n<p style=\"text-align: justify;\">Aus diesem Potential hat in den vergangenen zehn Jahren kein einziger Spieler den Sprung in die Bundesliga geschafft, nicht bei der Eintracht und mit Norman Theuerkauf auch nur ein einziger bei einem anderen Verein, f\u00fcr Eintracht Braunschweig in der vergangenen Saison. Selbst hochgehandelte Akteure wie Dominik Stroh-Engel, Martin Hess oder Danny Galm spielten nach ihrer Zeit am Riederwald nie auf dem Niveau, dass der Eintracht weiter geholfen h\u00e4tte. Selbst die Jugendstars ihrer Zeit, die im Profikader standen, wie Kreso Ljubicic, Faton Toski und Marcel Titsch-Rivero konnten sich trotz einiger Eins\u00e4tze bei der U23 und den Profis (bislang) nicht auf h\u00f6herem Niveau etablieren. Und auch ein Blick auf die tollen Jahre, in der die U23 unter Trainer Corrochano begeisternden Fu\u00dfball zeigte und an der Spitze der Regionalliga mitspielte, zeigt, dass keiner der Akteure in der ersten Liga Fu\u00df fassen konnte. Mit Dimitrji Nazarov klopft zumindest einer mit dem KSC an das Tor zur ersten Liga, doch dort klopfen auch Stroh-Engel oder Marcel Heller.<\/p>\n<p style=\"text-align: justify;\">W\u00e4hrend Marko Marin oder Emre Can die Eintracht schon in jungen Jahren verlie\u00dfen und vom Verein nicht zu halten waren &#8211; wie zuletzt S\u00f6ren Lippert oder Renat Dadachev, bedauerte Kraaz nur einen einzigen Abgang, den die Eintracht selbst zu verantworten hatte, Jan Kirchhoff. Dieser wurde von der Eintracht zu leicht befunden &#8211; aber auch Jan hat nie f\u00fcr die Eintracht U23 gespielt, sondern verlie\u00df den Club noch in jugendlichen Jahren. Der damalige Jugendtrainer von Mainz 05, J\u00fcrgen Kramny, kam auf die glorreiche Idee, den Mittelfeldmann zum Innenverteidiger umzuschulen. In der Tat eine gute Idee, auf welche die Eintracht nicht kam, attestierte Kraaz.<\/p>\n<p style=\"text-align: justify;\">Dazu dr\u00e4ngt sich sich die Frage auf, inwiefern junge Spieler gefordert und gef\u00f6rdert werden, wenn sie regelm\u00e4\u00dfig zu unteren Mannschaften &#8222;degradiert&#8220; werden, statt mit den Profis zu trainieren und dort Einsatzzeiten zu bekommen. Ein anerkanntes Beispiel ist Marco Russ, dem viele Beobachter der U19 damals den Sprung zu den Profis zugetraut hatten. Als er anschlie\u00dfend jedoch f\u00fcr die U23 auflief, kamen erhebliche Zweifel dazu. Letztlich ist es oftmals nur gl\u00fccklichen Umst\u00e4nden zu verdanken, dass ein Spieler, der h\u00e4ufig f\u00fcr die U23 spielt, doch noch den Sprung zu den Profis schafft. Wer wei\u00df, wie die Karriere von Russ verlaufen w\u00e4re, h\u00e4tten sich nicht etliche Spieler verletzt und der damalige Trainer Funkel gar keine andere Wahl hatte, als ihn aufzustellen. Sofort konnte er an das Niveau seiner Leistungen bei der U19 ankn\u00fcpfen. Ein Schicksal, welches er mit Timmy Chandler teilt, der von Frankfurt zum Club gewechselt war &#8211; und auch dort nur in der zweiten Mannschaft spielte. Erst die Personalsituation der N\u00fcrnberger sp\u00fclte ihn in die Bundesliga, wo er sich alsbald etablierte. Viele Trainer bevorzugen vermeintliche Sicherheiten und stellen verdiente Recken auf, die Jugend kickt nur im Notfall oder aber bei extrem \u00fcberragenden Leitungen. Aber selbst Michael Skibbe musste extern von den Leistungen eines Sebastian Jung \u00fcberzeugt werden.<\/p>\n<p style=\"text-align: justify;\">Thomas Schaaf setzt auf die Jugend und zeigt sich an der Nachwuchsarbeit interessiert. So stellt die Eintracht derzeit das Team, neben Schalke und Freiburg, welches die meisten Akteure aus dem eigenen Nachwuchs in die Profis integriert hat. Immerhin stehen in dieser Saison mit Timmy Chandler, Sonny Kittel, Marco Russ und Marc Stendera vier einstige Jugendspieler regelm\u00e4\u00dfig auf dem Platz. Mit Sebastian Jung, Oka Nikolov, Patrick Ochs, Albert Streit, Jermaine Jones oder Christoph Preu\u00df haben neben Mounir Chaftar und Christopher Reinhard zu Funkels Zeiten in der Vergangenheit auch andere Akteure den Kader der Profis zumindest zeitweise verst\u00e4rkt oder gar gepr\u00e4gt.<\/p>\n<p style=\"text-align: justify;\">Die Zeiten haben sich gewandelt, Spieler werden schon in jungen Jahren beraten und gehandelt wie die Profis, sie stellen Anspr\u00fcche, die nicht jeder gewillt ist, mit zu tragen. Bis heute verweigert die Eintracht Zahlungen an Berater &#8211; auch weil mit 15 Jahren noch nicht wirklich abzusehen ist, wo die Reise wirklich hingeht. Wie entwickelt sich das Wachstum, wie die Interessen der Spieler? Von unabdingbarer Notwendigkeit hingegen ist die Investition in die Leistungszentren, in die Internate, Trainer und Sportanlagen &#8211; auch als Argument, Spieler im eigenen Verein zu halten. Von daher stellt sich naturgem\u00e4\u00df die Frage, ob es sinnig ist, f\u00fcr die U23 Resourcen bereit zu stellen, die in der Vergangenheit nicht den gew\u00fcnschten Output brachte, statt Geld und Know-How in diejenigen zu stecken, die zumindest noch die Option auf Weiterentwicklung besitzen, die Jugendmannschaften.<\/p>\n<p style=\"text-align: justify;\">In der heutigen Situation w\u00e4re eine U23 im Grunde nur f\u00fcr einen einzigen Spieler der Eintracht interessant, f\u00fcr David Kinsombe, der noch vor der Abschaffung des Teams an den Riederwald gelotst wurde. Einem Spieler wie Joel Gerezgiher hingegen w\u00e4re mehr geholfen, so er nach auskurierter Verletzung nicht den Sprung in den Profikader schaffen sollte, auf h\u00f6herem Niveau Spielpraxis zu sammeln als es eine Zweitvertretung der Eintracht liefern k\u00f6nnte.<\/p>\n<p style=\"text-align: justify;\">Spannend wird die Entwicklung der zweiten Mannschaft bei anderen Vereinen sein, auch wenn bestehende Vertr\u00e4ge in den n\u00e4chsten Jahren auslaufen. Werden sich andere Clubs dem Beispiel der Eintracht oder von Leverkusen anschlie\u00dfen? Man k\u00f6nnte es meinen, immerhin hatte sich ja die Mehrheit der Vereine f\u00fcr die Freiwilligkeit des Unterhalts der Amateure ausgesprochen.<\/p>\n<p style=\"text-align: justify;\">Ein Wort noch zur Situation der Ausgliederung des Leistungszentrum. Kraaz ist davon \u00fcberzeugt, dass es kaum sportlichen Einfluss haben wird, unter wessen Fittichen das Leistungszentrum ausgegliedert wird. An der eigentlichen Arbeit d\u00fcrfte sich nicht viel \u00e4ndern, zumal vieles auch mit den handelnden Personen zusammen h\u00e4ngt. Und wenn sich wie jetzt, der Trainer der Profis an der Arbeit des Nachwuchses hoch interessiert zeigt, eine von allen Seiten w\u00fcnschenswerte sportliche Verzahnung, scheint f\u00fcr die n\u00e4chsten Jahre schon ob der r\u00e4umlichen Begebenheiten bei Eintracht Frankfurt ausgeschlossen. Weder liefert die Sportanlage am Riederwald die r\u00e4umlichen Bedingungen f\u00fcr die Profis noch ist unter den jetzigen Umst\u00e4nden der Umzug des Leistungszentrum auf das Gel\u00e4nde der Arena machbar. Dort stehen ja noch nicht einmal jederzeit gen\u00fcgend Pl\u00e4tze f\u00fcr die Profis zur Verf\u00fcgung, wenn der Stadionbetreiber das Gel\u00e4nde anderweitig vermietet hat, mussten ja sogar schon diese umziehen. Von Platz f\u00fcr ein Internat oder Funktionsr\u00e4ume ganz zu schweigen. Dies Zusammenlegung scheint eine Herkulesaufgabe f\u00fcr die Zukunft. Und sieht man sich die Transfererl\u00f6se der Eintracht der vergangenen Jahre an, so f\u00e4llt auf, dass Spieler aus dem eigenen Nachwuchs bei einem Vereinswechsel die h\u00f6chsten Erl\u00f6se erzielen konnten, ob Christoph Preu\u00df, dessen Wechsel der Eintracht das finanzielle \u00dcberleben sicherte, ob Albert Streit, Patrick Ochs oder Marco Russ.<\/p>\n<p style=\"text-align: justify;\">Nat\u00fcrlich fehlen mir pers\u00f6nlich die lieb gewonnenen Nachmittage bei den Amateuren und anderen wie Roland, der ein Gro\u00dfteil seines Lebens mit der zweiten Mannschaft verbracht hat, noch viel mehr. Aber ob die Eintracht f\u00fcr vergn\u00fcgliche Nachmittage f\u00fcr eine Handvoll Interessierter zu sorgen hat, steht auf einem anderen Blatt. Dass es oft vergn\u00fcgliche Nachmittage waren, steht fest. Und deshalb werde ich hier portionsweise einen langen Artikel \u00fcber die Geschichte der Eintracht Frankfurt Amateure hier einstellen, der zuerst im Sommer 2014 in der <a title=\"Diva\" href=\"http:\/\/www.eintracht-frankfurt.de\/verein\/fan-und-foerderabteilung\/diva\/diva-archiv.html\" target=\"_blank\">Diva <\/a>erschienen ist.<\/p>\n<p style=\"text-align: justify;\">\n","protected":false},"excerpt":{"rendered":"<p>Die erste Halbserie nach Aufl\u00f6sung der Amateure bzw. U23 der Frankfurter Eintracht ist in der Winterpause. Bislang hatte ich mir noch jeden Spieltag der Regionalliga S\u00fcd\/S\u00fcdwest angeschaut und festgestellt: Mir fehlt etwas. Nat\u00fcrlich, immerhin war ich knapp zehn Jahre Stadionsprecher der zweiten Mannschaft der Eintracht und habe sie bei Heimspielen in Aschaffenburg, Hanau, am Riederwald [&hellip;]<\/p>\n","protected":false},"author":2,"featured_media":8941,"comment_status":"open","ping_status":"open","sticky":false,"template":"","format":"standard","meta":{"ngg_post_thumbnail":0,"footnotes":""},"categories":[9],"tags":[1075,1245,61,1656,1658,1659,1823,1655,1653,1654,321,322,326,335,1657,402,448,488,505,1013,569],"class_list":["post-8940","post","type-post","status-publish","format-standard","has-post-thumbnail","hentry","category-eintracht-frankfurt","tag-albert-streit","tag-armin-kraaz","tag-christoph-preus","tag-danny-galm","tag-dimitrij-nazarov","tag-dominik-stroh-engel","tag-eintracht-frankfurt","tag-joel-gerezgiher","tag-leistungszentrum","tag-marc-stendera","tag-marcel-heller","tag-marcel-titsch-rivero","tag-marco-russ","tag-martin-hess","tag-oscar-corrochano","tag-patrick-ochs","tag-riederwald","tag-sebastian-jung","tag-sonny-kittel","tag-timmy-chandler","tag-u23","post-preview"],"_links":{"self":[{"href":"https:\/\/www.beveswelt.de\/index.php?rest_route=\/wp\/v2\/posts\/8940","targetHints":{"allow":["GET"]}}],"collection":[{"href":"https:\/\/www.beveswelt.de\/index.php?rest_route=\/wp\/v2\/posts"}],"about":[{"href":"https:\/\/www.beveswelt.de\/index.php?rest_route=\/wp\/v2\/types\/post"}],"author":[{"embeddable":true,"href":"https:\/\/www.beveswelt.de\/index.php?rest_route=\/wp\/v2\/users\/2"}],"replies":[{"embeddable":true,"href":"https:\/\/www.beveswelt.de\/index.php?rest_route=%2Fwp%2Fv2%2Fcomments&post=8940"}],"version-history":[{"count":4,"href":"https:\/\/www.beveswelt.de\/index.php?rest_route=\/wp\/v2\/posts\/8940\/revisions"}],"predecessor-version":[{"id":8945,"href":"https:\/\/www.beveswelt.de\/index.php?rest_route=\/wp\/v2\/posts\/8940\/revisions\/8945"}],"wp:featuredmedia":[{"embeddable":true,"href":"https:\/\/www.beveswelt.de\/index.php?rest_route=\/wp\/v2\/media\/8941"}],"wp:attachment":[{"href":"https:\/\/www.beveswelt.de\/index.php?rest_route=%2Fwp%2Fv2%2Fmedia&parent=8940"}],"wp:term":[{"taxonomy":"category","embeddable":true,"href":"https:\/\/www.beveswelt.de\/index.php?rest_route=%2Fwp%2Fv2%2Fcategories&post=8940"},{"taxonomy":"post_tag","embeddable":true,"href":"https:\/\/www.beveswelt.de\/index.php?rest_route=%2Fwp%2Fv2%2Ftags&post=8940"}],"curies":[{"name":"wp","href":"https:\/\/api.w.org\/{rel}","templated":true}]}}