{"id":8576,"date":"2015-01-04T12:30:49","date_gmt":"2015-01-04T11:30:49","guid":{"rendered":"http:\/\/www.beveswelt.de\/?p=8576"},"modified":"2015-01-14T08:50:11","modified_gmt":"2015-01-14T07:50:11","slug":"rant","status":"publish","type":"post","link":"https:\/\/www.beveswelt.de\/?p=8576","title":{"rendered":"Rant"},"content":{"rendered":"<p style=\"text-align: justify;\">Nachdem ich 2008 angefangen habe zu bloggen und seit September 2011 hier zu erreichen bin, ist eine Menge passiert. Allen voran der Aufstieg und Fall der sozialen Netzwerke, in denen jeder entweder Zweitverwertet oder aber v\u00f6lligen Mist in die Welt absondert &#8211; was sich nicht unbedingt ausschlie\u00dfen muss. Rar sind diejenigen, die interessante Dinge in die Welt schreien. Und die, die dabei weitgehend ohne Smartphone auskommen.<\/p>\n<p style=\"text-align: justify;\"><!--more--><\/p>\n<p style=\"text-align: justify;\">Das f\u00e4ngt, gerade bei Facebook, damit an, dass Statusmeldungen in die Welt posaunt werden, die au\u00dfer der Information &#8222;Hier bin ich gerade, guck mal, wie toll&#8220; keinerlei weitere Inhalte vermitteln. Da sind sie an Orten, treffen Menschen &#8211; und was erfahre ich? Nichts, was auch nur im Ansatz interessant sein k\u00f6nnte. Keine Beschreibung des Ortes, der Menschen, der Gedanken, der eigenen Welt. Einfach ein hingerotztes:\u00a0Hier bin ich.\u00a0Oder schlimmer noch: Hier bin ich auf dem Weg dorthin. Es folgt etwas sp\u00e4ter ein Foto von einem toten Tier, das sie dann gegessen haben. Und sie erleben immer tolle Sachen, die mich ganz neidisch machen. Und sie haben tolle Weihnachtsb\u00e4ume. Und alle sind ganz traurig \u00fcber den \u00fcberraschenden Tod von Udo &#8222;Ich dachte der w\u00fcrde ewig leben&#8220; J\u00fcrgens. Oder von Joe Cocker. Und sie ballern sich ein Foto von Tugce ins Profil. Und sie sind v\u00f6llig aufgeregt, dass es schneit. Schnee, Im Winter. Ganz krasse Geschichte.<\/p>\n<p style=\"text-align: justify;\">Geschichten aber gibt es keine. Keine Zusammenh\u00e4nge, nichts Erhellendes. Vermeintlich kluge Menschen nehmen an Tests teil,\u00a0die nach 15 beantworteten Fragen ausspucken:\u00a0Wenn du ein Gem\u00fcse w\u00e4rest, w\u00e4rest du Sellerie. Oder wenn du ein K\u00f6rperteil w\u00e4rest, w\u00e4rest du ein Arsch. Und sie ver\u00f6ffentlichen diese Ergebnisse. Und ich muss sie auf meiner Startseite lesen und denke mir, wenn schon einsam, dann doch bitte mit W\u00fcrde. Oder mit Bier. Von mir aus Heroin. Und nein, ich m\u00f6chte keinen Orangensaft teilen.<\/p>\n<p style=\"text-align: justify;\">Seit einem viertel Jahr geht das schon so. Tag f\u00fcr Tag der gleiche Quatsch. Und mittendrin\u00a0finde ich es, das eine tolle Lied, das ich noch nicht kannte, der eine Hinweis auf ein kleines Konzert, auf einen feinen Clubabend, das saukomische Bild, der wirklich nette Kontakt mit jemandem, den ich zwar kannte aber mit dem ich noch nie l\u00e4nger gesprochen habe. Und der Preis ist der Blick in die Wohnzimmer derjenigen, die ich zuvor Jahrzehnte problemlos umschiffen konnte. Tag f\u00fcr Tag. Erbarmungslos. Ich habe mittlerweile sogar begonnen, Menschen zu hassen, die ich jahrelang zwar nur alle naslang gesehen habe, die ich aber f\u00fcr ganz nett hielt. Nachdem ich nun wei\u00df, was sie\u00a0alles auf Facebook ver\u00f6ffentlichen, w\u00fcrde ich dies nun gerne von meiner mentalen Festplatte l\u00f6schen. Geht aber nicht. Was mache ich dann bei der n\u00e4chsten Begegnung? Ein freundliches &#8222;Gude wie&#8220; oder eher ein &#8222;mein Gott bist du einf\u00e4ltig, geh mir aus der Sonne&#8220;? Wer auf facebook &#8222;Guten Morgen&#8220; postet, soll die Krankheit bekommen, die er verdient.<\/p>\n<p style=\"text-align: justify;\">Es geht aber auch anders. Und da sind wir wieder bei den Blogs. Ich habe sie wieder richtig lieb gewonnen, diese kleinen <del>Einode<\/del> Kleinode skurriler Einzelt\u00e4ter, die sich die M\u00fche machen, Geschichten zu erz\u00e4hlen. Oder zu recherchieren. Oder in Detailverliebtheit fotografieren. Oder alles zusammen. Und dies zum Teil schon seit Jahren, ohne likes, fernab von der gro\u00dfen \u00d6ffentlichkeit, fernab der Illusion etwas\u00a0sei\u00a0nur von Bedeutung, wenn Hundert Vollspacken ein Kn\u00f6pfchen gedr\u00fcckt haben.<\/p>\n<p style=\"text-align: justify;\">Und damit meine ich nicht diejenigen, die sich Content aus dem Netz zusammen klauen und rebloggen oder die, die mit banalen Artikeln Klicks generieren und versuchen, den Blog zu Geld zu machen. Ich meine die, die mehr oder weniger anonym durch die Stra\u00dfen ziehen und die Augen und Ohren offen halten und dem verordnetem Irrsinn einen wachen Blick oder einen gro\u00dfen Zorn oder alles zugleich entgegen halten.<\/p>\n<p style=\"text-align: justify;\">Neben den altbekannten Blogs vom\u00a0<a href=\"http:\/\/www.stadtkindfrankfurt.de\" target=\"_blank\">Stadtkind_ffm<\/a>, Herrn \u00c4rmel, der nunmehr unter\u00a0<a href=\"https:\/\/fotografieundtext.wordpress.com\" target=\"_blank\">Fotografie und Text<\/a>\u00a0firmiert oder\u00a0<a href=\"http:\/\/rotundschwarz-kd.blogspot.de\" target=\"_blank\">rotundschwarz<\/a>, empfehle ich euch diesmal f\u00fcr mich neuere Blogs. Da w\u00e4ren der\u00a0<a href=\"http:\/\/kiezneurotiker.blogspot.de\" target=\"_blank\">kiezneurotiker<\/a>, ans\u00e4ssig in Berlin, genauer in Prenzlauer Berg, der gegen die Idiotisierung, die Honks und Bionadekinder anbloggt. Auch wenn ich in Punkto Radfahrer g\u00e4nzlich anderer Ansicht bin, so ist dieser Blog f\u00fcr mich die Entdeckung des Jahres. Bissig, wohlformuliert und bitterkomisch das Ganze.<\/p>\n<p style=\"text-align: justify;\">In diesem Kontext bleiben wir in Berlin. Im Blog\u00a0<a href=\"http:\/\/kreuzbergsuedost.wordpress.com\" target=\"_blank\">kreuzberg sued-ost<\/a>\u00a0m\u00e4ndert die katastrophenchronistin struppig zwischen Berlin und Frankfurt umher und kratzt\u00a0munter an der Oberfl\u00e4chlichkeit des Daseins. Lesenswert.<\/p>\n<p style=\"text-align: justify;\">Und wenn wir dann schon in Frankfurt gelandet sind, dann empfehle ich euch noch einen Blick auf\u00a0<a href=\"http:\/\/waswegmuss.wordpress.com\" target=\"_blank\">was weg muss<\/a>. Hier sollte es eigentlich ums Essen gehen, hat sich aber nunmehr zwischen\u00a0Frankfurt und Frankfood eingependelt, bunt und unterhaltsam.<\/p>\n<p style=\"text-align: justify;\">Was hier bei mir generell viel zu kurz kommt, ist die regelm\u00e4\u00dfige Verlinkung zu Artikeln von anderen Blogs. Das ist wirklich ein Lapsus und soll fortan ge\u00e4ndert werden. Denn nur so k\u00f6nnen wir der \u00dcbermacht der gro\u00dfen Konzerne ein kleines Netzwerk rauer Gedanken entgegenstellen und durch den Input die soziale Netzwerkkacke aus den Hirnen sp\u00fclen, die einen im End doch hindert, zu leben, kreativ zu sein und sich zu wehren, gegen die, die unsere Tr\u00e4ume zu Geld gemacht haben und uns nun aus den Vierteln vertreiben, in denen wir wohnen.\u00a0Ich geb&#8217;s zu,\u00a0auch ich bin ein Gegner von SUVs, Industriegl\u00fchwein und von Urban Gardening, das etwas sch\u00f6ner machen will, was eigentlich zerst\u00f6rt geh\u00f6rt, damit die Natur nicht mehr in den H\u00e4nden von Veganern und Spekulanten liegt, sondern sich selbst \u00fcberlassen bleibt. Aber ich schweife ab &#8230;<\/p>\n","protected":false},"excerpt":{"rendered":"<p>Nachdem ich 2008 angefangen habe zu bloggen und seit September 2011 hier zu erreichen bin, ist eine Menge passiert. Allen voran der Aufstieg und Fall der sozialen Netzwerke, in denen jeder entweder Zweitverwertet oder aber v\u00f6lligen Mist in die Welt absondert &#8211; was sich nicht unbedingt ausschlie\u00dfen muss. Rar sind diejenigen, die interessante Dinge in [&hellip;]<\/p>\n","protected":false},"author":2,"featured_media":8577,"comment_status":"open","ping_status":"open","sticky":false,"template":"","format":"standard","meta":{"ngg_post_thumbnail":0,"footnotes":""},"categories":[1,12],"tags":[1626,130,1631,1629,1627,1630],"class_list":["post-8576","post","type-post","status-publish","format-standard","has-post-thumbnail","hentry","category-allgemein","category-wortwelt","tag-blogs","tag-facebook","tag-kiezneurotiker","tag-kreuzberg-sued-ost","tag-rant","tag-waswegmuss","post-preview"],"_links":{"self":[{"href":"https:\/\/www.beveswelt.de\/index.php?rest_route=\/wp\/v2\/posts\/8576","targetHints":{"allow":["GET"]}}],"collection":[{"href":"https:\/\/www.beveswelt.de\/index.php?rest_route=\/wp\/v2\/posts"}],"about":[{"href":"https:\/\/www.beveswelt.de\/index.php?rest_route=\/wp\/v2\/types\/post"}],"author":[{"embeddable":true,"href":"https:\/\/www.beveswelt.de\/index.php?rest_route=\/wp\/v2\/users\/2"}],"replies":[{"embeddable":true,"href":"https:\/\/www.beveswelt.de\/index.php?rest_route=%2Fwp%2Fv2%2Fcomments&post=8576"}],"version-history":[{"count":13,"href":"https:\/\/www.beveswelt.de\/index.php?rest_route=\/wp\/v2\/posts\/8576\/revisions"}],"predecessor-version":[{"id":8625,"href":"https:\/\/www.beveswelt.de\/index.php?rest_route=\/wp\/v2\/posts\/8576\/revisions\/8625"}],"wp:featuredmedia":[{"embeddable":true,"href":"https:\/\/www.beveswelt.de\/index.php?rest_route=\/wp\/v2\/media\/8577"}],"wp:attachment":[{"href":"https:\/\/www.beveswelt.de\/index.php?rest_route=%2Fwp%2Fv2%2Fmedia&parent=8576"}],"wp:term":[{"taxonomy":"category","embeddable":true,"href":"https:\/\/www.beveswelt.de\/index.php?rest_route=%2Fwp%2Fv2%2Fcategories&post=8576"},{"taxonomy":"post_tag","embeddable":true,"href":"https:\/\/www.beveswelt.de\/index.php?rest_route=%2Fwp%2Fv2%2Ftags&post=8576"}],"curies":[{"name":"wp","href":"https:\/\/api.w.org\/{rel}","templated":true}]}}