{"id":7722,"date":"2014-09-23T10:39:36","date_gmt":"2014-09-23T08:39:36","guid":{"rendered":"http:\/\/www.beveswelt.de\/?p=7722"},"modified":"2014-09-23T10:39:36","modified_gmt":"2014-09-23T08:39:36","slug":"liebes-wochenblatt","status":"publish","type":"post","link":"https:\/\/www.beveswelt.de\/?p=7722","title":{"rendered":"Liebes Wochenblatt &#8230;"},"content":{"rendered":"<p style=\"text-align: justify;\">&#8230; sch\u00f6n, dass der\/die Kollege(in) ms neulich im Museum der Eintracht vorbeigeschneit ist und \u00fcber den fantastischen Abend mit den <a href=\"http:\/\/www.beveswelt.de\/?p=7512\" target=\"_blank\">Pokalsiegern von 1974<\/a> berichtet hat. Das wei\u00df ich allerdings erst, seit mir ein Freund die schon ein paar Tage alte Ausgabe gestern zeigte.<\/p>\n<p style=\"text-align: justify;\"><!--more--><\/p>\n<p style=\"text-align: justify;\">Leider ist ein kleiner Fehler untergekommen. Der Moderator des Abends hie\u00df nicht Axel Bewerunge-Hofmann. Er hei\u00dft Axel Hoffmann &#8211; und sein Spitzname ist Beverungen, kurz Beve. Das muss man nicht wissen. \u00dcbrigens war der Name Beverungen Thema am Abend, stand doch in der Pokalsiegertruppe ein Spieler namens Klaus Beverungen, wovon sich auch der Spitzname ableitet. Auch das muss man nicht wissen. Wobei ich da nicht weiter nachtragend bin, Fehler passieren. Sonst war der Bericht echt klasse.<\/p>\n<p style=\"text-align: justify;\">Bei der Gelegenheit kann ich noch ganz kurz mitteilen, dass der Abteilungsleiter der Fan- und F\u00f6rderabteilung nicht Stefan Unger sondern Stefan Ung\u00e4nz hei\u00dft. Stefan steht nicht so oft in der \u00d6ffentlichkeit und ist eher zur\u00fcckhaltend, von daher kann es passieren, dass der Name nicht jedem bekannt ist. Ansonsten war der Bericht wirklich super.<\/p>\n<p style=\"text-align: justify;\">Bis vielleicht auf die Kleinigkeit, dass Wolfgang Kraus niemals Torh\u00fcter der Eintracht war und er auch nicht \u00fcber Grabenk\u00e4mpfe im Vorstand gesprochen hat. Der Torh\u00fcter hie\u00df Dr. Peter Kunter. Aber das kann mal vorkommen, beide Nachnamen fangen mit K an und bei so vielen Spielern kann man durcheinander kommen, Schwamm dr\u00fcber. War ansonsten echt toll.<\/p>\n<p style=\"text-align: justify;\">Achso, eins noch: Peter Reichel kam nicht 1950 nach Frankfurt, da war der Gute noch gar nicht geboren. Ich meine, wir von der Eintracht k\u00f6nnen ja viel &#8211; aber das w\u00e4re echt der Hammer.\u00a0 In Wirklichkeit kam Peter Reichel 1970 zur Eintracht, ich schreibe das jetzt mal so ins Internet, falls jemand mal recherchieren m\u00f6chte. Trotzdem war der Bericht prima, fast so als w\u00e4re man dabei gewesen.<\/p>\n<p style=\"text-align: justify;\">Nur falls es interessiert h\u00e4tte ich noch eine klitzekleine Anmerkung. Der Elfmeter im Halbfinale, der die Eintracht letztlich ins Endspiel gebracht hatte, der wurde nicht von Bernd H\u00f6lzenbein geschossen. Das war J\u00fcrgen Kalb, der die Geschichte an jenem Abend ja auch erz\u00e4hlt hat. Aber dies sind alles nur Randnotizen im gro\u00dfen Weltgeschehen, wir sind da nicht kleinlich. War sonst echt ein knorke Artikel \u00fcber den Abend.<\/p>\n<p style=\"text-align: justify;\">Obwohl: Wir haben gar nicht<em> immer wieder<\/em> zwischendurch Torsituationen von allen Pokalspielen der Saison gezeigt. Auch nicht vom 8:1 gegen Tennis Borussia. In einer einzigen Sequenz zeigten wir Bilder ausschlie\u00dflich vom Finale. Die einen waren Frankfurter, die anderen Hamburger. Ausschlie\u00dflich.<\/p>\n<p style=\"text-align: justify;\">Aber sonst war alles richtig.<\/p>\n<p style=\"text-align: justify;\"><a href=\"http:\/\/www.beveswelt.de\/?attachment_id=7729\" rel=\"attachment wp-att-7729\"><img decoding=\"async\" class=\"aligncenter size-full wp-image-7729\" src=\"http:\/\/www.beveswelt.de\/wp-content\/uploads\/2014\/09\/WB_3_w.jpg\" alt=\"WB_3_w\" width=\"600\" height=\"647\" srcset=\"https:\/\/www.beveswelt.de\/wp-content\/uploads\/2014\/09\/WB_3_w.jpg 600w, https:\/\/www.beveswelt.de\/wp-content\/uploads\/2014\/09\/WB_3_w-278x300.jpg 278w, https:\/\/www.beveswelt.de\/wp-content\/uploads\/2014\/09\/WB_3_w-556x600.jpg 556w\" sizes=\"(max-width: 600px) 100vw, 600px\" \/><\/a><\/p>\n","protected":false},"excerpt":{"rendered":"<p>&#8230; sch\u00f6n, dass der\/die Kollege(in) ms neulich im Museum der Eintracht vorbeigeschneit ist und \u00fcber den fantastischen Abend mit den Pokalsiegern von 1974 berichtet hat. Das wei\u00df ich allerdings erst, seit mir ein Freund die schon ein paar Tage alte Ausgabe gestern zeigte.<\/p>\n","protected":false},"author":2,"featured_media":7723,"comment_status":"open","ping_status":"open","sticky":false,"template":"","format":"standard","meta":{"ngg_post_thumbnail":0,"footnotes":""},"categories":[9],"tags":[1550,1551],"class_list":["post-7722","post","type-post","status-publish","format-standard","has-post-thumbnail","hentry","category-eintracht-frankfurt","tag-pokalsieger-1974","tag-wochenblatt","post-preview"],"_links":{"self":[{"href":"https:\/\/www.beveswelt.de\/index.php?rest_route=\/wp\/v2\/posts\/7722","targetHints":{"allow":["GET"]}}],"collection":[{"href":"https:\/\/www.beveswelt.de\/index.php?rest_route=\/wp\/v2\/posts"}],"about":[{"href":"https:\/\/www.beveswelt.de\/index.php?rest_route=\/wp\/v2\/types\/post"}],"author":[{"embeddable":true,"href":"https:\/\/www.beveswelt.de\/index.php?rest_route=\/wp\/v2\/users\/2"}],"replies":[{"embeddable":true,"href":"https:\/\/www.beveswelt.de\/index.php?rest_route=%2Fwp%2Fv2%2Fcomments&post=7722"}],"version-history":[{"count":7,"href":"https:\/\/www.beveswelt.de\/index.php?rest_route=\/wp\/v2\/posts\/7722\/revisions"}],"predecessor-version":[{"id":7731,"href":"https:\/\/www.beveswelt.de\/index.php?rest_route=\/wp\/v2\/posts\/7722\/revisions\/7731"}],"wp:featuredmedia":[{"embeddable":true,"href":"https:\/\/www.beveswelt.de\/index.php?rest_route=\/wp\/v2\/media\/7723"}],"wp:attachment":[{"href":"https:\/\/www.beveswelt.de\/index.php?rest_route=%2Fwp%2Fv2%2Fmedia&parent=7722"}],"wp:term":[{"taxonomy":"category","embeddable":true,"href":"https:\/\/www.beveswelt.de\/index.php?rest_route=%2Fwp%2Fv2%2Fcategories&post=7722"},{"taxonomy":"post_tag","embeddable":true,"href":"https:\/\/www.beveswelt.de\/index.php?rest_route=%2Fwp%2Fv2%2Ftags&post=7722"}],"curies":[{"name":"wp","href":"https:\/\/api.w.org\/{rel}","templated":true}]}}