{"id":7636,"date":"2014-09-15T10:26:36","date_gmt":"2014-09-15T08:26:36","guid":{"rendered":"http:\/\/www.beveswelt.de\/?p=7636"},"modified":"2014-09-15T18:28:20","modified_gmt":"2014-09-15T16:28:20","slug":"uli-borowka-die-axt","status":"publish","type":"post","link":"https:\/\/www.beveswelt.de\/?p=7636","title":{"rendered":"Uli Borowka &#8211; Die Axt"},"content":{"rendered":"<p style=\"text-align: justify;\">Es war ein hochinteressanter Abend im Eintracht Museum. Zu Gast war <a href=\"http:\/\/www.uli-borowka.de\/\" target=\"_blank\">Uli Borowka<\/a>, der im Rahmen der Reihe <strong>Die Macht des Sports<\/strong> nicht nur aus seinem Buch &#8222;Volle Pulle&#8220; vorlas, sondern im Gespr\u00e4ch mit Jan Christian M\u00fcller von der FR Details aus seinem bewegten Leben verriet. Zuvor hatten beide an einem Workshop zur Suchtpr\u00e4vention teilgenommen.<\/p>\n<p style=\"text-align: justify;\"><!--more--><\/p>\n<p style=\"text-align: justify;\">Und im Museum ging es nat\u00fcrlich auch um die Eintracht. Im vorletzten Spiel der Saison 91\/92 trat die SGE zu Hause gegen Werder Bremen an. Diese hatten wenige Tage zuvor im Stadion des Lichts in Lissabon gegen den AS Monaco den Europapokal der Pokalsieger gewinnen k\u00f6nnen und daraufhin m\u00e4chtig gefeiert. Ein Sieg der Eintracht h\u00e4tte die Meisterschaft bedeuten k\u00f6nnen, h\u00e4tten die Dortmunder und der VfB ihre Spiele verloren, die erste seit 1959. Und Werder war bereit mitzuspielen: &#8222;Wir \u00fcberlegten uns wer Meister werden k\u00f6nnte. Dortmund? Die mochten wir nicht. Stuttgart? Die mochten wir auch nicht. Die Eintracht? Ok, und wenn sie feiern, gibt es wohl auch etwas f\u00fcr uns zu trinken.&#8220;<\/p>\n<p style=\"text-align: justify;\">Laut Borowka hatten die Spieler der Eintracht schon vor Anpfiff m\u00e4chtig Bammel vor dem Spiel, Werder lies es jedoch gem\u00e4chlich angehen. Doch als die Eintracht begann, \u00fcberhart zu spielen, reagierte die Truppe von Otto Rehhagel und hielt dagegen. Und so kam es, dass Werder die fr\u00fche F\u00fchrung der Eintracht in der zweiten Halbzeit noch drehen konnte. Erst Yeboah stellte in der 82. Minute den Ausgleich her. Borowka meinte, dass er mit voller Absicht noch einen Frankfurter im Strafraum umgetreten h\u00e4tte &#8211; und dass er der einzige gewesen sei, der vehement Elfmeter gefordert h\u00e4tte. Doch die Pfeife des Schiedsrichters Lothar L\u00f6we aus Unna blieb stumm. (Dass es von Unna nach Dortmund nur ein Katzensprung ist, sei nur am Rande erw\u00e4hnt.)<\/p>\n<p style=\"text-align: justify;\">Begonnen hatte der Abend mit einer kurzen Lesung Borowkas aus seinem Buch <strong>Volle Pulle<\/strong>, der erste Text endete mit den Worten: <em>Mein Name ist Uli Borowka und ich werde mir jetzt das Leben nehmen.<\/em><\/p>\n<p style=\"text-align: justify;\">Es war starker Tobak, den Borowka aus seinem Leben servierte, und wenn auch viele Details schon aus diversen Auftritten in Talkshows bekannt waren, der totale Absturz in die Alkoholabh\u00e4ngigkeit, der Verlust von Familie und Geld, so herrschte im Museum doch eine hochinteressierte Aufmerksamkeit: Hier ging es zur Sache. Jan Christian M\u00fcller tat das Seinige dazu, fragte behutsam nach und hielt sich weitestgehend im Hintergrund, was der Veranstaltung gut zu Gesicht stand.<\/p>\n<p style=\"text-align: justify;\">Wom\u00f6glich war es die au\u00dfergew\u00f6hnliche Konstitution Borowkas, sowohl mentaler als auch physischer Art, die ihm nicht nur das Leben gerettet hat, sondern ihn nunmehr seit 14 Jahren vor dem Alkohol bewahrt. Trotz etlicher Abst\u00fcrze gab er im Training und im Spiel alles &#8211; und wenn er es einmal nicht zum Training geschafft hatte, wurde er von Trainer Rehhagel gesch\u00fctzt, die Presse mit &#8222;Borowka hat eine <del>Muskelfaserriss <\/del>Magen-Darm-Grippe&#8220; beruhigt. Co-Abh\u00e4ngigkeit bezeichnet es &#8222;Die Axt&#8220; wie Borowka aufgrund seiner rustikalen Spielweise genannt wurde heute, falscher Schutz, der nichts an der Problematik \u00e4ndert.<\/p>\n<p style=\"text-align: justify;\">Vier Jahre nach dem Europapokalsieg war Borowka am Ende, seine Frau Carmen hatte ihn mit den Kindern verlassen, der einstige Reichtum war versoffen, ein Kasten Bier am Tag dazu Whiskey und Magenbitter die t\u00e4gliche Dosis. Und dennoch dauerte es weitere vier Jahre, bis ihm Freunde aus Gladbacher Zeiten einen Therapieplatz beschafften. 12 Kilometer war Borowka gelaufen, zahnlos, voll, um mit Christian Hochst\u00e4tter einen Kaffee zu trinken &#8211; und dieser war es auch, der ihn nicht mehr sch\u00fctzte. Am Vorabend der Therapie sch\u00fcttete sich Borowka alles in sich hinein, was an Alkohol vorhanden war. Die folgende Untersuchung brachte nicht nur 0,0 Promille, sondern auch moderate Leberwerte &#8211; noch glaubte der einstige Gladbacher und Bremer, er habe hier nichts verloren<\/p>\n<p style=\"text-align: justify;\">Borowka ist nicht der einzige Profi, der sich sehenden Auges in den Abgrund soff, Helmut Rahn, Gerd M\u00fcller, Paul Gascoigne oder Tony Adams sind nur die Speerspitze. 19% aller aktiven Fu\u00dfballer und \u00fcber 30% ehemaliger h\u00e4tten ein Suchtproblem; Medikamente, Alkohol, Spielsucht &#8211; und dennoch scheint dies Thema weder in den Vereinen noch in den Verb\u00e4nden eine gro\u00dfe Rolle zu spielen. W\u00e4hrend jedoch der 86fache Nationalspieler und trockene Alkoholiker <a href=\"http:\/\/de.wikipedia.org\/wiki\/Tony_Adams\" target=\"_blank\">Tony Adams<\/a> in England f\u00fcr sein Projekt die <i>Sporting Chance Clinic <\/i>gro\u00dfe Unterst\u00fctzung erf\u00e4hrt, so zeigt man sich beim DFB eher desinteressiert. Nicht zuletzt deshalb ist der sechsfache Nationalspieler Borowka aus dem Club der Nationalspieler ausgetreten.<\/p>\n<p style=\"text-align: justify;\">Als Borowka seine station\u00e4re Therapie beendet hatte, bewarb er sich bei 20 Clubs als Jugendtrainer &#8211; und wurde von allen abgelehnt, zu gro\u00df die Angst vor R\u00fcckf\u00e4lligkeit, vor Problemen. Wieviele aktive Trainer ein mehr oder weniger bekanntes Suchtproblem haben, ist nicht bekannt.<\/p>\n<p style=\"text-align: justify;\">Borowka hat 2013 den Suchtpr\u00e4vention und Suchthilfe e.V. gegr\u00fcndet, Fu\u00dfballer aus allen Ligen h\u00e4tten sich bei ihm gemeldet. Nun hat Franz Beckenbauer angeregt, einen Sozialfonds f\u00fcr in Not geratene ehemalige Fu\u00dfballer zu gr\u00fcnden. Wer wei\u00df, vielleicht findet die &#8222;Lichtgestalt&#8220; mehr Geh\u00f6r als Borowka, der sogar noch drei Trikots von Maradona im Keller hat. Das DFB-Museum wird vergeblich darauf warten.<\/p>\n<p style=\"text-align: justify;\"><!-- default-view.php -->\n<div\n\tclass=\"ngg-galleryoverview default-view\n\t ngg-ajax-pagination-none\t\"\n\tid=\"ngg-gallery-754bbb878acc29be33ec636580156919-1\"\n\tdata-gallery-id=\"217\">\n\n\t\t<!-- Thumbnails -->\n\t\t\t\t<div id=\"ngg-image-0\" class=\"ngg-gallery-thumbnail-box\n\t\t\t\t\t\t\t\tngg-3-columns\t\t\t\"\n\t\t\t>\n\t\t\t\t\t\t<div class=\"ngg-gallery-thumbnail\">\n\t\t\t<a href=\"https:\/\/www.beveswelt.de\/wp-content\/gallery\/2014_09_bor\/01_b.jpg\"\n\t\t\t\ttitle=\"\"\n\t\t\t\tdata-src=\"https:\/\/www.beveswelt.de\/wp-content\/gallery\/2014_09_bor\/01_b.jpg\"\n\t\t\t\tdata-thumbnail=\"https:\/\/www.beveswelt.de\/wp-content\/gallery\/2014_09_bor\/thumbs\/thumbs_01_b.jpg\"\n\t\t\t\tdata-image-id=\"1888\"\n\t\t\t\tdata-title=\"01_b\"\n\t\t\t\tdata-description=\"\"\n\t\t\t\tdata-image-slug=\"01_b-1\"\n\t\t\t\t\t\t\t\t\t\t\t\t\t\t\t\t\t\t\t\tclass=\"ngg-fancybox\" rel=\"754bbb878acc29be33ec636580156919\">\n\t\t\t\t\t\t\t\t<img\n\t\t\t\t\ttitle=\"01_b\"\n\t\t\t\t\talt=\"01_b\"\n\t\t\t\t\tsrc=\"https:\/\/www.beveswelt.de\/wp-content\/gallery\/2014_09_bor\/thumbs\/thumbs_01_b.jpg\"\n\t\t\t\t\twidth=\"150\"\n\t\t\t\t\theight=\"150\"\n\t\t\t\t\tstyle=\"max-width:100%;\"\n\t\t\t\t\/>\n\t\t\t<\/a>\n\t\t<\/div>\n\t\t\t\t\t\t\t<\/div>\n\t\t\t\n\t\t\t\t<div id=\"ngg-image-1\" class=\"ngg-gallery-thumbnail-box\n\t\t\t\t\t\t\t\tngg-3-columns\t\t\t\"\n\t\t\t>\n\t\t\t\t\t\t<div class=\"ngg-gallery-thumbnail\">\n\t\t\t<a href=\"https:\/\/www.beveswelt.de\/wp-content\/gallery\/2014_09_bor\/02_b.jpg\"\n\t\t\t\ttitle=\"\"\n\t\t\t\tdata-src=\"https:\/\/www.beveswelt.de\/wp-content\/gallery\/2014_09_bor\/02_b.jpg\"\n\t\t\t\tdata-thumbnail=\"https:\/\/www.beveswelt.de\/wp-content\/gallery\/2014_09_bor\/thumbs\/thumbs_02_b.jpg\"\n\t\t\t\tdata-image-id=\"1886\"\n\t\t\t\tdata-title=\"02_b\"\n\t\t\t\tdata-description=\"\"\n\t\t\t\tdata-image-slug=\"02_b-1\"\n\t\t\t\t\t\t\t\t\t\t\t\t\t\t\t\t\t\t\t\tclass=\"ngg-fancybox\" rel=\"754bbb878acc29be33ec636580156919\">\n\t\t\t\t\t\t\t\t<img\n\t\t\t\t\ttitle=\"02_b\"\n\t\t\t\t\talt=\"02_b\"\n\t\t\t\t\tsrc=\"https:\/\/www.beveswelt.de\/wp-content\/gallery\/2014_09_bor\/thumbs\/thumbs_02_b.jpg\"\n\t\t\t\t\twidth=\"150\"\n\t\t\t\t\theight=\"150\"\n\t\t\t\t\tstyle=\"max-width:100%;\"\n\t\t\t\t\/>\n\t\t\t<\/a>\n\t\t<\/div>\n\t\t\t\t\t\t\t<\/div>\n\t\t\t\n\t\t\t\t<div id=\"ngg-image-2\" class=\"ngg-gallery-thumbnail-box\n\t\t\t\t\t\t\t\tngg-3-columns\t\t\t\"\n\t\t\t>\n\t\t\t\t\t\t<div class=\"ngg-gallery-thumbnail\">\n\t\t\t<a href=\"https:\/\/www.beveswelt.de\/wp-content\/gallery\/2014_09_bor\/03_b.jpg\"\n\t\t\t\ttitle=\"\"\n\t\t\t\tdata-src=\"https:\/\/www.beveswelt.de\/wp-content\/gallery\/2014_09_bor\/03_b.jpg\"\n\t\t\t\tdata-thumbnail=\"https:\/\/www.beveswelt.de\/wp-content\/gallery\/2014_09_bor\/thumbs\/thumbs_03_b.jpg\"\n\t\t\t\tdata-image-id=\"1887\"\n\t\t\t\tdata-title=\"03_b\"\n\t\t\t\tdata-description=\"\"\n\t\t\t\tdata-image-slug=\"03_b-1\"\n\t\t\t\t\t\t\t\t\t\t\t\t\t\t\t\t\t\t\t\tclass=\"ngg-fancybox\" rel=\"754bbb878acc29be33ec636580156919\">\n\t\t\t\t\t\t\t\t<img\n\t\t\t\t\ttitle=\"03_b\"\n\t\t\t\t\talt=\"03_b\"\n\t\t\t\t\tsrc=\"https:\/\/www.beveswelt.de\/wp-content\/gallery\/2014_09_bor\/thumbs\/thumbs_03_b.jpg\"\n\t\t\t\t\twidth=\"150\"\n\t\t\t\t\theight=\"150\"\n\t\t\t\t\tstyle=\"max-width:100%;\"\n\t\t\t\t\/>\n\t\t\t<\/a>\n\t\t<\/div>\n\t\t\t\t\t\t\t<\/div>\n\t\t\t\n\t\n\t<br style=\"clear: both\" \/>\n\n\t\n\t\t<div class=\"ngg-clear\"><\/div>\n\t<\/div>\n<\/p>\n","protected":false},"excerpt":{"rendered":"<p>Es war ein hochinteressanter Abend im Eintracht Museum. Zu Gast war Uli Borowka, der im Rahmen der Reihe Die Macht des Sports nicht nur aus seinem Buch &#8222;Volle Pulle&#8220; vorlas, sondern im Gespr\u00e4ch mit Jan Christian M\u00fcller von der FR Details aus seinem bewegten Leben verriet. Zuvor hatten beide an einem Workshop zur Suchtpr\u00e4vention teilgenommen.<\/p>\n","protected":false},"author":2,"featured_media":7638,"comment_status":"open","ping_status":"open","sticky":false,"template":"","format":"standard","meta":{"ngg_post_thumbnail":0,"footnotes":""},"categories":[1,9],"tags":[109,256,1539],"class_list":["post-7636","post","type-post","status-publish","format-standard","has-post-thumbnail","hentry","category-allgemein","category-eintracht-frankfurt","tag-eintracht-frankfurt-museum","tag-jan-christian-muller","tag-uli-borowka","post-preview"],"_links":{"self":[{"href":"https:\/\/www.beveswelt.de\/index.php?rest_route=\/wp\/v2\/posts\/7636","targetHints":{"allow":["GET"]}}],"collection":[{"href":"https:\/\/www.beveswelt.de\/index.php?rest_route=\/wp\/v2\/posts"}],"about":[{"href":"https:\/\/www.beveswelt.de\/index.php?rest_route=\/wp\/v2\/types\/post"}],"author":[{"embeddable":true,"href":"https:\/\/www.beveswelt.de\/index.php?rest_route=\/wp\/v2\/users\/2"}],"replies":[{"embeddable":true,"href":"https:\/\/www.beveswelt.de\/index.php?rest_route=%2Fwp%2Fv2%2Fcomments&post=7636"}],"version-history":[{"count":10,"href":"https:\/\/www.beveswelt.de\/index.php?rest_route=\/wp\/v2\/posts\/7636\/revisions"}],"predecessor-version":[{"id":7656,"href":"https:\/\/www.beveswelt.de\/index.php?rest_route=\/wp\/v2\/posts\/7636\/revisions\/7656"}],"wp:featuredmedia":[{"embeddable":true,"href":"https:\/\/www.beveswelt.de\/index.php?rest_route=\/wp\/v2\/media\/7638"}],"wp:attachment":[{"href":"https:\/\/www.beveswelt.de\/index.php?rest_route=%2Fwp%2Fv2%2Fmedia&parent=7636"}],"wp:term":[{"taxonomy":"category","embeddable":true,"href":"https:\/\/www.beveswelt.de\/index.php?rest_route=%2Fwp%2Fv2%2Fcategories&post=7636"},{"taxonomy":"post_tag","embeddable":true,"href":"https:\/\/www.beveswelt.de\/index.php?rest_route=%2Fwp%2Fv2%2Ftags&post=7636"}],"curies":[{"name":"wp","href":"https:\/\/api.w.org\/{rel}","templated":true}]}}