{"id":7509,"date":"2014-08-26T11:40:00","date_gmt":"2014-08-26T09:40:00","guid":{"rendered":"http:\/\/www.beveswelt.de\/?p=7509"},"modified":"2014-08-26T11:40:00","modified_gmt":"2014-08-26T09:40:00","slug":"tradition-zum-anfassen-pokalsieg-1-0","status":"publish","type":"post","link":"https:\/\/www.beveswelt.de\/?p=7509","title":{"rendered":"Tradition zum Anfassen: Pokalsieg 1.0"},"content":{"rendered":"<p style=\"text-align: justify;\"><strong>G\u00e4ste: Dr. Peter Kunter, J\u00fcrgen Kalb, Wolfgang Kraus, Peter Reichel, Dietrich Weise u.a. <\/strong><\/p>\n<p style=\"text-align: justify;\">\u00a0<!--more--><\/p>\n<p style=\"text-align: justify;\">Vor 40 Jahren, am 17. August 1974, gewann unsere Eintracht zum ersten Mal den DFB-Pokal. In D\u00fcsseldorf besiegte die von Dietrich Weise trainierte Elf den Hamburger Sportverein nach Verl\u00e4ngerung mit 3:1. Vierzig Jahre nach dem gro\u00dfen Erfolg bringen das Eintracht Frankfurt Museum und die Fan- und F\u00f6rderabteilung zahlreiche Akteure von 1974 wieder zusammen.<\/p>\n<p style=\"text-align: justify;\">\u00a0Gutes Omen? \u00c4hnlich wie 2014 startete die Pokalsaison 1973\/74 f\u00fcr die Eintracht in Berlin. Im Olympiastadion siegte die Mannschaft vor handverlesenen 1.500 Zuschauern mit 8:1 gegen Tennis-Borussia Berlin. Das Auftaktspiel sollte aber der einzig entspannte Auftritt der Pokalsaison bleiben. Schon das Achtelfinale war schwieriger:\u00a0 Erst in der 91. Minute sorgte Thomas Parits mit seinem Treffer zum 3:2 bei Hessen Kassel f\u00fcr die Entscheidung. Auch im Viertelfinale tat sich die Eintracht schwer: In einer hochklassigen Partie gegen den 1. FC K\u00f6ln gelang der Siegtreffer durch Bernd H\u00f6lzenbein erst in der zweiten Halbzeit der Verl\u00e4ngerung. Und dann folgte ein Halbfinale, an das sich jeder Eintrachtler gerne erinnert. 62.000 Fans bejubelten einen Sieg gegen den FC Bayern M\u00fcnchen, das 3:2 per Elfmeter von J\u00fcrgen Kalb fiel einmal mehr erst in der letzten Minute.<\/p>\n<p style=\"text-align: justify;\">Im Finale in D\u00fcsseldorf, das wegen der Weltmeisterschaft in Deutschland eine Woche vor dem Saisonstart stattfand, musste die Eintracht gegen den Hamburger Sportverein in die Verl\u00e4ngerung. In der offiziellen Spielzeit hatte Gert Trinklein f\u00fcr die F\u00fchrung gesorgt, doch Bj\u00f6rnmose konnte ausgleichen. In der Verl\u00e4ngerung waren es dann Bernd H\u00f6lzenbein und Wolfgang Kraus, die den ersten Pokalsieg der Eintracht unter Dach und Fach brachten.<\/p>\n<p style=\"text-align: justify;\">\u00a0Am 28. August 2014 freuen wir uns auf zahlreiche Spieler der Endspielmannschaft von 1974, die die spannende Pokalsaison im Gespr\u00e4ch mit Axel \u201eBeve\u201c Hoffmann noch einmal in Erinnerung rufen. Wir gehen davon aus, dass wir mit unseren tollen G\u00e4sten auch in die Verl\u00e4ngerung m\u00fcssen!<\/p>\n<p style=\"text-align: justify;\">\n<p style=\"text-align: justify;\"><strong>Start:<\/strong> Donnerstag, 28. August 2014 , 19.30 Uhr im Eintracht Frankfurt Museum<\/p>\n<p style=\"text-align: justify;\">Eintritt 5,00 Euro, erm. 3,50 Euro<\/p>\n","protected":false},"excerpt":{"rendered":"<p>G\u00e4ste: Dr. Peter Kunter, J\u00fcrgen Kalb, Wolfgang Kraus, Peter Reichel, Dietrich Weise u.a. \u00a0<\/p>\n","protected":false},"author":2,"featured_media":7510,"comment_status":"open","ping_status":"open","sticky":false,"template":"","format":"standard","meta":{"ngg_post_thumbnail":0,"footnotes":""},"categories":[9],"tags":[1525,109,718,653],"class_list":["post-7509","post","type-post","status-publish","format-standard","has-post-thumbnail","hentry","category-eintracht-frankfurt","tag-1525","tag-eintracht-frankfurt-museum","tag-pokalsieg","tag-tza","post-preview"],"_links":{"self":[{"href":"https:\/\/www.beveswelt.de\/index.php?rest_route=\/wp\/v2\/posts\/7509","targetHints":{"allow":["GET"]}}],"collection":[{"href":"https:\/\/www.beveswelt.de\/index.php?rest_route=\/wp\/v2\/posts"}],"about":[{"href":"https:\/\/www.beveswelt.de\/index.php?rest_route=\/wp\/v2\/types\/post"}],"author":[{"embeddable":true,"href":"https:\/\/www.beveswelt.de\/index.php?rest_route=\/wp\/v2\/users\/2"}],"replies":[{"embeddable":true,"href":"https:\/\/www.beveswelt.de\/index.php?rest_route=%2Fwp%2Fv2%2Fcomments&post=7509"}],"version-history":[{"count":1,"href":"https:\/\/www.beveswelt.de\/index.php?rest_route=\/wp\/v2\/posts\/7509\/revisions"}],"predecessor-version":[{"id":7511,"href":"https:\/\/www.beveswelt.de\/index.php?rest_route=\/wp\/v2\/posts\/7509\/revisions\/7511"}],"wp:featuredmedia":[{"embeddable":true,"href":"https:\/\/www.beveswelt.de\/index.php?rest_route=\/wp\/v2\/media\/7510"}],"wp:attachment":[{"href":"https:\/\/www.beveswelt.de\/index.php?rest_route=%2Fwp%2Fv2%2Fmedia&parent=7509"}],"wp:term":[{"taxonomy":"category","embeddable":true,"href":"https:\/\/www.beveswelt.de\/index.php?rest_route=%2Fwp%2Fv2%2Fcategories&post=7509"},{"taxonomy":"post_tag","embeddable":true,"href":"https:\/\/www.beveswelt.de\/index.php?rest_route=%2Fwp%2Fv2%2Ftags&post=7509"}],"curies":[{"name":"wp","href":"https:\/\/api.w.org\/{rel}","templated":true}]}}