{"id":7405,"date":"2014-07-21T11:05:44","date_gmt":"2014-07-21T09:05:44","guid":{"rendered":"http:\/\/www.beveswelt.de\/?p=7405"},"modified":"2014-07-21T11:16:36","modified_gmt":"2014-07-21T09:16:36","slug":"sommer-aus-miniaturwelten","status":"publish","type":"post","link":"https:\/\/www.beveswelt.de\/?p=7405","title":{"rendered":"Sommer aus Miniaturwelten"},"content":{"rendered":"<p style=\"text-align: justify;\">Manchmal bin ich aber auch ein Schussel. So fahren wir nach Dreieich zu einem Konzert der fabelhaften Welt der Anna Depenbusch &#8211; und was bleibt zuhause? Meine Kamera. Und da mein mobiles Telefon zum fotografieren nicht taugt, muss zum Zwecke des Eingangsbildes ein Umweg helfen. Pia schenkte mir eine gekaufte Postkarte, die ich wiederum scannte und nun hier in Ausschnitten pr\u00e4sentiere. <!--more--><\/p>\n<p style=\"text-align: justify;\">Wie gesagt, im Eingangsbild, welches nur auf der Startseite ersichtlich ist. Die Quellenangabe liefere ich selbstverst\u00e4ndlich sofort nach: Quelle: Internet. So ist es h\u00e4ufig in hochseri\u00f6sen Medien zu lesen. Der Urheber des Bildes jedoch ist <a href=\"http:\/\/www.frank-kunert.de\/\" target=\"_blank\">Frank Kunert<\/a>, dessen erneut: <em>fabelhaften <\/em>Miniaturwelten im Dreieichenhainer Dreieich-Museum derzeit zu sehen sind. Betitelt ist die Ausstellung v\u00f6llig zurecht mit &#8222;Wunderland&#8220;.<\/p>\n<p style=\"text-align: justify;\">Dass wir dort gelandet sind, ist eigentlich ein gro\u00dfer Zufall, obgleich ich die Miniaturwelten Kunerts schon vor einiger Zeit im Netz entdeckt und die rechte Augenbraue voll Anerkennung nach oben gelupft hatte, f\u00fcr einen Frankfurter ist dies die h\u00f6chste Form der Anerkennung. Und da wir recht fr\u00fch in Dreieich gelandet waren, nutzten wir die Zeit nicht nur f\u00fcr einen Spaziergang durch die Altstadt und die Burg Hayn, sondern warfen, animiert durch ein Austellungsplakat, einen Blick ins hiesige Museum.<\/p>\n<p style=\"text-align: justify;\"><a href=\"http:\/\/www.frank-kunert.de\/de\/galerie\/\" target=\"_blank\">Kunerts Bilder<\/a> sind in der Regel Ergebnisse eines l\u00e4ngeren Prozesses, der nicht sofort ins Auge springt, zur Veranschaulichung borge ich mir noch schnell ein Bild aus der Homepage des K\u00fcnstlers aus.<\/p>\n<p style=\"text-align: justify;\"><a href=\"http:\/\/www.beveswelt.de\/?attachment_id=7406\" rel=\"attachment wp-att-7406\"><img decoding=\"async\" class=\"aligncenter size-full wp-image-7406\" alt=\"gal_f59_w\" src=\"http:\/\/www.beveswelt.de\/wp-content\/uploads\/2014\/07\/gal_f59_w.jpg\" width=\"200\" height=\"254\" \/><\/a><\/p>\n<p style=\"text-align: justify;\">Wir sehen einen Sprungturm, welcher in ein Apfelweinglas m\u00fcndet, garniert von einem Picknickgedeck im Gr\u00fcnen. Dass es sich dabei um keine Fotomontage handelt, f\u00e4llt erst beim zweiten Blick auf. Im Grunde handelt es sich hierbei um eine handgemachte Minikulisse, einzig das Glas scheint real. Viele der Bilder bestehen aus reinen Modellbaukulisssen, die sch\u00f6n beleuchtet fotografiert werden. Und irgendetwas stimmt nicht, obgleich alles real scheint. Doch m\u00fcndet der Abwasserkanal einer Toilette im oberen Stockwerk direkt in einen TV im Erdgeschoss, in einem anderen Bild verwandelt sich eine Kirche dezent in ein Parkhaus, das Licht am Ende des Tunnels ist eine Kneipe oder ein Grabstein beherbergt einen Briefkasten. Liebevoll die Details, die winzigen Speisekarten auf einer Tafel, das Schild der Fleischerinnung, die Kinderrutsche, die in einem Tigerk\u00e4fig landet. Absurde Melancholie gepaart mit einer Reise in die Kindheit, in welche uns die Minikulissen beispielsweise einer Eisenbahnlandschaft tr\u00e4umen lie\u00dfen.<\/p>\n<p style=\"text-align: justify;\">Sogar einige der Kulissen sind ausgestellt und verdeutlichen die Arbeitsweise Kunerts, der etliche Buchtitel aber auch Webung gestaltet hat. Die Ausstellung ist sehenswert und sogar kostenlos. Sie ist im Dreieich Museum vom\u00a0 18. Mai &#8211; 05. Oktober 2014 zu sehen<em><\/em><strong><em>, <\/em><\/strong>jeweils\u00a0 Samstag 14-18 Uhr und Sonntag\u00a0 11-18 Uhr. Wer w\u00e4hrend einer Auff\u00fchrung im Rahmen der Burgfestspiele vor Ort ist, hat die M\u00f6glichkeit an jenen Tagen vor Veranstaltungsbeginn dort vorbei zu schauen. Oder noch besser: Rein.<\/p>\n<p style=\"text-align: justify;\">Kurz vor Konzertbeginn kamen sie, der Kid, die Dagi samt Frau Mama und der Regen. Und wir hatten Gl\u00fcck, unsere P\u00e4tze waren \u00fcberdacht w\u00e4hrend die ersten Reihen eingeh\u00fcllt in Regencapes auf Anna Depenbusch warteten. Und dann kam sie, wie neulich in Bensheim mit Zopf, wei\u00dfer Bluse, rotem G\u00fcrtel und schwarzem Rock samt roten, hohen Schuhen. Nat\u00fcrlich, der Sommer aus Papier, nun im Regen. f\u00fcnfunvierzig zauberhafte Minuten, Pause, Umzug, f\u00fcnfunvierzig zauberhafte Minuten, Zugabe, Ende.<\/p>\n<p style=\"text-align: justify;\">Wir fuhren mit dem Tretboot nach Hawaii, lauschten dem Kommando Untergang und erfuhren, was es mit dem Engel auf dem Handgelenk auf sich hat &#8211; wobei wir ehrlich gesagt dies schon wussten. Das Publikum ging artig mit, goutierte die komplizierten Verh\u00e4ltnisse um Tim und Tina und klapperte brav mit dem Schl\u00fcssel als dies als akkustische Untermalung gew\u00fcnscht wurde. Auch die Herren standen auf und sangen wie gefordert hedihiiiiiijahooo. Ich bleibe bei solchen interaktiven Sper\u00e4nzchen ja meistens still, auch wenn es f\u00fcr die Gruppendynamik nicht f\u00f6rderlich ist. Ich mag es nicht, wenn ein Ich ein Kollektiv auffordert, etwas zu tun und alle machen mit. Irgendetwas sperrt sich in mir. Nicht immer, aber meist. Und das habe ich zu respektieren.<\/p>\n<p style=\"text-align: justify;\">Und irgendetwas erinnert immer an die Eintracht, sei es die Farbgebung der Kleidung oder einzelne Textzeilen. Wollen mal hoffen, dass es nicht <em>Hey Kapit\u00e4n, wir sind Leck geschlagen. Hey Kapit\u00e4n, Kommando Untergang<\/em> ist.<\/p>\n<p style=\"text-align: justify;\">Es folgt zum Abschluss eine Aufnahme vom letztj\u00e4hrigen Konzert in Dreieich. Damals ist Anna mit Band aufgetreten, nun spielte sie solo am Klavier. Immerhin, die Schuhe sind die gleichen geblieben.<\/p>\n<p style=\"text-align: justify;\"><iframe src=\"\/\/www.youtube.com\/embed\/UYWYMIoQNiM\" height=\"225\" width=\"400\" allowfullscreen=\"\" frameborder=\"0\"><\/iframe><\/p>\n<p style=\"text-align: justify;\">\n","protected":false},"excerpt":{"rendered":"<p>Manchmal bin ich aber auch ein Schussel. So fahren wir nach Dreieich zu einem Konzert der fabelhaften Welt der Anna Depenbusch &#8211; und was bleibt zuhause? Meine Kamera. Und da mein mobiles Telefon zum fotografieren nicht taugt, muss zum Zwecke des Eingangsbildes ein Umweg helfen. Pia schenkte mir eine gekaufte Postkarte, die ich wiederum scannte [&hellip;]<\/p>\n","protected":false},"author":2,"featured_media":7407,"comment_status":"open","ping_status":"open","sticky":false,"template":"","format":"standard","meta":{"ngg_post_thumbnail":0,"footnotes":""},"categories":[1,12],"tags":[1484,1517,1516,1519,1518],"class_list":["post-7405","post","type-post","status-publish","format-standard","has-post-thumbnail","hentry","category-allgemein","category-wortwelt","tag-anna-depenbusch","tag-burg-hayn","tag-dreieich","tag-dreieich-museum","tag-frank-kunert","post-preview"],"_links":{"self":[{"href":"https:\/\/www.beveswelt.de\/index.php?rest_route=\/wp\/v2\/posts\/7405","targetHints":{"allow":["GET"]}}],"collection":[{"href":"https:\/\/www.beveswelt.de\/index.php?rest_route=\/wp\/v2\/posts"}],"about":[{"href":"https:\/\/www.beveswelt.de\/index.php?rest_route=\/wp\/v2\/types\/post"}],"author":[{"embeddable":true,"href":"https:\/\/www.beveswelt.de\/index.php?rest_route=\/wp\/v2\/users\/2"}],"replies":[{"embeddable":true,"href":"https:\/\/www.beveswelt.de\/index.php?rest_route=%2Fwp%2Fv2%2Fcomments&post=7405"}],"version-history":[{"count":5,"href":"https:\/\/www.beveswelt.de\/index.php?rest_route=\/wp\/v2\/posts\/7405\/revisions"}],"predecessor-version":[{"id":7412,"href":"https:\/\/www.beveswelt.de\/index.php?rest_route=\/wp\/v2\/posts\/7405\/revisions\/7412"}],"wp:featuredmedia":[{"embeddable":true,"href":"https:\/\/www.beveswelt.de\/index.php?rest_route=\/wp\/v2\/media\/7407"}],"wp:attachment":[{"href":"https:\/\/www.beveswelt.de\/index.php?rest_route=%2Fwp%2Fv2%2Fmedia&parent=7405"}],"wp:term":[{"taxonomy":"category","embeddable":true,"href":"https:\/\/www.beveswelt.de\/index.php?rest_route=%2Fwp%2Fv2%2Fcategories&post=7405"},{"taxonomy":"post_tag","embeddable":true,"href":"https:\/\/www.beveswelt.de\/index.php?rest_route=%2Fwp%2Fv2%2Ftags&post=7405"}],"curies":[{"name":"wp","href":"https:\/\/api.w.org\/{rel}","templated":true}]}}