{"id":7135,"date":"2014-06-16T11:27:02","date_gmt":"2014-06-16T09:27:02","guid":{"rendered":"http:\/\/www.beveswelt.de\/?p=7135"},"modified":"2014-06-17T08:57:40","modified_gmt":"2014-06-17T06:57:40","slug":"wir-schaemen-uns-fuer-alle-die-gegen-uns-schreien","status":"publish","type":"post","link":"https:\/\/www.beveswelt.de\/?p=7135","title":{"rendered":"Wir sch\u00e4men uns f\u00fcr alle, die gegen uns schreien &#8230;"},"content":{"rendered":"<p align=\"JUSTIFY\">&#8230; schrieben Tony Baffoe, Souleyman San\u00e9 und Tony Yeboah im Jahr 1990 anl\u00e4sslich wiederholter rassistischer Diskriminierungen in einem offenen Brief in der BILD. Dass diese Aussage keineswegs der Vergangenheit angeh\u00f6rt, zeigen regelm\u00e4\u00dfige Berichte \u00fcber Ausf\u00e4lle vermeintlich Ewiggestriger. Beschimpfungen, Bananenw\u00fcrfe und Schm\u00e4hges\u00e4nge geh\u00f6ren in unsch\u00f6ner Regelm\u00e4\u00dfigkeit auch heute zum Fu\u00dfballalltag.<\/p>\n<p align=\"JUSTIFY\"><!--more--><\/p>\n<p align=\"JUSTIFY\">Hier ein Auszug aus <a href=\"http:\/\/de.wikipedia.org\/wiki\/Rassismus_im_Fu\u00dfball\" target=\"_blank\">Wikipedia <\/a>von Vorf\u00e4llen, die in den letzten Jahren Schlagzeilen machten:<\/p>\n<ul>\n<li>\n<p align=\"JUSTIFY\"><a href=\"http:\/\/de.wikipedia.org\/wiki\/Kevin-Prince_Boateng\">Kevin-Prince Boateng<\/a> verlie\u00df bei einem Freundschaftsspiel gegen den Viertligisten Pro Patria vorzeitig das Spielfeld, nachdem er und Teamkollegen von gegnerischen Fans rassistisch beleidigt worden waren. Das Team solidarisierte sich, das Spiel musste abgebrochen werden.<\/p>\n<\/li>\n<li>\n<p align=\"JUSTIFY\">Im Mai 2013 wurde eine Partie wegen rassistischer Ges\u00e4nge gegen <a href=\"http:\/\/de.wikipedia.org\/wiki\/Mario_Balotelli\">Mario Balotelli<\/a> unterbrochen.<\/p>\n<\/li>\n<li>\n<p align=\"JUSTIFY\"><a href=\"http:\/\/de.wikipedia.org\/wiki\/Kevin_Constant\">Kevin Constant<\/a> verlie\u00df ebenfalls nach rassistischen Ges\u00e4ngen bei einem Vorbereitungsturnier den Platz. Das Spiel ging weiter, der Schiedsrichter lie\u00df in dem Spiel <a href=\"http:\/\/de.wikipedia.org\/w\/index.php?title=Mario_Piccinocchi&amp;action=edit&amp;redlink=1\">Mario Piccinocchi<\/a> als Ersatz auf den Platz.<\/p>\n<\/li>\n<li>\n<p align=\"JUSTIFY\"><a href=\"http:\/\/de.wikipedia.org\/wiki\/Dani_Alves\">Dani Alves<\/a> konterte die Rassisten aus: er nahm die auf ihn geworfene Banane und a\u00df davon. Alves zeigte Humor: &#8222;Ich wei\u00df nicht, wer die Banane geworfen hat, aber ich m\u00f6chte ihm danken. Er schenkte mir Energie f\u00fcr zwei weitere Ecken, die zu einem Tor f\u00fchrten&#8220;. Gary Lineker lobte Alves: &#8222;Gro\u00dfartige Reaktion von Alves. Behandelt die rassistischen Dummk\u00f6pfe mit Missachtung&#8220;, twitterte Lineker.<\/p>\n<\/li>\n<\/ul>\n<p align=\"JUSTIFY\">Was also dagegen tun?<\/p>\n<p align=\"JUSTIFY\">In Deutschland reagiert der DFB immerhin gutmeinend aber letztlich wenig konsequent. Zwar gibt es alle naslang wohlmeinende Aktionen gegen Rassismus, verlesen Mannschaftskapit\u00e4ne ellenlange Erkl\u00e4rungen, doch wenn es ernst wird, wird gekniffen; zuletzt in Hamburg, als die Nationalmannschaft am Millerntor auf St. Pauli trainierte. Dort h\u00e4ngt seit geraumer Zeit ein Banner mit der Aufschrift: &#8222;Kein Fu\u00dfball den Faschisten.&#8220; Als L\u00f6ws Truppe dort trainierte, wurde das Transparent offiziell \u00fcberklebt, zu lesen war nun: <em>Kein Fu\u00dfball<\/em>. Immerhin folgte eine fadenscheinige Entschuldigung: <em><a href=\"http:\/\/www.rp-online.de\/sport\/fussball\/nationalelf\/dfb-entschuldigt-sich-fuer-abdecken-von-banner-aid-1.4242714\" target=\"_blank\">Der DFB spreche sich &#8222;gegen jede Form von Diskriminierung, Rassismus und Faschismus&#8220; aus, sagte Nationalmannschafts-Sprecher Jens Grittner danach. Es gebe eine Stadion-Muster-Ordnung, die eine &#8222;Neutralisierung&#8220; vorsehe, so dass jedes Stadion frei von Werbung und politischen Bekundungen sein m\u00fcsse.<\/a><\/em><\/p>\n<p align=\"JUSTIFY\">Na, solange die Ordnung gewahrt bleibt, verzichtet man gerne auf eine Haltung.<\/p>\n<p align=\"JUSTIFY\">Haltung zeigen, dies hat sich eine Initiative auf die Fahne geschrieben, die derzeit in Frankfurt am werkeln ist. Wer jetzt vom Niederr\u00e4der Bahnhof Richtung Niederrad blickt, wird sehen, dass an der Hausfassade der Melibocusstra\u00dfe 86 ein gigantisches Wandgraffiti entsteht, ein Graffiti welches nicht nur den Zweck hat, zur Versch\u00f6nerung beizutragen, sondern gleichfalls als Statement gegen Rassismus und f\u00fcr Toleranz steht. Zun\u00e4chst war nur der Spruch: <em>&#8222;Wir sch\u00e4men uns f\u00fcr alle, die gegen uns schreien&#8220;<\/em> zu lesen, nun wird dazu ein Bild von Tony Yeboah gesprayt &#8211; und wenn das Ganze fertig ist, kommt es zur gro\u00dfen Einweihung; just an dem Tag an dem bei der WM Deutschland auf Ghana trifft, dem Heimatland des bis heute verehrten St\u00fcrmers der Eintracht.<\/p>\n<p align=\"JUSTIFY\">Ausgehend vom Projekt &#8222;<a href=\"http:\/\/im-gedaechtnis-bleiben.de\/index.php?id=start\" target=\"_blank\">Im Ged\u00e4chtnis bleiben<\/a>&#8220; des Frankfurter Fanprojektes enstand die Idee, eine Hausfassade in ein Wahrzeichen gegen Diskriminierung und Intoleranz zu verwandeln. <a href=\"http:\/\/im-gedaechtnis-bleiben.de\/index.php?id=news-detailansicht0&amp;tx_ttnews[tt_news]=291&amp;cHash=01559e18c62d3e0f2faad8e6c599c3a0\" target=\"_blank\">Das Fanprojekt fand diese Idee auszeichnungsw\u00fcrdig<\/a> und so konnte Ideengeber und Preistr\u00e4ger Mathias Weinfurter die Aufgabe angehen. Hauptaufgabe war nun, eine geeignete H\u00e4userwand zu finden, deren Besitzer zudem mitspielen w\u00fcrden. Die Nassauische Heimst\u00e4tte zeigte sich vom Vorhaben begeistert und ein Motiv war schnell gefunden: Tony Yeboah, einer der ersten dunkelh\u00e4utigen Fu\u00dfballer in Deutschland, der vor seinem Wechsel zur Eintracht sogar von SGE-Anh\u00e4ngern beschimpft wurde, exemplarisch auf den Punkt gebracht von Badesalz im auch heute noch brandaktuellen Sketch &#8222;Anthony Sabini&#8220;.<\/p>\n<p align=\"JUSTIFY\">Und so entsteht in diesen Tagen ein un\u00fcbersehbares Statement, geschaffen von Anh\u00e4ngern der SGE und fotografisch begleitet von Dominik Dresel, welches am 21. Juni hochoffiziell eingeweiht und ganz nebenbei <a href=\"https:\/\/www.facebook.com\/tonyyeboahhaus\" target=\"_blank\">hier <\/a>dokumentiert wird.<\/p>\n<p align=\"JUSTIFY\">Bloggerkollege <a href=\"http:\/\/hackentrick.wordpress.com\/2014\/06\/07\/das-wird-im-gedachtnis-bleiben\/\" target=\"_blank\">Hackentrick <\/a>war schon vor Ort, ebenso die <a href=\"http:\/\/www.fnp.de\/sport\/eintracht\/Ein-Bild-von-Anthony-Yeboah-als-Zeichen-gegen-Rassismus;art785,883551\" target=\"_blank\">Frankfurter Neue Presse<\/a>. Vielleicht kommt ja noch der ein oder andere dazu, um sich den Arbeitsprozess einmal anzusehen. Und wenn es fertig ist, wird gro\u00df gefeiert:<\/p>\n<p align=\"JUSTIFY\"><a href=\"http:\/\/www.beveswelt.de\/?attachment_id=7146\"><span style=\"color: #000080;\"><img decoding=\"async\" class=\"aligncenter\" alt=\"Flyer\" src=\"http:\/\/www.beveswelt.de\/wp-content\/uploads\/2014\/06\/Yeb_Fas.jpg\" width=\"370\" height=\"523\" name=\"Grafik2\" align=\"BOTTOM\" border=\"1\" \/><\/span><\/a><\/p>\n","protected":false},"excerpt":{"rendered":"<p>&#8230; schrieben Tony Baffoe, Souleyman San\u00e9 und Tony Yeboah im Jahr 1990 anl\u00e4sslich wiederholter rassistischer Diskriminierungen in einem offenen Brief in der BILD. Dass diese Aussage keineswegs der Vergangenheit angeh\u00f6rt, zeigen regelm\u00e4\u00dfige Berichte \u00fcber Ausf\u00e4lle vermeintlich Ewiggestriger. Beschimpfungen, Bananenw\u00fcrfe und Schm\u00e4hges\u00e4nge geh\u00f6ren in unsch\u00f6ner Regelm\u00e4\u00dfigkeit auch heute zum Fu\u00dfballalltag.<\/p>\n","protected":false},"author":2,"featured_media":7145,"comment_status":"open","ping_status":"open","sticky":false,"template":"","format":"standard","meta":{"ngg_post_thumbnail":0,"footnotes":""},"categories":[1,9],"tags":[1304,1491,1823,1827,1382,1490,1492,1493],"class_list":["post-7135","post","type-post","status-publish","format-standard","has-post-thumbnail","hentry","category-allgemein","category-eintracht-frankfurt","tag-anthony-yeboah","tag-dominik-dresel","tag-eintracht-frankfurt","tag-graffiti","tag-im-gedaechtnis-bleiben","tag-mathias-weinfurter","tag-rassismus","tag-toleranz","post-preview"],"_links":{"self":[{"href":"https:\/\/www.beveswelt.de\/index.php?rest_route=\/wp\/v2\/posts\/7135","targetHints":{"allow":["GET"]}}],"collection":[{"href":"https:\/\/www.beveswelt.de\/index.php?rest_route=\/wp\/v2\/posts"}],"about":[{"href":"https:\/\/www.beveswelt.de\/index.php?rest_route=\/wp\/v2\/types\/post"}],"author":[{"embeddable":true,"href":"https:\/\/www.beveswelt.de\/index.php?rest_route=\/wp\/v2\/users\/2"}],"replies":[{"embeddable":true,"href":"https:\/\/www.beveswelt.de\/index.php?rest_route=%2Fwp%2Fv2%2Fcomments&post=7135"}],"version-history":[{"count":9,"href":"https:\/\/www.beveswelt.de\/index.php?rest_route=\/wp\/v2\/posts\/7135\/revisions"}],"predecessor-version":[{"id":7156,"href":"https:\/\/www.beveswelt.de\/index.php?rest_route=\/wp\/v2\/posts\/7135\/revisions\/7156"}],"wp:featuredmedia":[{"embeddable":true,"href":"https:\/\/www.beveswelt.de\/index.php?rest_route=\/wp\/v2\/media\/7145"}],"wp:attachment":[{"href":"https:\/\/www.beveswelt.de\/index.php?rest_route=%2Fwp%2Fv2%2Fmedia&parent=7135"}],"wp:term":[{"taxonomy":"category","embeddable":true,"href":"https:\/\/www.beveswelt.de\/index.php?rest_route=%2Fwp%2Fv2%2Fcategories&post=7135"},{"taxonomy":"post_tag","embeddable":true,"href":"https:\/\/www.beveswelt.de\/index.php?rest_route=%2Fwp%2Fv2%2Ftags&post=7135"}],"curies":[{"name":"wp","href":"https:\/\/api.w.org\/{rel}","templated":true}]}}