{"id":7029,"date":"2014-05-14T08:59:27","date_gmt":"2014-05-14T06:59:27","guid":{"rendered":"http:\/\/www.beveswelt.de\/?p=7029"},"modified":"2014-05-14T09:49:19","modified_gmt":"2014-05-14T07:49:19","slug":"sebastian-jung-nationalspieler","status":"publish","type":"post","link":"https:\/\/www.beveswelt.de\/?p=7029","title":{"rendered":"Sebastian Jung, Nationalspieler"},"content":{"rendered":"<p style=\"text-align: justify;\">In der 71. Minute des L\u00e4nderspiels in Hamburg gegen Polen wurde ein junger Mann mit der Nummer 2 f\u00fcr Kevin Volland eingewechselt. Keine gro\u00dfe Sache eigentlich &#8211; aber f\u00fcr Sebastian Jung in Diensten von Eintracht Frankfurt war es das Deb\u00fct im Nationaldress &#8211; nachdem er im vergangenen Dezember bei der Partie gegen die Niederlande 90 Minuten auf der Bank schmoren musste.<!--more--><\/p>\n<p style=\"text-align: justify;\">Jung, der schon als Knirps zur Eintracht kam, durchlief dort alle Jugendmannschaften bis hin zur U23, ehe er unter Trainer Funkel auch in der ersten Mannschaft zum Einsatz kam. Am 8.3.2009, am 110. Geburtstag der Eintracht also, wurde er im Spiel bei Arminia Bielefeld in der 75. Minute f\u00fcr Patrick Ochs eingewechselt. Wenige Wochen vor seinem 19. Geburtstag sicherte er das 0:0. In jener Saison absolvierte er insgesamt sechs Spiele f\u00fcr die Eintracht, gewinnen sollte er keins davon.<\/p>\n<p style=\"text-align: justify;\">Mit Beginn der Saison 2009\/2010 \u00fcbernahm Michael Skibbe das Traineramt &#8211; und Jung musste sich gedulden. Erst am neunten Spieltag durfte er ran &#8211; f\u00fcr eine einzige Minute &#8211; und prompt konnte er gegen Hannover seinen ersten Sieg feiern. In der Vorrunde spielte er noch ein einziges Mal, zu wenig f\u00fcr den talentierten Rechtsverteidiger. Doch in der R\u00fcckrunde kam auch Skibbe nicht mehr an ihm vorbei, je l\u00e4nger die Saison ging, desto weniger war Sebi aus der Mannschaft wegzudenken. Sein erster Treffer f\u00fcr die Eintracht gelang ihm mit einem fulminanten Schuss beim 3:2 Ausw\u00e4rtssieg in Dortmund.<\/p>\n<p style=\"text-align: justify;\">In den folgenden vier Jahren z\u00e4hlte Sebastian Jung zum unverzichtbaren Stamm bei der Eintracht und trug mehrfach die Kapit\u00e4nsbinde, die Eintracht stieg ab, wieder auf, verzauberte die Liga, reiste durch Europa und blieb so manches Mal hinter den Anspr\u00fcchen zur\u00fcck &#8211; aber auf den Verteidiger war stets Verlass, schn\u00f6rkellos verteidigte er und bereitete als Flankengeber so manchen Treffer vor, in der abgelaufenen Saison deren acht. Gesperrt war er aufgrund einer f\u00fcnften gelben Karte nur ein einziges Mal in den vergangenen f\u00fcnf Jahren, eine gelb-rote oder glatt rote Karte gab es f\u00fcr ihn gar nicht.<\/p>\n<p style=\"text-align: justify;\">Dennoch dauerte es bis zum Winter 2013, ehe er von Bundestrainer L\u00f6w erstmals in den Kader der Nationalmannschaft berufen wurde, sein Einsatz aber war erst gestern in Hamburg f\u00e4llig. Auch wenn die Bayern und Dortmunder ob des bevorstehenden Pokalfinales nicht dabei waren, so ist das Deb\u00fct hochverdient. Zu einer Teilnahme an der WM in Brasilien wird es aller Wahrscheinlichkeit nach nicht reichen, Jogi L\u00f6w wird wissen warum.<\/p>\n<p style=\"text-align: justify;\">Sebastian Jung ist der erste Nationalspieler der Eintracht seit 1999. Damals deb\u00fctierte ein gewisser Horst Heldt im Spiel gegen Schottland (\u00fcbrigens gemeinsam mit Michael Ballack) und durfte beim Confed-Cup Wochen sp\u00e4ter noch ein einziges weiteres Mal ran &#8211; und er ist der erste deutsche Nationalspieler der Eintracht der Neuzeit, der am Riederwald gro\u00df geworden ist, sieht man einmal von Jermaine Jones ab, der bei seinem ersten L\u00e4nderspiel allerdings schon l\u00e4nger nicht mehr das Trikot der Eintracht trug.<\/p>\n<p style=\"text-align: justify;\">Auch wenn derzeit alles f\u00fcr einen Wechsel Jungs nach Wolfsburg spricht, so ganz habe ich die Hoffnung nicht aufgegeben, dass er weiter bei der Eintracht bleibt. Der Mann der in Frankfurt die 24 tr\u00e4gt, in Erinnerung an sein Vorbild Alex Schur &#8211; der in Frankfurt eine Legende geworden ist. Und eine Eintracht-Legende kann er werden, der Mann aus K\u00f6nigsstein, der beim Aufstieg der Eintracht 2005 gegen Burghausen noch Balljunge gewesen ist. Dazu m\u00fcsste er allerdings noch ein paar J\u00e4hrchen hier spielen. Wir aber m\u00fcssen im Museum die Vitrine mit Autogrammkarten der Nationalspieler der Eintracht \u00f6ffnen und ein neues Exponat dazu legen. Das machen wir nat\u00fcrlich gerne. Herzlichen Gl\u00fcckwunsch Sebastian Jung, die Eintracht ist stolz auf dich!<\/p>\n<p style=\"text-align: justify;\"><em>Foto Eingangsbild: Stefan Krieger<\/em><\/p>\n<p style=\"text-align: justify;\">\n","protected":false},"excerpt":{"rendered":"<p>In der 71. Minute des L\u00e4nderspiels in Hamburg gegen Polen wurde ein junger Mann mit der Nummer 2 f\u00fcr Kevin Volland eingewechselt. Keine gro\u00dfe Sache eigentlich &#8211; aber f\u00fcr Sebastian Jung in Diensten von Eintracht Frankfurt war es das Deb\u00fct im Nationaldress &#8211; nachdem er im vergangenen Dezember bei der Partie gegen die Niederlande 90 [&hellip;]<\/p>\n","protected":false},"author":2,"featured_media":7030,"comment_status":"open","ping_status":"open","sticky":false,"template":"","format":"standard","meta":{"ngg_post_thumbnail":0,"footnotes":""},"categories":[9],"tags":[80,1823,1472,488],"class_list":["post-7029","post","type-post","status-publish","format-standard","has-post-thumbnail","hentry","category-eintracht-frankfurt","tag-dfb","tag-eintracht-frankfurt","tag-nationalspieler","tag-sebastian-jung","post-preview"],"_links":{"self":[{"href":"https:\/\/www.beveswelt.de\/index.php?rest_route=\/wp\/v2\/posts\/7029","targetHints":{"allow":["GET"]}}],"collection":[{"href":"https:\/\/www.beveswelt.de\/index.php?rest_route=\/wp\/v2\/posts"}],"about":[{"href":"https:\/\/www.beveswelt.de\/index.php?rest_route=\/wp\/v2\/types\/post"}],"author":[{"embeddable":true,"href":"https:\/\/www.beveswelt.de\/index.php?rest_route=\/wp\/v2\/users\/2"}],"replies":[{"embeddable":true,"href":"https:\/\/www.beveswelt.de\/index.php?rest_route=%2Fwp%2Fv2%2Fcomments&post=7029"}],"version-history":[{"count":4,"href":"https:\/\/www.beveswelt.de\/index.php?rest_route=\/wp\/v2\/posts\/7029\/revisions"}],"predecessor-version":[{"id":7034,"href":"https:\/\/www.beveswelt.de\/index.php?rest_route=\/wp\/v2\/posts\/7029\/revisions\/7034"}],"wp:featuredmedia":[{"embeddable":true,"href":"https:\/\/www.beveswelt.de\/index.php?rest_route=\/wp\/v2\/media\/7030"}],"wp:attachment":[{"href":"https:\/\/www.beveswelt.de\/index.php?rest_route=%2Fwp%2Fv2%2Fmedia&parent=7029"}],"wp:term":[{"taxonomy":"category","embeddable":true,"href":"https:\/\/www.beveswelt.de\/index.php?rest_route=%2Fwp%2Fv2%2Fcategories&post=7029"},{"taxonomy":"post_tag","embeddable":true,"href":"https:\/\/www.beveswelt.de\/index.php?rest_route=%2Fwp%2Fv2%2Ftags&post=7029"}],"curies":[{"name":"wp","href":"https:\/\/api.w.org\/{rel}","templated":true}]}}