{"id":6966,"date":"2014-04-16T11:44:16","date_gmt":"2014-04-16T09:44:16","guid":{"rendered":"http:\/\/www.beveswelt.de\/?p=6966"},"modified":"2014-04-16T11:44:16","modified_gmt":"2014-04-16T09:44:16","slug":"waldtribuene-gegen-hannover-96","status":"publish","type":"post","link":"https:\/\/www.beveswelt.de\/?p=6966","title":{"rendered":"Waldtrib\u00fcne gegen Hannover 96"},"content":{"rendered":"<p style=\"text-align: justify;\">Nun also Hannover, ein Team, das nach dem Sieg gegen den HSV sich wieder gefangen zu haben scheint. F\u00fcr die Eintracht w\u00e4re ein Sieg der sichere Klassenerhalt &#8211; und f\u00fcr Sebastian Rode wird es langsam eng, in dieser Saison noch einmal f\u00fcr die Eintracht aufzulaufen. Ab Sommer wird er ja ein Bayer, der Seppl. Passt also.<\/p>\n<p style=\"text-align: justify;\"><!--more--><\/p>\n<p style=\"text-align: justify;\">Hier das Programm f\u00fcr die Waldtrib\u00fcne f\u00fcr das Spiel gegen Hannover 96:<\/p>\n<p style=\"text-align: justify;\"><span style=\"font-family: Arial,serif;\"><span style=\"font-size: small;\"><b>19.15 Anpfiff mit Beve &amp; Frauke<\/b><\/span><\/span><\/p>\n<p style=\"text-align: justify;\"><span style=\"font-family: Arial,serif;\"><span style=\"font-size: small;\"><b>19.20 Docs historische Sprechstunde mit Doc Hermann<\/b><\/span><\/span><\/p>\n<p style=\"text-align: justify;\"><span style=\"font-family: Arial,serif;\"><span style=\"font-size: small;\"><b>19.25 G\u00e4stekurve: Was ist los bei Hannover 96? Wir begr\u00fc\u00dfen David von der Fanhilfe Hannover<\/b><\/span><\/span><\/p>\n<p style=\"text-align: justify;\"><span style=\"font-family: Arial,serif;\"><span style=\"font-size: small;\"><b>19.35 Von Fans f\u00fcr Fans: Zu Gast sind die \u201eMacher\u201c von Radio FanOmania<\/b><\/span><\/span><\/p>\n<p style=\"text-align: justify;\"><span style=\"font-family: Arial,serif;\"><span style=\"font-size: small;\"><b>19.40 Im Gespr\u00e4ch: Der U-23-Trainer und ehemalige<\/b><\/span><\/span> <span style=\"font-family: Arial,serif;\"><span style=\"font-size: small;\"><b>Eintracht-Profi Alexander Schur <\/b><\/span><\/span><\/p>\n<p style=\"text-align: justify;\"><span style=\"font-family: Arial,serif;\"><span style=\"font-size: small;\"><b>19.55 Elf des Tages<\/b><\/span><\/span><\/p>\n","protected":false},"excerpt":{"rendered":"<p>Nun also Hannover, ein Team, das nach dem Sieg gegen den HSV sich wieder gefangen zu haben scheint. F\u00fcr die Eintracht w\u00e4re ein Sieg der sichere Klassenerhalt &#8211; und f\u00fcr Sebastian Rode wird es langsam eng, in dieser Saison noch einmal f\u00fcr die Eintracht aufzulaufen. Ab Sommer wird er ja ein Bayer, der Seppl. Passt [&hellip;]<\/p>\n","protected":false},"author":2,"featured_media":6283,"comment_status":"open","ping_status":"open","sticky":false,"template":"","format":"standard","meta":{"ngg_post_thumbnail":0,"footnotes":""},"categories":[9],"tags":[1823,207,847],"class_list":["post-6966","post","type-post","status-publish","format-standard","has-post-thumbnail","hentry","category-eintracht-frankfurt","tag-eintracht-frankfurt","tag-hannover-96","tag-waldtribune","post-preview"],"_links":{"self":[{"href":"https:\/\/www.beveswelt.de\/index.php?rest_route=\/wp\/v2\/posts\/6966","targetHints":{"allow":["GET"]}}],"collection":[{"href":"https:\/\/www.beveswelt.de\/index.php?rest_route=\/wp\/v2\/posts"}],"about":[{"href":"https:\/\/www.beveswelt.de\/index.php?rest_route=\/wp\/v2\/types\/post"}],"author":[{"embeddable":true,"href":"https:\/\/www.beveswelt.de\/index.php?rest_route=\/wp\/v2\/users\/2"}],"replies":[{"embeddable":true,"href":"https:\/\/www.beveswelt.de\/index.php?rest_route=%2Fwp%2Fv2%2Fcomments&post=6966"}],"version-history":[{"count":4,"href":"https:\/\/www.beveswelt.de\/index.php?rest_route=\/wp\/v2\/posts\/6966\/revisions"}],"predecessor-version":[{"id":6970,"href":"https:\/\/www.beveswelt.de\/index.php?rest_route=\/wp\/v2\/posts\/6966\/revisions\/6970"}],"wp:featuredmedia":[{"embeddable":true,"href":"https:\/\/www.beveswelt.de\/index.php?rest_route=\/wp\/v2\/media\/6283"}],"wp:attachment":[{"href":"https:\/\/www.beveswelt.de\/index.php?rest_route=%2Fwp%2Fv2%2Fmedia&parent=6966"}],"wp:term":[{"taxonomy":"category","embeddable":true,"href":"https:\/\/www.beveswelt.de\/index.php?rest_route=%2Fwp%2Fv2%2Fcategories&post=6966"},{"taxonomy":"post_tag","embeddable":true,"href":"https:\/\/www.beveswelt.de\/index.php?rest_route=%2Fwp%2Fv2%2Ftags&post=6966"}],"curies":[{"name":"wp","href":"https:\/\/api.w.org\/{rel}","templated":true}]}}