{"id":6907,"date":"2014-03-30T09:14:09","date_gmt":"2014-03-30T07:14:09","guid":{"rendered":"http:\/\/www.beveswelt.de\/?p=6907"},"modified":"2014-03-31T09:16:25","modified_gmt":"2014-03-31T07:16:25","slug":"bebender-berg-und-gagelmann","status":"publish","type":"post","link":"https:\/\/www.beveswelt.de\/?p=6907","title":{"rendered":"Bebender Berg und Gagelmann."},"content":{"rendered":"<p style=\"text-align: justify;\">Es h\u00e4tte ein sch\u00f6ner Tag werden k\u00f6nnen. Die Sonne lachte bereits in der Fr\u00fche als ich in der Schlange beim B\u00e4cker in der Rohrbachstra\u00dfe wartete. Die Erwachsenen tippten auf ihrem Handy oder starrten ins Nichts, w\u00e4hrend ein M\u00e4dchen, vielleicht vier Jahre alt, mit einem gefl\u00fcgelten Pony in der Hand, auf den Treppenstufen und Fenstersimsen herum kletterte und lachte &#8211; wie eben die Sonne.<\/p>\n<p style=\"text-align: justify;\"><!--more--><\/p>\n<p style=\"text-align: justify;\">Sp\u00e4ter radelte ich an die Konstablerwache, um mich mit Flo am Nachtleben zu treffen, wir hatten beide die Eintrachtaufleber am Rad \u00fcberklebt, versprach doch unser Ziel eine m\u00f6glicherweise Sachbesch\u00e4digung ob des Adlers. Genau, wir fuhren nach Offenbach, genauer an den Bieberer Berg &#8211; der ultimative Gegenentwurf zur Heimat.<\/p>\n<p style=\"text-align: justify;\">Am Main tummelten sich die Wochenendler, die Radler und Skater und Sonnenanbeter, wir unterquerten die neue Br\u00fccke zur EZB, die wiederum ein begehrtes Fotomotiv abgab. Weiter hinten, am Ruderdorf, warteten Holger und Ingo auf uns, wir passierten meine alte Heimat Oberrad und den Kaiserlei und rollten am Baugebiet des neuen Hafens in OF vorbei, entdeckten zwischen Nordring und Main den <a href=\"http:\/\/www.offenbach.de\/stadtwerke-offenbach-holding\/holding\/hafen-offenbach\/heute\/hafengarten\" target=\"_blank\">Hafengarten<\/a>, Hunderte von T\u00f6pfen wollten beg\u00e4rtnert werden. Dann der Flohmarkt, am Main lagerte eine neue Br\u00fccke w\u00e4hrend ein paar Meter weiter dahinter Gebrauchsg\u00fcter aller Art gehandelt wurden. Ein Samstag am Fluss.<\/p>\n<p style=\"text-align: justify;\">Unser Ziel lag noch ein paar Kilometer entfernt, an Polizeiwagen vorbei radelten wir durch die recht leere Stadt, selbst an der Bieberer Stra\u00dfe war nicht viel los &#8211; abgesehen nat\u00fcrlich von unseren Freunden und Helfern, die nichts zu tun hatten, wir waren sp\u00e4t, eventuelle Massen schon im Stadion. Holger und Ingo verabschiedeten sich Richtung G\u00e4steblock, w\u00e4hrend wir unsere Einlasskarten suchten, die vorgeblich an einem Parkplatz ausgeteilt wurden &#8211; aber nicht zu finden waren. So kam es, dass wir nach einigen Minuten der Kulisse entnehmen konnten, dass ein Tor gefallen war &#8211; und es war keines f\u00fcr die Eintracht, deren U23 hier beim OFC anzutreten hatte. Na toll.<\/p>\n<p style=\"text-align: justify;\">Nach einigem hin und her und unter tatkr\u00e4ftiger Mithilfe Offenbacher Angestellten schafften wir es, die schattige Waldemar Klein Trib\u00fcne zu erreichen. Wir k\u00e4mpften uns auf die Pl\u00e4tze der Presse, begr\u00fc\u00dften das ein oder andere Gesicht und blickten uns um. Die besonnte Gegengerade, alles Stehpl\u00e4tze, war bis auf einen Sperrbereich zu den Eintrachtfans gut gef\u00fcllt, auch hinter dem Tor war einiges los. In Erinnerung an das Hinspiel hing ein Banner mit der Aufschrift <em>Hier steht ein Huso im Tor<\/em>. Eintracht Torh\u00fcter Aykut \u00d6zer hatte sich damals \u00fcber den Eintrachtsieg gefreut, so etwas wird hier nicht verziehen. Ich war gespannt, ob das Banner in der zweiten H\u00e4lfte noch h\u00e4ngen w\u00fcrde.<\/p>\n<p style=\"text-align: justify;\">Der Eintrachtmob war \u00fcberschaubar, ein paar Hundert Leute hatten sich in die H\u00f6hle des \u00e4hem L\u00f6wen aufgemacht, ab und an wurde ein bisschen supportet. Unten auf dem Platz m\u00fchte sich die U23, au\u00dfer einem Wembleytor war jedoch wenig Spektakul\u00e4res zu berichten. Die Halbzeit brachte einen Blick ins Stadioninnere, es gab Rindswurst und Cola und die Erkenntnis, dass der Gesch\u00e4ftsstellenleiter der Kickers <em>Adler<\/em> hei\u00dft. Das ist nat\u00fcrlich lustig.<\/p>\n<p style=\"text-align: justify;\">In Halbzeit zwei wechselten wir die Pl\u00e4tze, um die Option aufrechtzuhalten, wenige Minuten vor Endes des Spiels den R\u00fcckweg anzutreten &#8211; immerhin wollten wir ja noch einiges von der Bundesligabegegnung der Eintracht in Wolfsburg via TV mitnehmen, da z\u00e4hlt jede Sekunde. Wir hockten uns nach vorne neben Gudrun und Nina und verfolgten das Spiel recht schweigsam, sa\u00df doch hinter uns ein einheimisches Exemplar, das durchg\u00e4ngig &#8222;Drecksau&#8220;, &#8222;Dreckspack&#8220; oder &#8222;Sau&#8220; rief. Die Stimme schien sich regelrecht zu \u00fcberschlagen. Irgendwann drehte ich mich um, langsam, ohne Hast, ohne ihn zu fixieren. Ganz kurz nur streiften sich unsere Blicke. &#8222;Halts Maul du Sau&#8220; dr\u00f6hnte es kicksend. Ich hatte ja noch gar nichts gesagt. Meine Hand zuckte. Aber ich blieb ruhig, um uns herum rotwei\u00dfte es &#8211; und es w\u00e4re keine gute Idee gewesen, in massiver Unterzahl auf der Haupttrib\u00fcne ein Gekloppe zu beginnen. Wobei? Naja, im End ist es f\u00fcr einen Frankfurter kein Spa\u00df, hier oben Fu\u00dfball zu gucken &#8211; aber das ist alles andere als eine neue Erkenntnis. Am Spielfeldrand Barbara Klein.<\/p>\n<p style=\"text-align: justify;\">Die Eintracht m\u00fchte sich, ab und an kochte die Stimmung hoch, doch so recht lag kein Tor in der Luft. Kickerstrainer Rico Schmitt gestikulirte ganz oldschool in Kickschuhen am Spielfeldrand. Eintracht-Trainer Alex Schur gab sein Bestes. War nat\u00fcrlich eine &#8222;Sau&#8220;. Irgendwann skandierten die Frankfurter <em>Ausw\u00e4rtssieg<\/em>. Ein paar Offenbacher lie\u00dfen h\u00e4mische Kommentare ab, doch wir ahnten, dass unsere Gro\u00dfen was gerissen hatten. Ein Blick aufs Handy best\u00e4tigte: Tor der Eintracht in Wolfsburg. Aigner. Wenn <a href=\"http:\/\/www.eintracht.de\/meine_eintracht\/forum\/4\/11200419\/?page=4#f11703659\" target=\"_blank\">\u00d6zer <\/a>den Ball hatte, pfiff ein Gro\u00dfteil der \u00fcber 7.000, aber auch der OFC konnte trotz einiger guter Chancen keinen Treffer erzielen, der Drops war gelutscht, wir machten uns vom Acker. Noch war die Bieberer Stra\u00dfe ruhig, ich entfernte die Abdeckung meines Aufklebers und wir radelten gem\u00e4chlich an den Main, \u00fcber die Kaiserleibr\u00fccke Richtung Bornheim. Heimat, es ist immer sch\u00f6n, dich nach Ausfl\u00fcgen in Krisengebiete wieder zu erleben.<\/p>\n<p style=\"text-align: justify;\">Zuhause angekommen war Halbzeit in der Bundesliga, Pia berichtete uns vom Verlauf der ersten 45 Minuten, die zweiten sahen wir dann selbst. Auch das vermeintliche 2:0 &#8211; aus unerfindlichen Gr\u00fcnden von Schiedsrichter Gagelmann und Co nicht gegeben. Und nat\u00fcrlich kam es, wie es kommen musste. Olic, nat\u00fcrlich Olic, traf zum Ausgleich und als wir uns mit dem Remis arrangiert hatten, h\u00e4mmerte Naldo die Kugel aus zig Metern in den Winkel. Ende aus. W\u00e4hrend gegen M\u00f6nchengladbach v\u00f6llig unverst\u00e4ndlich vier Minuten Nachspielzeit\u00a0 angezeigt wurden, so waren es diesmal trotz etlicher Verletzungspausen, darunter ein nicht geahnteter Tritt gegen Schr\u00f6ck, nur zwei. Der finale Kopfball Madlungs wurde \u00fcber die Latte gelenkt, Abpfiff, Ende aus.<\/p>\n<p style=\"text-align: justify;\">Wieder verloren &#8211; es war nicht unser Tag. Aber vielleicht war es auch eine Mahnung: Wer nach Offenbach f\u00e4hrt, der wird bestraft. Man h\u00e4tte es wissen k\u00f6nnen. Das Banner hinter \u00d6zers Tor war in der zweiten Halbzeit verschwunden, so clever waren sie dann doch. Schade.<\/p>\n<p style=\"text-align: justify;\"><!-- default-view.php -->\n<div\n\tclass=\"ngg-galleryoverview default-view\n\t ngg-ajax-pagination-none\t\"\n\tid=\"ngg-gallery-74a40c00dc97cb580bd85a043db9c085-1\"\n\tdata-gallery-id=\"200\">\n\n\t\t<!-- Thumbnails -->\n\t\t\t\t<div id=\"ngg-image-0\" class=\"ngg-gallery-thumbnail-box\n\t\t\t\t\t\t\t\tngg-3-columns\t\t\t\"\n\t\t\t>\n\t\t\t\t\t\t<div class=\"ngg-gallery-thumbnail\">\n\t\t\t<a href=\"https:\/\/www.beveswelt.de\/wp-content\/gallery\/2014_03_muell\/O_01.jpg\"\n\t\t\t\ttitle=\"\"\n\t\t\t\tdata-src=\"https:\/\/www.beveswelt.de\/wp-content\/gallery\/2014_03_muell\/O_01.jpg\"\n\t\t\t\tdata-thumbnail=\"https:\/\/www.beveswelt.de\/wp-content\/gallery\/2014_03_muell\/thumbs\/thumbs_O_01.jpg\"\n\t\t\t\tdata-image-id=\"1694\"\n\t\t\t\tdata-title=\"O_01\"\n\t\t\t\tdata-description=\"\"\n\t\t\t\tdata-image-slug=\"o_01\"\n\t\t\t\t\t\t\t\t\t\t\t\t\t\t\t\t\t\t\t\tclass=\"ngg-fancybox\" rel=\"74a40c00dc97cb580bd85a043db9c085\">\n\t\t\t\t\t\t\t\t<img\n\t\t\t\t\ttitle=\"O_01\"\n\t\t\t\t\talt=\"O_01\"\n\t\t\t\t\tsrc=\"https:\/\/www.beveswelt.de\/wp-content\/gallery\/2014_03_muell\/thumbs\/thumbs_O_01.jpg\"\n\t\t\t\t\twidth=\"150\"\n\t\t\t\t\theight=\"150\"\n\t\t\t\t\tstyle=\"max-width:100%;\"\n\t\t\t\t\/>\n\t\t\t<\/a>\n\t\t<\/div>\n\t\t\t\t\t\t\t<\/div>\n\t\t\t\n\t\t\t\t<div id=\"ngg-image-1\" class=\"ngg-gallery-thumbnail-box\n\t\t\t\t\t\t\t\tngg-3-columns\t\t\t\"\n\t\t\t>\n\t\t\t\t\t\t<div class=\"ngg-gallery-thumbnail\">\n\t\t\t<a href=\"https:\/\/www.beveswelt.de\/wp-content\/gallery\/2014_03_muell\/O_02.jpg\"\n\t\t\t\ttitle=\" \"\n\t\t\t\tdata-src=\"https:\/\/www.beveswelt.de\/wp-content\/gallery\/2014_03_muell\/O_02.jpg\"\n\t\t\t\tdata-thumbnail=\"https:\/\/www.beveswelt.de\/wp-content\/gallery\/2014_03_muell\/thumbs\/thumbs_O_02.jpg\"\n\t\t\t\tdata-image-id=\"1695\"\n\t\t\t\tdata-title=\"O_02\"\n\t\t\t\tdata-description=\" \"\n\t\t\t\tdata-image-slug=\"o_02\"\n\t\t\t\t\t\t\t\t\t\t\t\t\t\t\t\t\t\t\t\tclass=\"ngg-fancybox\" rel=\"74a40c00dc97cb580bd85a043db9c085\">\n\t\t\t\t\t\t\t\t<img\n\t\t\t\t\ttitle=\"O_02\"\n\t\t\t\t\talt=\"O_02\"\n\t\t\t\t\tsrc=\"https:\/\/www.beveswelt.de\/wp-content\/gallery\/2014_03_muell\/thumbs\/thumbs_O_02.jpg\"\n\t\t\t\t\twidth=\"150\"\n\t\t\t\t\theight=\"150\"\n\t\t\t\t\tstyle=\"max-width:100%;\"\n\t\t\t\t\/>\n\t\t\t<\/a>\n\t\t<\/div>\n\t\t\t\t\t\t\t<\/div>\n\t\t\t\n\t\t\t\t<div id=\"ngg-image-2\" class=\"ngg-gallery-thumbnail-box\n\t\t\t\t\t\t\t\tngg-3-columns\t\t\t\"\n\t\t\t>\n\t\t\t\t\t\t<div class=\"ngg-gallery-thumbnail\">\n\t\t\t<a href=\"https:\/\/www.beveswelt.de\/wp-content\/gallery\/2014_03_muell\/O_03.jpg\"\n\t\t\t\ttitle=\" \"\n\t\t\t\tdata-src=\"https:\/\/www.beveswelt.de\/wp-content\/gallery\/2014_03_muell\/O_03.jpg\"\n\t\t\t\tdata-thumbnail=\"https:\/\/www.beveswelt.de\/wp-content\/gallery\/2014_03_muell\/thumbs\/thumbs_O_03.jpg\"\n\t\t\t\tdata-image-id=\"1696\"\n\t\t\t\tdata-title=\"O_03\"\n\t\t\t\tdata-description=\" \"\n\t\t\t\tdata-image-slug=\"o_03\"\n\t\t\t\t\t\t\t\t\t\t\t\t\t\t\t\t\t\t\t\tclass=\"ngg-fancybox\" rel=\"74a40c00dc97cb580bd85a043db9c085\">\n\t\t\t\t\t\t\t\t<img\n\t\t\t\t\ttitle=\"O_03\"\n\t\t\t\t\talt=\"O_03\"\n\t\t\t\t\tsrc=\"https:\/\/www.beveswelt.de\/wp-content\/gallery\/2014_03_muell\/thumbs\/thumbs_O_03.jpg\"\n\t\t\t\t\twidth=\"150\"\n\t\t\t\t\theight=\"150\"\n\t\t\t\t\tstyle=\"max-width:100%;\"\n\t\t\t\t\/>\n\t\t\t<\/a>\n\t\t<\/div>\n\t\t\t\t\t\t\t<\/div>\n\t\t\t\n\t\n\t<br style=\"clear: both\" \/>\n\n\t\n\t\t<div class=\"ngg-clear\"><\/div>\n\t<\/div>\n<\/p>\n","protected":false},"excerpt":{"rendered":"<p>Es h\u00e4tte ein sch\u00f6ner Tag werden k\u00f6nnen. Die Sonne lachte bereits in der Fr\u00fche als ich in der Schlange beim B\u00e4cker in der Rohrbachstra\u00dfe wartete. Die Erwachsenen tippten auf ihrem Handy oder starrten ins Nichts, w\u00e4hrend ein M\u00e4dchen, vielleicht vier Jahre alt, mit einem gefl\u00fcgelten Pony in der Hand, auf den Treppenstufen und Fenstersimsen herum [&hellip;]<\/p>\n","protected":false},"author":2,"featured_media":6908,"comment_status":"open","ping_status":"open","sticky":false,"template":"","format":"standard","meta":{"ngg_post_thumbnail":0,"footnotes":""},"categories":[9],"tags":[1462,1823,151,1464,1465,345,1461,1463,569],"class_list":["post-6907","post","type-post","status-publish","format-standard","has-post-thumbnail","hentry","category-eintracht-frankfurt","tag-aykut-oezer","tag-eintracht-frankfurt","tag-flo","tag-gagelmann","tag-hafengarten","tag-mull","tag-offenbach","tag-rico-schmitt","tag-u23","post-preview"],"_links":{"self":[{"href":"https:\/\/www.beveswelt.de\/index.php?rest_route=\/wp\/v2\/posts\/6907","targetHints":{"allow":["GET"]}}],"collection":[{"href":"https:\/\/www.beveswelt.de\/index.php?rest_route=\/wp\/v2\/posts"}],"about":[{"href":"https:\/\/www.beveswelt.de\/index.php?rest_route=\/wp\/v2\/types\/post"}],"author":[{"embeddable":true,"href":"https:\/\/www.beveswelt.de\/index.php?rest_route=\/wp\/v2\/users\/2"}],"replies":[{"embeddable":true,"href":"https:\/\/www.beveswelt.de\/index.php?rest_route=%2Fwp%2Fv2%2Fcomments&post=6907"}],"version-history":[{"count":3,"href":"https:\/\/www.beveswelt.de\/index.php?rest_route=\/wp\/v2\/posts\/6907\/revisions"}],"predecessor-version":[{"id":6920,"href":"https:\/\/www.beveswelt.de\/index.php?rest_route=\/wp\/v2\/posts\/6907\/revisions\/6920"}],"wp:featuredmedia":[{"embeddable":true,"href":"https:\/\/www.beveswelt.de\/index.php?rest_route=\/wp\/v2\/media\/6908"}],"wp:attachment":[{"href":"https:\/\/www.beveswelt.de\/index.php?rest_route=%2Fwp%2Fv2%2Fmedia&parent=6907"}],"wp:term":[{"taxonomy":"category","embeddable":true,"href":"https:\/\/www.beveswelt.de\/index.php?rest_route=%2Fwp%2Fv2%2Fcategories&post=6907"},{"taxonomy":"post_tag","embeddable":true,"href":"https:\/\/www.beveswelt.de\/index.php?rest_route=%2Fwp%2Fv2%2Ftags&post=6907"}],"curies":[{"name":"wp","href":"https:\/\/api.w.org\/{rel}","templated":true}]}}