{"id":6890,"date":"2014-03-27T08:22:04","date_gmt":"2014-03-27T07:22:04","guid":{"rendered":"http:\/\/www.beveswelt.de\/?p=6890"},"modified":"2014-03-27T08:23:44","modified_gmt":"2014-03-27T07:23:44","slug":"stadtspaziergang-auf-eintracht-spuren","status":"publish","type":"post","link":"https:\/\/www.beveswelt.de\/?p=6890","title":{"rendered":"Stadtspaziergang auf Eintracht-Spuren"},"content":{"rendered":"<p lang=\"de-DE\" style=\"text-align: justify;\"><span style=\"color: #000000;\"><span style=\"font-family: Arial,sans-serif;\"><span style=\"font-size: small;\">Am Sonntag, den 30. M\u00e4rz bietet das Eintracht Frankfurt Museum, hoffentlich bei bestem Wetter, einmal mehr einen Stadtspaziergang auf Eintracht-Spuren an. <!--more--><\/span><\/span><\/span><\/p>\n<p lang=\"de-DE\" style=\"text-align: justify;\"><span style=\"color: #000000;\"><span style=\"font-family: Calibri,sans-serif;\"><span style=\"font-size: small;\"><span style=\"font-family: Arial,sans-serif;\"><span style=\"font-size: small;\">Gibt es in der Innenstadt \u00fcberhaupt Spuren der Eintracht? Wir sagen ja und werden den Besuchern den Blick aus dem Cafe Hanselmann der 1920er Jahre, die Turnhalle im Oeder Weg, das Gesch\u00e4ft des Vereins-Gr\u00fcnders Albert Pohlenk und die Gesch\u00e4ftsstelle der 1950er Jahre zeigen. Dazu erinnern wir an die Drogerie von Richard Kre\u00df im Oeder Weg, an Alfred Pfaff`s Kneipe an der Hauptwache und an die gro\u00dfen Partys auf dem Frankfurter R\u00f6mer. Wo trafen sich die ersten Frankfurter Fu\u00dfballer? Und welche Stolpersteine in der Stadt erinnern an Eintrachtler? Und wo war die Metzgerei Fleischer? Beim ca. zweist\u00fcndigen Rundgang werden all diese Fragen beantwortet. <\/span><\/span><\/span><\/span><\/span><\/p>\n<p lang=\"de-DE\" style=\"text-align: justify;\"><span style=\"color: #000000;\"><span style=\"font-family: Calibri,sans-serif;\"><span style=\"font-size: small;\"><span style=\"font-family: Arial,sans-serif;\"><span style=\"font-size: small;\"><b>Start:<\/b><\/span><\/span><span style=\"font-family: Arial,sans-serif;\"><span style=\"font-size: small;\"> 11.00 Uhr, Teilnahmegeb\u00fchr 5,00 \u20ac, 3,50 \u20ac. Treffpunkt: Vor dem Cafe` Hauptwache. Durch die Stadt f\u00fchren Axel Hoffmann &amp; Matthias Thoma. <\/span><\/span><\/span><\/span><\/span><\/p>\n","protected":false},"excerpt":{"rendered":"<p>Am Sonntag, den 30. M\u00e4rz bietet das Eintracht Frankfurt Museum, hoffentlich bei bestem Wetter, einmal mehr einen Stadtspaziergang auf Eintracht-Spuren an.<\/p>\n","protected":false},"author":2,"featured_media":6891,"comment_status":"open","ping_status":"open","sticky":false,"template":"","format":"standard","meta":{"ngg_post_thumbnail":0,"footnotes":""},"categories":[9,4],"tags":[1064,109,447,1453,523,552],"class_list":["post-6890","post","type-post","status-publish","format-standard","has-post-thumbnail","hentry","category-eintracht-frankfurt","category-frankfurt","tag-alfred-pfaff","tag-eintracht-frankfurt-museum","tag-richard-kress","tag-stadtrundgang","tag-stolpersteine","tag-tilly-fleischer","post-preview"],"_links":{"self":[{"href":"https:\/\/www.beveswelt.de\/index.php?rest_route=\/wp\/v2\/posts\/6890","targetHints":{"allow":["GET"]}}],"collection":[{"href":"https:\/\/www.beveswelt.de\/index.php?rest_route=\/wp\/v2\/posts"}],"about":[{"href":"https:\/\/www.beveswelt.de\/index.php?rest_route=\/wp\/v2\/types\/post"}],"author":[{"embeddable":true,"href":"https:\/\/www.beveswelt.de\/index.php?rest_route=\/wp\/v2\/users\/2"}],"replies":[{"embeddable":true,"href":"https:\/\/www.beveswelt.de\/index.php?rest_route=%2Fwp%2Fv2%2Fcomments&post=6890"}],"version-history":[{"count":3,"href":"https:\/\/www.beveswelt.de\/index.php?rest_route=\/wp\/v2\/posts\/6890\/revisions"}],"predecessor-version":[{"id":6894,"href":"https:\/\/www.beveswelt.de\/index.php?rest_route=\/wp\/v2\/posts\/6890\/revisions\/6894"}],"wp:featuredmedia":[{"embeddable":true,"href":"https:\/\/www.beveswelt.de\/index.php?rest_route=\/wp\/v2\/media\/6891"}],"wp:attachment":[{"href":"https:\/\/www.beveswelt.de\/index.php?rest_route=%2Fwp%2Fv2%2Fmedia&parent=6890"}],"wp:term":[{"taxonomy":"category","embeddable":true,"href":"https:\/\/www.beveswelt.de\/index.php?rest_route=%2Fwp%2Fv2%2Fcategories&post=6890"},{"taxonomy":"post_tag","embeddable":true,"href":"https:\/\/www.beveswelt.de\/index.php?rest_route=%2Fwp%2Fv2%2Ftags&post=6890"}],"curies":[{"name":"wp","href":"https:\/\/api.w.org\/{rel}","templated":true}]}}