{"id":6887,"date":"2014-03-26T08:58:45","date_gmt":"2014-03-26T07:58:45","guid":{"rendered":"http:\/\/www.beveswelt.de\/?p=6887"},"modified":"2014-03-26T08:59:23","modified_gmt":"2014-03-26T07:59:23","slug":"waldtribuene-gegen-gladbach","status":"publish","type":"post","link":"https:\/\/www.beveswelt.de\/?p=6887","title":{"rendered":"Waldtrib\u00fcne gegen Gladbach"},"content":{"rendered":"<p style=\"text-align: justify;\">Nach dem phasenweise am seidenen Faden h\u00e4ngenden, am Ende aber doch souver\u00e4nen Sieg beim 1. FC N\u00fcrnberg, trifft die Eintracht heute auf wiedererstarkte Gladbacher. Die Borussen, die durch zwei Siege in Folge wieder an der Champiosleague-Qualifikation schnuppern, haben dennoch erst neun Punkte in der R\u00fcckrunde geholt, immerhin f\u00fcnf weniger als die Eintracht &#8211; die im Kampf um den Klassenerhalt auch durch die Niederlage von Werder Bremen gestern gegen Wolfsburg gute Karten besitzt.<\/p>\n<p style=\"text-align: justify;\"><!--more--><\/p>\n<p style=\"text-align: justify;\">Prognosen zum Spielausgang sind gewagt, zumal die Borussia sich in den letzten Jahren zu einer Art Angstgegner entwickelt hat, die letzten vier Spiele gingen alle verloren, auch Unentschieden sind rar geworden &#8211; in den letzten zehn Jahren gab es nur ein einziges Remis &#8211; vor ziemlich genau sieben Jahren. Der einzige Spieler, der damals wie heute auf dem Platz stand, ist Marco Russ. Eingewechselt f\u00fcr Albert Streit beim Stand von 1:0 in der 87. Minute (nach gelb-rot f\u00fcr Kyrgiakos), erlebte er zwei Minuten sp\u00e4ter den Gladbacher Ausgleich.<\/p>\n<p style=\"text-align: justify;\">Vergangen dies. Heute Abend k\u00f6nnte ein Sieg gegen die &#8222;Fohlen&#8220; einen gro\u00dfen Schritt Richtung Klassenerhalt bedeuten. Dies w\u00fcrde nicht zuletzt die Planungen f\u00fcr die kommende Saison massiv erleichtern &#8211; aber wir kennen ja unsere Eintracht. Spannend wird es allemal, zumal in den anderen Begegnungen direkte Konkurrenten aufeinander treffen. Der Club im zweiten Heimspiel binnen weniger Tage auf den VfB Stuttgart und die flinken Freiburger auf den eher beh\u00e4bigen HSV.<\/p>\n<p style=\"text-align: justify;\">Zur Einstimmung bieten wir auf der Waldtrib\u00fcne wie stets bei Heimspielen ein interessantes Programm:<\/p>\n<p style=\"text-align: justify;\">18.45\u00a0\u00a0\u00a0\u00a0\u00a0Anpfiff mit Beve und Frauke<\/p>\n<p style=\"text-align: justify;\">18.50\u00a0\u00a0\u00a0\u00a0 Doc`s historische Sprechstunde<\/p>\n<p style=\"text-align: justify;\">18.55\u00a0\u00a0\u00a0\u00a0 Organisiert den G\u00e4steblog &#8222;<a href=\"http:\/\/www.entscheidend-is-aufm-platz.de\/\" target=\"_blank\">Entscheidend-is-aufm-platz.de<\/a>&#8222;, Jannik Sorgatz<\/p>\n<p style=\"text-align: justify;\">19.05\u00a0\u00a0\u00a0\u00a0 Organisiert seine Sammlung: Helmut Schwabe, Eintrachtfan und Sammler<\/p>\n<p style=\"text-align: justify;\">19.10\u00a0\u00a0\u00a0\u00a0\u00a0Organisiert den Profifu\u00dfball: Andreas Rettig, Gesch\u00e4ftsf\u00fchrer der DFL<\/p>\n<p style=\"text-align: justify;\">19.25\u00a0\u00a0\u00a0\u00a0\u00a0Elf des Tages<\/p>\n<p style=\"text-align: justify;\">Wir seh&#8217;n uns also, drau\u00dfen im Wald.<\/p>\n","protected":false},"excerpt":{"rendered":"<p>Nach dem phasenweise am seidenen Faden h\u00e4ngenden, am Ende aber doch souver\u00e4nen Sieg beim 1. FC N\u00fcrnberg, trifft die Eintracht heute auf wiedererstarkte Gladbacher. Die Borussen, die durch zwei Siege in Folge wieder an der Champiosleague-Qualifikation schnuppern, haben dennoch erst neun Punkte in der R\u00fcckrunde geholt, immerhin f\u00fcnf weniger als die Eintracht &#8211; die im [&hellip;]<\/p>\n","protected":false},"author":2,"featured_media":6283,"comment_status":"open","ping_status":"open","sticky":false,"template":"","format":"standard","meta":{"ngg_post_thumbnail":0,"footnotes":""},"categories":[9],"tags":[1450,1012,1823,1451,1452,326,847],"class_list":["post-6887","post","type-post","status-publish","format-standard","has-post-thumbnail","hentry","category-eintracht-frankfurt","tag-andreas-rettig","tag-borussia-monchengladbach","tag-eintracht-frankfurt","tag-helmut-schwabe","tag-jannick-sorgatz","tag-marco-russ","tag-waldtribune","post-preview"],"_links":{"self":[{"href":"https:\/\/www.beveswelt.de\/index.php?rest_route=\/wp\/v2\/posts\/6887","targetHints":{"allow":["GET"]}}],"collection":[{"href":"https:\/\/www.beveswelt.de\/index.php?rest_route=\/wp\/v2\/posts"}],"about":[{"href":"https:\/\/www.beveswelt.de\/index.php?rest_route=\/wp\/v2\/types\/post"}],"author":[{"embeddable":true,"href":"https:\/\/www.beveswelt.de\/index.php?rest_route=\/wp\/v2\/users\/2"}],"replies":[{"embeddable":true,"href":"https:\/\/www.beveswelt.de\/index.php?rest_route=%2Fwp%2Fv2%2Fcomments&post=6887"}],"version-history":[{"count":2,"href":"https:\/\/www.beveswelt.de\/index.php?rest_route=\/wp\/v2\/posts\/6887\/revisions"}],"predecessor-version":[{"id":6889,"href":"https:\/\/www.beveswelt.de\/index.php?rest_route=\/wp\/v2\/posts\/6887\/revisions\/6889"}],"wp:featuredmedia":[{"embeddable":true,"href":"https:\/\/www.beveswelt.de\/index.php?rest_route=\/wp\/v2\/media\/6283"}],"wp:attachment":[{"href":"https:\/\/www.beveswelt.de\/index.php?rest_route=%2Fwp%2Fv2%2Fmedia&parent=6887"}],"wp:term":[{"taxonomy":"category","embeddable":true,"href":"https:\/\/www.beveswelt.de\/index.php?rest_route=%2Fwp%2Fv2%2Fcategories&post=6887"},{"taxonomy":"post_tag","embeddable":true,"href":"https:\/\/www.beveswelt.de\/index.php?rest_route=%2Fwp%2Fv2%2Ftags&post=6887"}],"curies":[{"name":"wp","href":"https:\/\/api.w.org\/{rel}","templated":true}]}}