{"id":6815,"date":"2014-03-04T10:35:43","date_gmt":"2014-03-04T09:35:43","guid":{"rendered":"http:\/\/www.beveswelt.de\/?p=6815"},"modified":"2014-03-04T10:35:43","modified_gmt":"2014-03-04T09:35:43","slug":"maserati-alfa-trabbi-dazu-der-vfb-und-armin-veh","status":"publish","type":"post","link":"https:\/\/www.beveswelt.de\/?p=6815","title":{"rendered":"Maserati. Alfa. Trabbi. Dazu der VfB und Armin Veh."},"content":{"rendered":"<p align=\"JUSTIFY\">Was f\u00fcr Eintrachttage. Eben sind wir noch durch Porto marschiert, haben dann nebenbei ein lumpiges 0:0 gegen Werder Bremen mitgenommen, um wenige Tage sp\u00e4ter tr\u00e4nenreich den Traum von einer weiteren Reise durch Europa zu begraben. Und dann kam der VfB Stuttgart nach Frankfurt.<!--more--><\/p>\n<p align=\"JUSTIFY\">Jener VfB, gegen den die Eintracht in den letzten Jahren nie zuhause gewonnen hat, denkw\u00fcrdige Spiele dabei. In der Abstiegssaison war es Eintracht gegen Ulreich, ein Spiel auf ein Tor, ein Spiel, das derart ungerecht verloren wurde, wie die Eintracht eben nur gegen Stuttgart verlieren kann. Ein Jahr zuvor f\u00fchrt die Eintracht gegen den VfB nach 86 Minuten mit 2:1, Gomez trifft zum vermeintlichen Ausgleich, Schiedsrichter Rafati gibt den Treffer ob eines vorausgegangenen Fouls nicht. Doch der Linienrichter, bedr\u00e4ngt von den Stuttgartern, entscheidet auf Tor. Ausgleich, 2:2.<\/p>\n<p align=\"JUSTIFY\">Und nun hatte der VfB gleich sieben Spiele am St\u00fcck verloren und der Eintracht steckte noch der Auftritt gegen Porto in den Knochen. Nat\u00fcrlich hielt Ulreich den VfB im Spiel, als er nach wenigen Minuten Barnettas Kopfball abwehren kann, nat\u00fcrlich macht der VfB durch Harnik das 1:0, da hilft es auch nichts, dass Ibisevic gesperrt ist. Sp\u00e4ter hallt es durchs Stadion: Hier regiert der VfB&#8220; &#8211; alles wie immer. Was dann folgte, war schlicht unglaublich. Man k\u00f6nnte meinen, Elfmeter ist, genau wie Abseits, wenn der Schiri pfeift. Doch nicht in Frankfurt, nicht gegen den VfB. Barnetta ist im Strafraum, f\u00e4llt, ein Pfiff, Elfmeter. K\u00f6nnte man meinen &#8211; dem war aber nicht so. Wie schon Jahre zuvor wird der Linienrichter von Stuttgartern umringt &#8211; und tats\u00e4chlich wird der Elfmeter zur\u00fcck genommen, ob zu Recht oder Unrecht sei einmal dahin gestellt &#8211; es ist wie immer, die Eintracht, die ins Spiel zur\u00fcck gekommen ist, wird verlieren. Da verliert Zambrano ungl\u00fccklich den Ball, in der Mitte Maxim frei vor Trapp, das ist das 2:0, die Niederlage. Doch die Kugel fliegt an Trapp und am Kasten vorbei, eigentlich ein Ding der Unm\u00f6glichkeit. Aber es gibt wahrhaftig Ab- und nicht Ansto\u00df.<\/p>\n<p align=\"JUSTIFY\">Und dann geschieht das, was kaum einer f\u00fcr m\u00f6glich gehalten hat. Zun\u00e4chst k\u00f6pft Russ einen Abschlag von Ulreich zur\u00fcck in die H\u00e4lfte der Stuttgarter, der eingewechselte Rosenthal, der bei seiner Einwechslung mit Pfiffen bedacht wurde (oder wurde mit den Pfiffen die Tatsache bedacht, dass nach der Auswechselung Joselus nun kein richtiger St\u00fcrmer mehr auf dem Platz stand), marschiert auf Ulreich zu und schiebt die Kugel zum Ausgleich ins Netz. Der Stuttgarter Anhang wurde merklich ruhiger.<\/p>\n<p align=\"JUSTIFY\">Dann liegt Flum mit Kr\u00e4mpfen auf dem Spielfeld, jener Flum, der in der letzten Spielminute der regul\u00e4ren Spielzeit den Ball ums Verrecken nicht hergeben will, sich gegen zwei durchsetzt, auf Meier passt, der das unfassbare 2:1 f\u00fcr die Eintracht erzielt. Sieg. Sieg in einem Spiel, das die Eintracht ob aller Vorzeichen nicht gewinnen konnte. Wer wei\u00df, vielleicht hat der nicht gegebene Elfmeter den Willen geweckt, sich das nicht bieten zu lassen &#8211; die drei Punkte aber waren Gold wert &#8211; und f\u00fcr den VfB vielleicht sogar der Genickbruch. Die achte Niederlage in Folge &#8211; und das bei der Eintracht, der europageschlauchten Eintracht in der neunzigsten Minute. Der Stuttgarter Anhang war still. Sehr still. In der anschlie\u00dfenden Pressekonferenz wurde Trainer Veh gefragt, weshalb er Rosenthal eingewechselt hat. Lapidare Antwort: <em>Weil ich wusste, dass er ein Tor macht.<\/em><\/p>\n<p align=\"JUSTIFY\">In der Nacht zum Montag dann der n\u00e4chste Paukenschlag, Trainer Armin Veh wird die Eintracht mangels Perspektive zum Saisonende verlassen, verk\u00fcndete die wohlinformierte FAZ. Drei Jahre nach seiner Verpflichtung, in denen mit dem Aufstieg, dem Erreichen des Europacups und den Auftritten ebendort durchaus gro\u00dfartige Erlebnisse verbunden sind, obgleich die Auftritte der Eintracht vor allem in der Hinserie der Liga 2013\/14 eher h\u00f6lzern wirkten und Spieler wie Inui oder Oczipka weit entfernt von der Form der Vorsaison blieben. Auf die Integration von jungen Spielern warteten wir vergeblich, auch wenn Kittel und Stendera sich mit langwierigen Verletzungen herumplagen mussten bzw. m\u00fcssen.<\/p>\n<p align=\"JUSTIFY\">Letztlich ist es aber auch die Aufgabe des Trainers, mit seinem Team Perspektiven zu entwickeln &#8211; auch und gerade wenn grandiose Fu\u00dfballer von der Eintracht mangels Masse nicht zu holen sind. Und es ist nicht die Aufgabe, Perspektivlosigkeit herbei zu reden. Es ist wie auf der Autobahn, nat\u00fcrlich ist ein Maserati schneller als eine Giulietta &#8211; aber es besteht immer die M\u00f6glichkeit, dass der Maserati kurz vor dem Ziel am Stra\u00dfenrand auf den ADAC wartet, w\u00e4hrend der ordentlich gepflegte Alfa wom\u00f6glich ohne Panne ins Ziel kommt und fr\u00f6hlich winkt. Dazu aber muss der Alfa gehegt werden &#8211; und ist zudem nicht davor gefeit, im Ziel schon von einem Trabbi empfangen zu werden, weil dessen Besatzung einen pfiffigen Umweg genommen hat und somit dem Stau ausweichen konnte.<\/p>\n<p align=\"JUSTIFY\">Und genau dies wird die Aufgabe des neuen Trainers werden. Danke und alles Gute Armin Veh.<\/p>\n<p>&nbsp;<\/p>\n","protected":false},"excerpt":{"rendered":"<p>Was f\u00fcr Eintrachttage. Eben sind wir noch durch Porto marschiert, haben dann nebenbei ein lumpiges 0:0 gegen Werder Bremen mitgenommen, um wenige Tage sp\u00e4ter tr\u00e4nenreich den Traum von einer weiteren Reise durch Europa zu begraben. Und dann kam der VfB Stuttgart nach Frankfurt.<\/p>\n","protected":false},"author":2,"featured_media":6816,"comment_status":"open","ping_status":"open","sticky":false,"template":"","format":"standard","meta":{"ngg_post_thumbnail":0,"footnotes":""},"categories":[9],"tags":[811,1079,1823,1433,1432,1431,586],"class_list":["post-6815","post","type-post","status-publish","format-standard","has-post-thumbnail","hentry","category-eintracht-frankfurt","tag-alex-meier","tag-armin-veh","tag-eintracht-frankfurt","tag-jan-rosenthal","tag-johannes-flum","tag-sven-ulreich","tag-vfb-stuttgart","post-preview"],"_links":{"self":[{"href":"https:\/\/www.beveswelt.de\/index.php?rest_route=\/wp\/v2\/posts\/6815","targetHints":{"allow":["GET"]}}],"collection":[{"href":"https:\/\/www.beveswelt.de\/index.php?rest_route=\/wp\/v2\/posts"}],"about":[{"href":"https:\/\/www.beveswelt.de\/index.php?rest_route=\/wp\/v2\/types\/post"}],"author":[{"embeddable":true,"href":"https:\/\/www.beveswelt.de\/index.php?rest_route=\/wp\/v2\/users\/2"}],"replies":[{"embeddable":true,"href":"https:\/\/www.beveswelt.de\/index.php?rest_route=%2Fwp%2Fv2%2Fcomments&post=6815"}],"version-history":[{"count":4,"href":"https:\/\/www.beveswelt.de\/index.php?rest_route=\/wp\/v2\/posts\/6815\/revisions"}],"predecessor-version":[{"id":6820,"href":"https:\/\/www.beveswelt.de\/index.php?rest_route=\/wp\/v2\/posts\/6815\/revisions\/6820"}],"wp:featuredmedia":[{"embeddable":true,"href":"https:\/\/www.beveswelt.de\/index.php?rest_route=\/wp\/v2\/media\/6816"}],"wp:attachment":[{"href":"https:\/\/www.beveswelt.de\/index.php?rest_route=%2Fwp%2Fv2%2Fmedia&parent=6815"}],"wp:term":[{"taxonomy":"category","embeddable":true,"href":"https:\/\/www.beveswelt.de\/index.php?rest_route=%2Fwp%2Fv2%2Fcategories&post=6815"},{"taxonomy":"post_tag","embeddable":true,"href":"https:\/\/www.beveswelt.de\/index.php?rest_route=%2Fwp%2Fv2%2Ftags&post=6815"}],"curies":[{"name":"wp","href":"https:\/\/api.w.org\/{rel}","templated":true}]}}