{"id":6785,"date":"2014-02-27T09:57:42","date_gmt":"2014-02-27T08:57:42","guid":{"rendered":"http:\/\/www.beveswelt.de\/?p=6785"},"modified":"2014-02-27T09:59:29","modified_gmt":"2014-02-27T08:59:29","slug":"vor-dem-spiel-gegen-porto","status":"publish","type":"post","link":"https:\/\/www.beveswelt.de\/?p=6785","title":{"rendered":"Vor dem Spiel gegen Porto"},"content":{"rendered":"<p style=\"text-align: justify;\">Heute abend gilt es. Endet der Traum von Europa oder geht die Reise weiter? Die Ausgangsposition ist bekannt, die Spielst\u00e4rke des FC Porto auch. F\u00fcr einen ist die Reise leider jetzt schon beendet, Sebastians Rodes Knorpel muss unters Messer, Rode wird in dieser Saison kein Spiel mehr f\u00fcr die Eintracht bestreiten k\u00f6nnen. Das ist bedauerlich, m\u00f6ge er wieder fit werden. Alles Gute von hier.<\/p>\n<p style=\"text-align: justify;\"><!--more--><\/p>\n<p style=\"text-align: justify;\">Es wird ein magischer Abend im Stadion werden &#8211; so die SGE mitspielt. Wahrscheinlich wird uns eine Choreo zelebriert, das Fernsehen \u00fcbertr\u00e4gt die Begegnung live und in Farbe, das Stadion ist mit \u00fcber 48.000 ausverkauft, ich bin gespannt, wieviele Portuenser dabei sein werden. W\u00e4hrend f\u00fcr uns eine Reise nach Portugal relativ g\u00fcnstig ist, so ist es umgekehrt nat\u00fcrlich eher teuer.<\/p>\n<p style=\"text-align: justify;\">V\u00f6llig kostenlos, wenn auch nicht umsonst, bieten wir euch auch heute auf der Waldtrib\u00fcne ein buntes Programm an, welches sich wieder einmal sehen lassen kann. Wir werden Fans des FC Porto begr\u00fc\u00dfen, dazu mit Joachim Garthe und Joachim Pflug diejenigen, die vielen von euch die Reisen nach Europa erst m\u00f6glich gemacht haben &#8211; durch die Tagesflieger. Und dann kommt jemand zu uns, den wir eigentlich auf dem Platz erwartet haben. Unsere Nummer 17, Stephan Schr\u00f6ck! Und wer will, kann nach dem Spiel in Bembelbar feiern, die diesmal im Clubkeller in Sachsenhausen zelebriert wird.<\/p>\n<p style=\"text-align: justify;\">Eintracht Frankfurt international!<\/p>\n<p style=\"text-align: justify;\"><span style=\"font-family: Arial,serif;\"><span style=\"font-size: x-large;\">Programm Waldtrib\u00fcne 27.02.2014<\/span><\/span><\/p>\n<p style=\"text-align: justify;\"><span style=\"font-family: Arial,serif;\"><span style=\"font-size: large;\"><strong>Eintracht Frankfurt \u2013 FC Porto<\/strong> <\/span><\/span><\/p>\n<p style=\"text-align: justify;\"><span style=\"font-family: Arial,serif;\"><span style=\"font-size: large;\">17.45 Anpfiff mit Beve &amp; Frauke <\/span><\/span><\/p>\n<p style=\"text-align: justify;\"><span style=\"font-family: Arial,serif;\"><span style=\"font-size: large;\">17.50 Docs historische Sprechstunde mit Dr. Othmar Hermann<\/span><\/span><\/p>\n<p style=\"text-align: justify;\"><span style=\"font-family: Arial,serif;\"><span style=\"font-size: large;\">17.55 G\u00e4stekurve: FC Portofans <\/span><\/span><\/p>\n<p style=\"text-align: justify;\"><span style=\"font-family: Arial,serif;\"><span style=\"font-size: large;\">18.00 Europa-Reise-erfahren &amp; Eintrachtfans: Die Herren Garthe &amp; Pflug<\/span><\/span><\/p>\n<p style=\"text-align: justify;\"><span style=\"font-family: Arial,serif;\"><span style=\"font-size: large;\">18.10 Unsere Nummer 17: Stephan Schr\u00f6ck <\/span><\/span><\/p>\n<p style=\"text-align: justify;\"><span style=\"font-family: Arial,serif;\"><span style=\"font-size: large;\">18.25 Elf des Tages<b> <\/b><\/span><\/span><\/p>\n<p style=\"text-align: justify;\">\n","protected":false},"excerpt":{"rendered":"<p>Heute abend gilt es. Endet der Traum von Europa oder geht die Reise weiter? Die Ausgangsposition ist bekannt, die Spielst\u00e4rke des FC Porto auch. F\u00fcr einen ist die Reise leider jetzt schon beendet, Sebastians Rodes Knorpel muss unters Messer, Rode wird in dieser Saison kein Spiel mehr f\u00fcr die Eintracht bestreiten k\u00f6nnen. Das ist bedauerlich, [&hellip;]<\/p>\n","protected":false},"author":2,"featured_media":6788,"comment_status":"open","ping_status":"open","sticky":false,"template":"","format":"standard","meta":{"ngg_post_thumbnail":0,"footnotes":""},"categories":[9],"tags":[1823,993,1414,1415,1413,847],"class_list":["post-6785","post","type-post","status-publish","format-standard","has-post-thumbnail","hentry","category-eintracht-frankfurt","tag-eintracht-frankfurt","tag-fc-porto","tag-joachim-garthe","tag-joachim-pflug","tag-stephan-schroeck","tag-waldtribune","post-preview"],"_links":{"self":[{"href":"https:\/\/www.beveswelt.de\/index.php?rest_route=\/wp\/v2\/posts\/6785","targetHints":{"allow":["GET"]}}],"collection":[{"href":"https:\/\/www.beveswelt.de\/index.php?rest_route=\/wp\/v2\/posts"}],"about":[{"href":"https:\/\/www.beveswelt.de\/index.php?rest_route=\/wp\/v2\/types\/post"}],"author":[{"embeddable":true,"href":"https:\/\/www.beveswelt.de\/index.php?rest_route=\/wp\/v2\/users\/2"}],"replies":[{"embeddable":true,"href":"https:\/\/www.beveswelt.de\/index.php?rest_route=%2Fwp%2Fv2%2Fcomments&post=6785"}],"version-history":[{"count":4,"href":"https:\/\/www.beveswelt.de\/index.php?rest_route=\/wp\/v2\/posts\/6785\/revisions"}],"predecessor-version":[{"id":6790,"href":"https:\/\/www.beveswelt.de\/index.php?rest_route=\/wp\/v2\/posts\/6785\/revisions\/6790"}],"wp:featuredmedia":[{"embeddable":true,"href":"https:\/\/www.beveswelt.de\/index.php?rest_route=\/wp\/v2\/media\/6788"}],"wp:attachment":[{"href":"https:\/\/www.beveswelt.de\/index.php?rest_route=%2Fwp%2Fv2%2Fmedia&parent=6785"}],"wp:term":[{"taxonomy":"category","embeddable":true,"href":"https:\/\/www.beveswelt.de\/index.php?rest_route=%2Fwp%2Fv2%2Fcategories&post=6785"},{"taxonomy":"post_tag","embeddable":true,"href":"https:\/\/www.beveswelt.de\/index.php?rest_route=%2Fwp%2Fv2%2Ftags&post=6785"}],"curies":[{"name":"wp","href":"https:\/\/api.w.org\/{rel}","templated":true}]}}