{"id":6536,"date":"2013-12-19T11:12:49","date_gmt":"2013-12-19T10:12:49","guid":{"rendered":"http:\/\/www.beveswelt.de\/?p=6536"},"modified":"2013-12-19T12:15:14","modified_gmt":"2013-12-19T11:15:14","slug":"naeht-auf-wenn-ihr-adler-seid","status":"publish","type":"post","link":"https:\/\/www.beveswelt.de\/?p=6536","title":{"rendered":"N\u00e4ht auf, wenn ihr Adler seid"},"content":{"rendered":"<p style=\"text-align: justify;\" align=\"JUSTIFY\">Da hat sich gestern ein ordentlicher Haufen nostalgischer Eintrachtfans im Museum der Eintracht eingefunden, um einer Buchvorstellung beizuwohnen, die es in sich hatte. Es ging nicht um Kicker oder Offizielle, vielmehr haben Til Adam, Christian Hahn und Harald Pridgar sich intensiv um Kutten und vor allem Aufn\u00e4her gek\u00fcmmert; Aufn\u00e4her, die in den Siebziger und Achtziger Jahren in Stadien gang und g\u00e4be waren und heute nahezu ausgestorben sind.<\/p>\n<p style=\"text-align: justify;\" align=\"JUSTIFY\"><!--more--><\/p>\n<p style=\"text-align: justify;\" align=\"JUSTIFY\">Und etliche dieser Aufn\u00e4her wurden nun Gegenstand des Buches <a href=\"http:\/\/www.amazon.de\/N\u00e4ht-wenn-Adler-seid-Fanclub-Aufn\u00e4her\/dp\/3863370228\" target=\"_blank\">&#8222;N\u00e4ht auf, wenn ihr Adler seid&#8220;<\/a>, eine (unvollst\u00e4ndige) Sammlung von Aufn\u00e4hern zur Frankfurter Eintracht. Neben Christian Hahn hatten sich durchaus einige Koryph\u00e4en eingefunden, die profund \u00fcber die Zeiten berichten konnten, in denen Fu\u00dfball noch keine Familienangelegenheit war, sondern viel eher Treffpunkt der vorwiegend m\u00e4nnlichen Jugend &#8211; und eine Kutte geh\u00f6rte damals f\u00fcr die Harten dazu.<\/p>\n<p style=\"text-align: justify;\" align=\"JUSTIFY\"><a href=\"http:\/\/www.beveswelt.de\/?attachment_id=6537\" rel=\"attachment wp-att-6537\"><img decoding=\"async\" class=\"aligncenter size-full wp-image-6537\" alt=\"N\u00e4ht auf\" src=\"http:\/\/www.beveswelt.de\/wp-content\/uploads\/2013\/12\/N\u00e4ht-auf.jpg\" width=\"290\" height=\"290\" srcset=\"https:\/\/www.beveswelt.de\/wp-content\/uploads\/2013\/12\/N\u00e4ht-auf.jpg 290w, https:\/\/www.beveswelt.de\/wp-content\/uploads\/2013\/12\/N\u00e4ht-auf-144x144.jpg 144w, https:\/\/www.beveswelt.de\/wp-content\/uploads\/2013\/12\/N\u00e4ht-auf-50x50.jpg 50w\" sizes=\"(max-width: 290px) 100vw, 290px\" \/><\/a><\/p>\n<p style=\"text-align: justify;\" align=\"JUSTIFY\">Thommy Kummetat, der heute noch regelm\u00e4\u00dfig zur Eintracht geht, hatte ma\u00dfgeblich zur Sammlung beigetragen. Damals wie heute beim EFC Bockenheim, hatte er seinerzeit einen kleinen Versandhandel, \u00fcber den er die guten Aufn\u00e4her bundesweit vertrieb. Einige davon hatte er sogar selbst produzieren lassen. Allerdings kam bei ihm kein Aufn\u00e4her auf die Kutte, viel eher auf&#8217;s Trikot &#8211; heute ein Ding der Unm\u00f6glichkeit. Matze Thoma, selbst kleiner Kuttentr\u00e4ger und gro\u00dfer Sammler berichtete, dass er stets bei Thommy gekauft habe &#8211; auch wenn die seltenen Aufn\u00e4her, die in kopierten Din A4 Seiten kataloghaft mit Sternchen versehen waren, doch recht teuer waren.<\/p>\n<p style=\"text-align: justify;\" align=\"JUSTIFY\">Hoch interessant ein weiterer Gast, einer der sogar mal f\u00fcr als auch gegen die Eintracht gespielt hat und noch heute das Tor von Hessen Kassel in der dritten Liga h\u00fctet. <a href=\"http:\/\/de.wikipedia.org\/wiki\/Carsten_Nulle\" target=\"_blank\">Carsten Nulle<\/a>. Carsten, schon seit Kindesbeinen gro\u00dfer Eintrachtfan, entwickelte sich auch zum gro\u00dfen Sammler &#8211; bis heute. Auch er hatte in den Achtzigern stets bei Thommy bestellt, kennen gelernt hatten sich die beiden allerdings erst bei der Veranstaltung im Museum, obgleich sich Thommy noch gut an die Bestellungen Carstens erinnern konnte: &#8222;Er schrieb stets mit gr\u00fcnem F\u00fcller.&#8220; Nat\u00fcrlich hatte Carsten auch eine Anekdote zum Fu\u00dfball parat. Als er vor ein paar Jahren im Trikot von Carl Zeiss Jena spielte, traf er auf die Offenbacher Kickers. Jahre zuvor hatte er kurz vor einem Engagement bei OFC gestanden, wurde aber Fanseitig abgelehnt, Kickers-Anh\u00e4nger spuckten gar vor Carstens Mutter auf den Boden, Carsten ging nach Freiburg. Nun also Jena gegen Offenbach. Da Carsten siegessicher war, trug er unter seinem Torh\u00fctertrikot ein Shirt der Eintracht &#8211; und als Jena die Kickers schlagen konnte, entbl\u00f6\u00dfte er sein Eintracht-Shirt &#8211; und k\u00fcsste vor der Offenbacher Kurve den Adler.\u00a0Heute ist er im Besitz eines Aufn\u00e4hers, um den ihn sogar Thommy beneidet: Eintracht Fanclub West Bromwich.<\/p>\n<p style=\"text-align: justify;\" align=\"JUSTIFY\">\u00dcberhaupt waren die Fanclubs die treibende Kraft bei den Aufn\u00e4hern. W\u00e4hrend heute die Anzahl der EFCs riesig ist und die Anzahl der Aufn\u00e4her \u00fcberschaubar, war dies einst umgekehrt. Bockenheim, die Treuen, Nied, City &#8211; sie alle hatten Aufn\u00e4her produziert, meist in kleiner Auflage, die unter Sammlern bis heute hochbegehrt sind.<\/p>\n<p style=\"text-align: justify;\" align=\"JUSTIFY\"><a href=\"http:\/\/de.wikipedia.org\/wiki\/Andreas_Maier_%28Autor%29\" target=\"_blank\">Andreas Maier<\/a>, Schriftsteller und Eintrachtfan hatte \u00fcber die Kuttentr\u00e4ger eher trauriges zu berichten. Stand er doch einst im Eintrachtblock als die Mannschaft B\u00e4lle ins Publikum schoss &#8211; und er hatte das Gl\u00fcck, einen Ball von Pezzey zu fangen. &#8222;F\u00fcr eine Sekunde war ich der gl\u00fccklichste Mensch der Welt&#8220;. Dann nahm ihm ein Kuttentr\u00e4ger wortlos das gute St\u00fcck ab und verbrachte die n\u00e4chsten 90 Minuten neben dem nunmehr ungl\u00fccklichen Andreas. So waren sie, die Kuttentr\u00e4ger, schienen immer ein bisschen rauer als die anderen &#8211; und mussten dennoch arg aufpassen, dass ihnen das edle St\u00fcck nicht von Fans anderer Mannschaften geklaut wurde &#8211; die Jacken, Jeans mit abgeschnittenen \u00c4rmeln, hatten nicht nur einen ideellen Wert sondern auch einen materiellen &#8211; und wer es geschafft hatte, die Kutte eines Zwei-Zentner-Mannes zu erbeuten, war nat\u00fcrlich der King unter seinen Kumpels. Harte Zeiten.<\/p>\n<p style=\"text-align: justify;\" align=\"JUSTIFY\">Heute sind die Kutten bis auf vereinzelte Exemplare ausgestorben, die Vereine haben das Merchandise \u00fcbernommen und manch einer hat das, was fr\u00fcher auf der Jacke prangte nun auf die Haut t\u00e4towiert, die wird einem wenigstens nicht geklaut.<\/p>\n<p style=\"text-align: justify;\" align=\"JUSTIFY\">Das B\u00fcchlein, manuell in Jeans eingebunden und mit einem Aufn\u00e4her versehen, bildet jede Menge Aufn\u00e4her vergangener Tage ab. Die Macher haben dabei auf diejenigen verzichtet, die mit unlauteren Symbolen spielen &#8211; ja die gab es auch. Dazu schrieben Heribert Bruchagen, Henni Nachtsheim und Matze Thoma hochinteressante Vorworte, in denen Jacobskaffee (Bruchhagen) oder Eierlik\u00f6r (Henni) eine Rolle spielen. Und es gibt sogar Interviews. Mit Thommy und Carsten aber auch mit Axel Gonther, Griesheimer und bis heute einer der gr\u00f6\u00dften Eintrachtfans, Thomas Zampach oder Andreas Maier. Auch wenn eine soziologische Aufarbeitung ein bisschen fehlt, so ist das Werk doch eine feine Sammlung und dazu der Anlass, sich gepflegt auf eine Zeitreise zu begeben, als Fu\u00dfball noch Regenn\u00e4sse und matschige Schuhe, Opel Kadett und Vokuhila bedeutete.<\/p>\n<p style=\"text-align: justify;\">Und weil ja bald Weihnachten ist, k\u00f6nnt ihr hier sogar ein Buch gewinnen. Dazu gibt es eine Sch\u00e4tzfrage: Wieviele Aufn\u00e4her sind denn im Werk genau abgebildet? Schreibt eure Vermutungen ruhig in die Kommentare, wer der korrekten Zahl am n\u00e4chsten kommt, der gewinnt ein Exemplar &#8222;N\u00e4ht auf, wenn ihr Adler seid.&#8220; Im Zweifel, bei identischen L\u00f6sungen, lose ich heimlich aus. Sagen wir bis Montag um 12:00 l\u00e4uft das Ding. Und falls jemand zuf\u00e4llig den &#8222;West Bromwich- Aufn\u00e4her&#8220; hat, sagt Bescheid, Thommy fehlt dieser noch.<\/p>\n","protected":false},"excerpt":{"rendered":"<p>Da hat sich gestern ein ordentlicher Haufen nostalgischer Eintrachtfans im Museum der Eintracht eingefunden, um einer Buchvorstellung beizuwohnen, die es in sich hatte. Es ging nicht um Kicker oder Offizielle, vielmehr haben Til Adam, Christian Hahn und Harald Pridgar sich intensiv um Kutten und vor allem Aufn\u00e4her gek\u00fcmmert; Aufn\u00e4her, die in den Siebziger und Achtziger [&hellip;]<\/p>\n","protected":false},"author":2,"featured_media":6537,"comment_status":"open","ping_status":"open","sticky":false,"template":"","format":"standard","meta":{"ngg_post_thumbnail":0,"footnotes":""},"categories":[9],"tags":[1376,1373,1375,1377,1823,1374,341,1378,548],"class_list":["post-6536","post","type-post","status-publish","format-standard","has-post-thumbnail","hentry","category-eintracht-frankfurt","tag-andreas-maier","tag-aufnaeher","tag-carsten-nulle","tag-christia-hahn","tag-eintracht-frankfurt","tag-kutte","tag-matze-thoma","tag-naeht-auf-wenn-ihr-adler-seid","tag-thommy-kummetat","post-preview"],"_links":{"self":[{"href":"https:\/\/www.beveswelt.de\/index.php?rest_route=\/wp\/v2\/posts\/6536","targetHints":{"allow":["GET"]}}],"collection":[{"href":"https:\/\/www.beveswelt.de\/index.php?rest_route=\/wp\/v2\/posts"}],"about":[{"href":"https:\/\/www.beveswelt.de\/index.php?rest_route=\/wp\/v2\/types\/post"}],"author":[{"embeddable":true,"href":"https:\/\/www.beveswelt.de\/index.php?rest_route=\/wp\/v2\/users\/2"}],"replies":[{"embeddable":true,"href":"https:\/\/www.beveswelt.de\/index.php?rest_route=%2Fwp%2Fv2%2Fcomments&post=6536"}],"version-history":[{"count":6,"href":"https:\/\/www.beveswelt.de\/index.php?rest_route=\/wp\/v2\/posts\/6536\/revisions"}],"predecessor-version":[{"id":6553,"href":"https:\/\/www.beveswelt.de\/index.php?rest_route=\/wp\/v2\/posts\/6536\/revisions\/6553"}],"wp:featuredmedia":[{"embeddable":true,"href":"https:\/\/www.beveswelt.de\/index.php?rest_route=\/wp\/v2\/media\/6537"}],"wp:attachment":[{"href":"https:\/\/www.beveswelt.de\/index.php?rest_route=%2Fwp%2Fv2%2Fmedia&parent=6536"}],"wp:term":[{"taxonomy":"category","embeddable":true,"href":"https:\/\/www.beveswelt.de\/index.php?rest_route=%2Fwp%2Fv2%2Fcategories&post=6536"},{"taxonomy":"post_tag","embeddable":true,"href":"https:\/\/www.beveswelt.de\/index.php?rest_route=%2Fwp%2Fv2%2Ftags&post=6536"}],"curies":[{"name":"wp","href":"https:\/\/api.w.org\/{rel}","templated":true}]}}