{"id":6506,"date":"2013-11-19T12:00:29","date_gmt":"2013-11-19T11:00:29","guid":{"rendered":"http:\/\/www.beveswelt.de\/?p=6506"},"modified":"2013-11-19T12:00:29","modified_gmt":"2013-11-19T11:00:29","slug":"tradition-zum-anfassen-202-punkte","status":"publish","type":"post","link":"https:\/\/www.beveswelt.de\/?p=6506","title":{"rendered":"Tradition zum Anfassen: 20:2 PUNKTE"},"content":{"rendered":"<p><span style=\"font-family: Arial,sans-serif;\"><b>G\u00e4ste: Klaus Toppm\u00f6ller, Ralf Falkenmayer, Manfred Binz, Slobodan Komljenovic, Maurizio Gaudino<\/b><\/span> <!--more--><\/p>\n<p><span style=\"font-family: Arial,sans-serif;\">Der Start in die Bundesligasaison 1993\/94 war einzigartig: 11 Spieltage lang blieb die Eintracht unter ihrem neuen Trainer Klaus Toppm\u00f6ller ungeschlagen, und nach dem 2:1 gegen den VfB Leipzig stand die Mannschaft im Oktober 1993 mit 20:2 Punkten an der Tabellenspitze. Ganz Frankfurt tr\u00e4umte einmal mehr vom zweiten Titelgewinn nach 1959, schon im Herbst wurden Schals und T-Shirts produziert, die von der Meisterschaft 1994 zeugten.<\/span><\/p>\n<p><span style=\"font-family: Arial,sans-serif;\">Leider folgte die Ern\u00fcchterung schneller, als es allen lieb war. Zwar konnte sich die Eintracht die Herbstmeisterschaft schon am 16. Spieltag sichern, doch noch vor Weihnachten folgten vier Niederlagen in Folge, was die \u201eWeihnachtsmeisterschaft\u201c kostete. Auch der Start ins Jahr 1994 gelang nicht, so das der einstige Tabellenf\u00fchrer zeitweise bis auf Platz 6 zur\u00fcckrutschte. Noch einmal konnte sich die Eintracht bis auf einen Punkt an die M\u00fcnchner Bayern herank\u00e4mpfen, doch zwei Niederlagen beim Tabellenletzten VFB Leipzig und gegen den MSV Duisburg beendeten die Frankfurter Tr\u00e4ume, \u00fcber das Europapokalaus gegen Casino Salzburg \u00e4rgern wir uns bis Heute. Im Verein gab es derweil kr\u00e4ftige Umw\u00e4lzungen. Die Eintracht trennte sich von Uli Stein, auch Trainer Klaus Toppm\u00f6ller wurde entlassen. Unter Charly K\u00f6rbel konnte zumindest der Europapokalplatz gesichert werden. <\/span><\/p>\n<p><span style=\"font-family: Arial,sans-serif;\">Zwanzig Jahre nach den Ereignissen rund um die denkw\u00fcrdige Saison 1993\/94 freuen wir uns, mit Manfred Binz, Slobodan Komljenovic, Ralf Falkenmayer und Maurizio Gaudino Spieler der damaligen Mannschaft begr\u00fc\u00dfen zu d\u00fcrfen. Ganz besonders freuen wir uns auf Klaus Toppm\u00f6ller, der als Trainer der Eintracht schon lange vor \u201eAttila\u201c zur Motivation Steinadler in die Kabine brachte und von seiner Zeit bei der Eintracht sicher viel zu berichten hat. <\/span><\/p>\n<p>&nbsp;<\/p>\n<p><span style=\"font-family: Arial,sans-serif;\"><span style=\"font-size: small;\"><b>Start:<\/b><\/span><\/span><span style=\"font-family: Arial,sans-serif;\"><span style=\"font-size: small;\"> Donnerstag, 21. November , <\/span><\/span><\/p>\n<p><span style=\"font-family: Arial,sans-serif;\"><span style=\"font-size: small;\">19.30 Uhr im Eintracht Frankfurt Museum <\/span><\/span><\/p>\n<p><span style=\"font-family: Arial,sans-serif;\"><span style=\"font-size: small;\">Eintritt 5,00 Euro, erm. 3,50 Euro <\/span><\/span><\/p>\n<p>&nbsp;<\/p>\n<p><span style=\"font-family: Arial,sans-serif;\"><span style=\"font-size: xx-small;\">Kontakt:<\/span><\/span><\/p>\n<p><span style=\"font-family: Arial,sans-serif;\"><span style=\"font-size: xx-small;\">Eintracht Frankfurt Museum<\/span><\/span><\/p>\n<p><span style=\"font-family: Arial,sans-serif;\"><span style=\"font-size: xx-small;\">M\u00f6rfelder Landstr. 362<\/span><\/span><\/p>\n<p><span style=\"font-family: Arial,sans-serif;\"><span style=\"font-size: xx-small;\">60528 Frankfurt<\/span><\/span><\/p>\n<p><span style=\"font-family: Arial,sans-serif;\"><span style=\"font-size: xx-small;\">Tel: 069-95503275<\/span><\/span><\/p>\n<p><span style=\"color: #0000ff;\"><span style=\"text-decoration: underline;\"><a href=\"http:\/\/www.eintracht-frankfurt-museum.de\/\"><span style=\"font-family: Arial,sans-serif;\"><span style=\"font-size: xx-small;\">www.eintracht-frankfurt-museum.de<\/span><\/span><\/a><\/span><\/span><\/p>\n","protected":false},"excerpt":{"rendered":"<p>G\u00e4ste: Klaus Toppm\u00f6ller, Ralf Falkenmayer, Manfred Binz, Slobodan Komljenovic, Maurizio Gaudino<\/p>\n","protected":false},"author":2,"featured_media":6507,"comment_status":"open","ping_status":"open","sticky":false,"template":"","format":"standard","meta":{"ngg_post_thumbnail":0,"footnotes":""},"categories":[9],"tags":[1823,109,1366,320,1322,428,1367],"class_list":["post-6506","post","type-post","status-publish","format-standard","has-post-thumbnail","hentry","category-eintracht-frankfurt","tag-eintracht-frankfurt","tag-eintracht-frankfurt-museum","tag-klaus-toppmoeller","tag-manni-binz","tag-maurizio-gaudino","tag-ralf-falkenmayer","tag-slobodan-komljenovic","post-preview"],"_links":{"self":[{"href":"https:\/\/www.beveswelt.de\/index.php?rest_route=\/wp\/v2\/posts\/6506","targetHints":{"allow":["GET"]}}],"collection":[{"href":"https:\/\/www.beveswelt.de\/index.php?rest_route=\/wp\/v2\/posts"}],"about":[{"href":"https:\/\/www.beveswelt.de\/index.php?rest_route=\/wp\/v2\/types\/post"}],"author":[{"embeddable":true,"href":"https:\/\/www.beveswelt.de\/index.php?rest_route=\/wp\/v2\/users\/2"}],"replies":[{"embeddable":true,"href":"https:\/\/www.beveswelt.de\/index.php?rest_route=%2Fwp%2Fv2%2Fcomments&post=6506"}],"version-history":[{"count":1,"href":"https:\/\/www.beveswelt.de\/index.php?rest_route=\/wp\/v2\/posts\/6506\/revisions"}],"predecessor-version":[{"id":6508,"href":"https:\/\/www.beveswelt.de\/index.php?rest_route=\/wp\/v2\/posts\/6506\/revisions\/6508"}],"wp:featuredmedia":[{"embeddable":true,"href":"https:\/\/www.beveswelt.de\/index.php?rest_route=\/wp\/v2\/media\/6507"}],"wp:attachment":[{"href":"https:\/\/www.beveswelt.de\/index.php?rest_route=%2Fwp%2Fv2%2Fmedia&parent=6506"}],"wp:term":[{"taxonomy":"category","embeddable":true,"href":"https:\/\/www.beveswelt.de\/index.php?rest_route=%2Fwp%2Fv2%2Fcategories&post=6506"},{"taxonomy":"post_tag","embeddable":true,"href":"https:\/\/www.beveswelt.de\/index.php?rest_route=%2Fwp%2Fv2%2Ftags&post=6506"}],"curies":[{"name":"wp","href":"https:\/\/api.w.org\/{rel}","templated":true}]}}