{"id":6415,"date":"2013-09-19T09:42:38","date_gmt":"2013-09-19T07:42:38","guid":{"rendered":"http:\/\/www.beveswelt.de\/?p=6415"},"modified":"2013-09-19T09:42:58","modified_gmt":"2013-09-19T07:42:58","slug":"6415","status":"publish","type":"post","link":"https:\/\/www.beveswelt.de\/?p=6415","title":{"rendered":"Machs gut, Kurti."},"content":{"rendered":"<p style=\"text-align: justify;\">Alles ist verg\u00e4nglich &#8211; und doch scheint es Menschen zu geben, die einfach immer da waren, die immer da sind. Bis irgendwann eine Meldung kommt. Eine traurige Meldung. Absender Matze Thoma, Inhalt: Kurt E. Schmidt ist gestern gestorben.<\/p>\n<p style=\"text-align: justify;\"><!--more--><\/p>\n<p style=\"text-align: justify;\">Kennengelernt habe ich Kurt, der von vielen nur Kurti genannt wurde, nat\u00fcrlich bei der Eintracht. Irgendwann im Sommer 2002 suchte die Eintracht einen Stadionsprecher f\u00fcr die Amateurmannschaft, die gerade in die Regionalliga aufgestiegen war und \u00fcber verschlungene Wege stand ich pl\u00f6tzlich am Mikrofon und verk\u00fcndete die Aufstellung. Zun\u00e4chst f\u00fcr ein Jahr in Hanau, im Herbert Dr\u00f6se Stadion, dann lange Jahre am Riederwald, zuletzt am Bornheimer Hang. Einer war immer dabei und nat\u00fcrlich kamen wir ins Gespr\u00e4ch, so wie Kurt mit jedem ins Gespr\u00e4ch kam, das Gespr\u00e4ch suchte und f\u00fcr jeden ein gutes, ein freundliches Wort fand. So ganz nebenbei erfuhr ich, dass Kurt mein Vorg\u00e4nger gewesen ist. \u00dcber drei\u00dfig Jahre lang.<\/p>\n<p style=\"text-align: justify;\">Vor allem am Riederwald standen wir bei Heimspielen der Amateure nebeneinander, Kurt hatte zuvor im Empfangsraum den Spielberichtsbogen geschrieben und hatte zudem nach dem Tod von J\u00fcrgen Gerhardt die Schiedsrichterbetreuung \u00fcbernommen. Mehrfach krebsten die Amateure in der Oberliga am Tabellenende herum und Kurt litt mit der Mannschaft. Er legte mir die Hand auf die Schulter und sagte: &#8222;Axel, das darf doch nicht wahr sein, die gewinnen keinen einzigen Kopfball.&#8220;<\/p>\n<p style=\"text-align: justify;\">Peu \u00e1 peu erz\u00e4hlte er mir seine Geschichte, erz\u00e4hlte von damals, als dem einstigen Polizisten an der Oper nach der Meisterschaft von Alfred Pfaff eine Eintrachtfahne in die Hand gedr\u00fcckt bekam, um den Verkehr zu regeln. Dass ein Foto davon f\u00fcr Unruhe bei der Polizei sorgte, die sein Vorgesetzter mit den Worten: &#8222;So eine gute Fotomontage habe ich noch nie gesehen&#8220; mit einem Satz beendete. Von damals, als er mit den Hockeydamen ausgemacht hatte, f\u00fcr jedes Tor der Eintracht im Finale gegen Offenbach einen Kuss zu bekommen, von daher machte der 5:3 Sieg ihn nicht nur sportlich gl\u00fccklich.<\/p>\n<p style=\"text-align: justify;\">Sp\u00e4ter, als das Museum seine Pforten \u00f6ffnete, gelangten diese Geschichten an das Licht der \u00d6ffentlichkeit. Kurti war bei allen Veranstaltungen Stammgast und hatte seinen ganz gro\u00dfen Auftritt im September 2009: Kurti erkl\u00e4rt die Eintracht. 90 Minuten lang tat er dies in einer Art und Weise, die kein Auge trocken lie\u00df &#8211; er hatte die Herzen aller schon lange erobert. Sein ganz besonderes Augenmerk galt den Ultras, eine Liebe, die wechselseitig war. W\u00e4hrend allenthalben die Ultras als b\u00f6se Buben verschrieen waren, so kannte Kurt keine Ber\u00fchrungs\u00e4ngste &#8211; und dies als ehemaliger Polizist. Und nat\u00fcrlich lie\u00dfen ihn die Jungs hochleben. Zu seinem 80sten Geburtstag flatterte ein gro\u00dfes Gl\u00fcckwunschbanner am Riederwald und er erhielt den Ehrentitel: Der erste Ultra.<\/p>\n<p style=\"text-align: justify;\">Er war das Herz und die Seele des Riederwaldes, stand mit Alt und Jung zusammen, liebte die Musik und sobald er eine Dame sah, zeigte er sich als Gentleman und sparte nicht mit Lob, mit Komplimenten, die niemals mehr sein sollten als das was sie waren: Ausdruck eines freundlichen Herzens.<\/p>\n<p style=\"text-align: justify;\">Als wir vor einigen Jahren die Waldtrib\u00fcne installierten, war klar, dass Kurt eine Rolle spielen muss. Und so verk\u00fcndete er wie damals, als er am Riederwald noch Stadionsprecher war, die Mannschaftsaufstellung des aktuellen Spieltages &#8211; mit ganz besonderem Gru\u00df an die Eintrachtlerinnen. Im vergehenden Jahr wurden seine Auftritte seltener, er hatte sich bei einem Sturz verletzt und musste k\u00fcrzer treten. \u00dcbergangsweise hatte ich seinen Part \u00fcbernommen, es war klar, dass er sobald er wieder fit ist, wieder auf die B\u00fchne zur\u00fcck kehren sollte. In den letzten Wochen allerdings h\u00e4uften sich die Fragen: Hast du was von Kurt geh\u00f6rt? Immer seltener parkte sein Wagen im Stadion &#8211;\u00a0 und nun ist es traurige Gewissheit: Kurti kommt nicht mehr. Nie mehr. Denn er ist am Abend des 18. September 2013 f\u00fcr immer von uns gegangen. Kurti ist gestorben &#8211; und wird von nun an im Fu\u00dfballhimmel sagen: &#8220; Denn ihr wisst ja: Einmal Eintracht, immer Eintracht.&#8220; Und er fehlt schon jetzt, hier unten, in der schnellebigen Zeit, in der wirklich alles verg\u00e4nglich ist, sogar die Verg\u00e4nglichkeit. Kurti, ich bin traurig, dass du nicht mehr da bist. Sehr sogar.<\/p>\n<p style=\"text-align: justify;\"><a href=\"http:\/\/www.beveswelt.de\/?attachment_id=6419\" rel=\"attachment wp-att-6419\"><img decoding=\"async\" class=\"aligncenter size-full wp-image-6419\" alt=\"kurt\" src=\"http:\/\/www.beveswelt.de\/wp-content\/uploads\/2013\/09\/kurt.jpg\" width=\"600\" height=\"400\" srcset=\"https:\/\/www.beveswelt.de\/wp-content\/uploads\/2013\/09\/kurt.jpg 600w, https:\/\/www.beveswelt.de\/wp-content\/uploads\/2013\/09\/kurt-300x200.jpg 300w\" sizes=\"(max-width: 600px) 100vw, 600px\" \/><\/a><\/p>\n","protected":false},"excerpt":{"rendered":"<p>Alles ist verg\u00e4nglich &#8211; und doch scheint es Menschen zu geben, die einfach immer da waren, die immer da sind. Bis irgendwann eine Meldung kommt. Eine traurige Meldung. Absender Matze Thoma, Inhalt: Kurt E. Schmidt ist gestern gestorben.<\/p>\n","protected":false},"author":2,"featured_media":6416,"comment_status":"open","ping_status":"open","sticky":false,"template":"","format":"standard","meta":{"ngg_post_thumbnail":0,"footnotes":""},"categories":[9],"tags":[1823,1041],"class_list":["post-6415","post","type-post","status-publish","format-standard","has-post-thumbnail","hentry","category-eintracht-frankfurt","tag-eintracht-frankfurt","tag-kurt-e-schmidt","post-preview"],"_links":{"self":[{"href":"https:\/\/www.beveswelt.de\/index.php?rest_route=\/wp\/v2\/posts\/6415","targetHints":{"allow":["GET"]}}],"collection":[{"href":"https:\/\/www.beveswelt.de\/index.php?rest_route=\/wp\/v2\/posts"}],"about":[{"href":"https:\/\/www.beveswelt.de\/index.php?rest_route=\/wp\/v2\/types\/post"}],"author":[{"embeddable":true,"href":"https:\/\/www.beveswelt.de\/index.php?rest_route=\/wp\/v2\/users\/2"}],"replies":[{"embeddable":true,"href":"https:\/\/www.beveswelt.de\/index.php?rest_route=%2Fwp%2Fv2%2Fcomments&post=6415"}],"version-history":[{"count":3,"href":"https:\/\/www.beveswelt.de\/index.php?rest_route=\/wp\/v2\/posts\/6415\/revisions"}],"predecessor-version":[{"id":6421,"href":"https:\/\/www.beveswelt.de\/index.php?rest_route=\/wp\/v2\/posts\/6415\/revisions\/6421"}],"wp:featuredmedia":[{"embeddable":true,"href":"https:\/\/www.beveswelt.de\/index.php?rest_route=\/wp\/v2\/media\/6416"}],"wp:attachment":[{"href":"https:\/\/www.beveswelt.de\/index.php?rest_route=%2Fwp%2Fv2%2Fmedia&parent=6415"}],"wp:term":[{"taxonomy":"category","embeddable":true,"href":"https:\/\/www.beveswelt.de\/index.php?rest_route=%2Fwp%2Fv2%2Fcategories&post=6415"},{"taxonomy":"post_tag","embeddable":true,"href":"https:\/\/www.beveswelt.de\/index.php?rest_route=%2Fwp%2Fv2%2Ftags&post=6415"}],"curies":[{"name":"wp","href":"https:\/\/api.w.org\/{rel}","templated":true}]}}