{"id":6398,"date":"2013-09-04T20:36:27","date_gmt":"2013-09-04T18:36:27","guid":{"rendered":"http:\/\/www.beveswelt.de\/?p=6398"},"modified":"2013-09-04T20:36:27","modified_gmt":"2013-09-04T18:36:27","slug":"aenderung-tza-ein-abend-fuer-dietrich-weise","status":"publish","type":"post","link":"https:\/\/www.beveswelt.de\/?p=6398","title":{"rendered":"\u00c4NDERUNG: TzA &#8211; Ein Abend F\u00dcR Dietrich Weise"},"content":{"rendered":"<p>Z<span style=\"font-family: Arial,serif;\"><b>u Gast: u. A. G\u00fcnter Wienhold, Peter Reichel, Armin Kraaz, Cezary Tobollik, Klaus Mank <\/b><\/span><\/p>\n<p>D<span style=\"font-family: Arial,serif;\">er Besuch von Dietrich Weise im Eintracht Frankfurt Museum war lange versprochen und wir haben uns wahnsinnig gefreut auf unseren ehemaligen Trainer. Nun musste Weise \u00fcberraschend ins Krankenhaus und kann uns am Donnerstag, den 5. September 2013 im Museum nicht besuchen. Wir w\u00fcnschen dem Vater der \u201eWeise-Bubis\u201c alles alles Gute und eine baldige Genesung. <\/span><\/p>\n<p><!--more--><\/p>\n<p><span style=\"font-family: Arial,serif;\">Die Veranstaltung Tradition zum Anfassen findet im Museum trotzdem statt und wir freuen uns auf zahlreiche Eintrachtler, die unter Dietrich Weise einst gespielt haben. Um 19.30 Uhr begr\u00fc\u00dfen wir G\u00fcnter Wienhold, Peter Reichel, Armin Kraaz, Cezary Tobollik und unseren ehemaligen Trainer, Jugendtrainer &amp; Vizepr\u00e4sidenten Klaus Mank. <\/span><\/p>\n<p>&nbsp;<\/p>\n<p><span style=\"font-family: Arial,serif;\"><span style=\"font-size: small;\"><b>Start:<\/b><\/span><\/span><span style=\"font-family: Arial,serif;\"><span style=\"font-size: small;\"> Donnerstag, 5. September , 19.30 Uhr im Eintracht Frankfurt Museum <\/span><\/span><\/p>\n<p><span style=\"font-family: Arial,serif;\"><span style=\"font-size: small;\">Eintritt 5,00 Euro, erm. 3,50 Euro. Mitglieder der Fan- und F\u00f6rderabteilung und F\u00f6rdermitglieder des Museums haben freien Eintritt. <\/span><\/span><\/p>\n","protected":false},"excerpt":{"rendered":"<p>Zu Gast: u. A. G\u00fcnter Wienhold, Peter Reichel, Armin Kraaz, Cezary Tobollik, Klaus Mank Der Besuch von Dietrich Weise im Eintracht Frankfurt Museum war lange versprochen und wir haben uns wahnsinnig gefreut auf unseren ehemaligen Trainer. Nun musste Weise \u00fcberraschend ins Krankenhaus und kann uns am Donnerstag, den 5. September 2013 im Museum nicht besuchen. [&hellip;]<\/p>\n","protected":false},"author":2,"featured_media":6396,"comment_status":"open","ping_status":"open","sticky":false,"template":"","format":"standard","meta":{"ngg_post_thumbnail":0,"footnotes":""},"categories":[9],"tags":[1245,1351,84,1350,1352,409,653],"class_list":["post-6398","post","type-post","status-publish","format-standard","has-post-thumbnail","hentry","category-eintracht-frankfurt","tag-armin-kraaz","tag-cezary-tobollik","tag-dietrich-weise","tag-guenter-wienhold","tag-klaus-mank","tag-peter-reichel","tag-tza","post-preview"],"_links":{"self":[{"href":"https:\/\/www.beveswelt.de\/index.php?rest_route=\/wp\/v2\/posts\/6398","targetHints":{"allow":["GET"]}}],"collection":[{"href":"https:\/\/www.beveswelt.de\/index.php?rest_route=\/wp\/v2\/posts"}],"about":[{"href":"https:\/\/www.beveswelt.de\/index.php?rest_route=\/wp\/v2\/types\/post"}],"author":[{"embeddable":true,"href":"https:\/\/www.beveswelt.de\/index.php?rest_route=\/wp\/v2\/users\/2"}],"replies":[{"embeddable":true,"href":"https:\/\/www.beveswelt.de\/index.php?rest_route=%2Fwp%2Fv2%2Fcomments&post=6398"}],"version-history":[{"count":1,"href":"https:\/\/www.beveswelt.de\/index.php?rest_route=\/wp\/v2\/posts\/6398\/revisions"}],"predecessor-version":[{"id":6399,"href":"https:\/\/www.beveswelt.de\/index.php?rest_route=\/wp\/v2\/posts\/6398\/revisions\/6399"}],"wp:featuredmedia":[{"embeddable":true,"href":"https:\/\/www.beveswelt.de\/index.php?rest_route=\/wp\/v2\/media\/6396"}],"wp:attachment":[{"href":"https:\/\/www.beveswelt.de\/index.php?rest_route=%2Fwp%2Fv2%2Fmedia&parent=6398"}],"wp:term":[{"taxonomy":"category","embeddable":true,"href":"https:\/\/www.beveswelt.de\/index.php?rest_route=%2Fwp%2Fv2%2Fcategories&post=6398"},{"taxonomy":"post_tag","embeddable":true,"href":"https:\/\/www.beveswelt.de\/index.php?rest_route=%2Fwp%2Fv2%2Ftags&post=6398"}],"curies":[{"name":"wp","href":"https:\/\/api.w.org\/{rel}","templated":true}]}}