{"id":6395,"date":"2013-09-04T10:44:51","date_gmt":"2013-09-04T08:44:51","guid":{"rendered":"http:\/\/www.beveswelt.de\/?p=6395"},"modified":"2013-09-04T10:44:51","modified_gmt":"2013-09-04T08:44:51","slug":"tza-ein-abend-mit-dietrich-weise","status":"publish","type":"post","link":"https:\/\/www.beveswelt.de\/?p=6395","title":{"rendered":"TzA &#8211; Ein Abend mit Dietrich Weise"},"content":{"rendered":"<p align=\"JUSTIFY\">Dietrich Weise geh\u00f6rt zu den ganz gro\u00dfen Trainern der Eintracht. Zwei Mal war der heute 78-j\u00e4hrige erfolgreich in Frankfurt t\u00e4tig, und bis heute schw\u00e4rmen ehemalige Spieler und Funktion\u00e4re, aber auch die Fans, von seiner fachlichen und sachlichen Arbeitsweise.<\/p>\n<p align=\"JUSTIFY\"><!--more--><\/p>\n<p align=\"JUSTIFY\">Dietrich Weise startete seine Fu\u00dfballkarriere im Osten Deutschlands in Teuchern und Wei\u00dfenfels. 1958 verlie\u00df er die DDR und spielte fortan in Neckarsulm und Heilbronn; dort begann auch seine Trainerkarriere. Ab 1967 trainierte er den 1. FC Kaiserslautern bis er 1973 im Tausch mit Erich Ribbeck zum ersten Mal die Eintracht \u00fcbernahm und seine erste Saison in Frankfurt mit dem Pokalsieg 1974 kr\u00f6nte. Ein Jahr sp\u00e4ter konnte er den Titel mit dem 1:0-Finalsieg gegen den MSV Duisburg sogar verteidigen.<\/p>\n<p align=\"JUSTIFY\">1976 wechselte Dietrich Weise zu Fortuna D\u00fcsseldorf, ab 1978 trainierte er die U-18 bzw. U-20 Nationalmannschaft und wurde 1981 mit den Juniorenteams Europa- und Weltmeister. Schon da arbeitete Weise mit Ralf Falkenmayer, Ralf Sievers und Martin Trieb zusammen, die er bei der Eintracht, als er die Mannschaft im Oktober 1983 erneut \u00fcbernahm, wieder traf. Damals stand die Eintracht auf dem letzten Tabellenplatz, der erste Abstieg aus der Fu\u00dfballbundesliga drohte.<\/p>\n<p align=\"JUSTIFY\">Doch Dietrich Weise gelang es, den Abstieg in zwei Relegationsspielen gegen den MSV Duisburg zu verhindern. Die Zeitungen schw\u00e4rmten von den \u201eWeise-Bubis\u201c, die junge Frankfurter Mannschaft galt als das Team der Zukunft. Die gro\u00dfen Erwartungen an die Truppe erf\u00fcllten sich in den folgenden Jahren jedoch nicht.<\/p>\n<p align=\"JUSTIFY\">1986 beendete Weise sein Engagement bei der Eintracht, und ging auf Reisen: Er trainierte National Ali Kairo und 1990 sogar die Nationalmannschaft \u00c4gyptens. Von 1990 bis 1996 war er Nationaltrainer von Liechtenstein und sorgte daf\u00fcr, das im kleinen F\u00fcrstentum professionelle Fu\u00dfballstrukturen entstanden. Der Eintracht aber blieb er bis heute verbunden. So f\u00fchrte er auch beim Abschied des alten Riederwaldes kenntnisreich \u00fcber das Gel\u00e4nde.<\/p>\n<p align=\"JUSTIFY\">Unvergessen auch sein erster Auftritt im Museum anno 2008, denken wir nur an seine Ausf\u00fchrungen zum ruhenden Ball.<\/p>\n<p align=\"JUSTIFY\">Wir freuen uns sehr, Dietrich Weise am Abend des 5. September erneut im Eintracht Frankfurt Museum begr\u00fc\u00dfen zu d\u00fcrfen. Und wir haben zahlreiche Wegbegleiter eingeladen, die sicher viele tolle Geschichten zu Dietrich Weise erz\u00e4hlen k\u00f6nnen.<\/p>\n<p align=\"JUSTIFY\">\u00bb WANN: Donnerstag, 5. September 2013, 19.30 Uhr<br \/>\n\u00bb WO: Eintracht Frankfurt Museum<br \/>\n\u00bb EINTRITT: 5,00 Euro; erm\u00e4\u00dfigt 3,50 Euro. Mitglieder des F\u00f6rdervereins des Museums und Mitglieder der Fan- und F\u00f6rderabteilung haben freien Eintritt.<\/p>\n","protected":false},"excerpt":{"rendered":"<p>Dietrich Weise geh\u00f6rt zu den ganz gro\u00dfen Trainern der Eintracht. Zwei Mal war der heute 78-j\u00e4hrige erfolgreich in Frankfurt t\u00e4tig, und bis heute schw\u00e4rmen ehemalige Spieler und Funktion\u00e4re, aber auch die Fans, von seiner fachlichen und sachlichen Arbeitsweise.<\/p>\n","protected":false},"author":2,"featured_media":6396,"comment_status":"open","ping_status":"open","sticky":false,"template":"","format":"standard","meta":{"ngg_post_thumbnail":0,"footnotes":""},"categories":[9],"tags":[84,1823,653],"class_list":["post-6395","post","type-post","status-publish","format-standard","has-post-thumbnail","hentry","category-eintracht-frankfurt","tag-dietrich-weise","tag-eintracht-frankfurt","tag-tza","post-preview"],"_links":{"self":[{"href":"https:\/\/www.beveswelt.de\/index.php?rest_route=\/wp\/v2\/posts\/6395","targetHints":{"allow":["GET"]}}],"collection":[{"href":"https:\/\/www.beveswelt.de\/index.php?rest_route=\/wp\/v2\/posts"}],"about":[{"href":"https:\/\/www.beveswelt.de\/index.php?rest_route=\/wp\/v2\/types\/post"}],"author":[{"embeddable":true,"href":"https:\/\/www.beveswelt.de\/index.php?rest_route=\/wp\/v2\/users\/2"}],"replies":[{"embeddable":true,"href":"https:\/\/www.beveswelt.de\/index.php?rest_route=%2Fwp%2Fv2%2Fcomments&post=6395"}],"version-history":[{"count":1,"href":"https:\/\/www.beveswelt.de\/index.php?rest_route=\/wp\/v2\/posts\/6395\/revisions"}],"predecessor-version":[{"id":6397,"href":"https:\/\/www.beveswelt.de\/index.php?rest_route=\/wp\/v2\/posts\/6395\/revisions\/6397"}],"wp:featuredmedia":[{"embeddable":true,"href":"https:\/\/www.beveswelt.de\/index.php?rest_route=\/wp\/v2\/media\/6396"}],"wp:attachment":[{"href":"https:\/\/www.beveswelt.de\/index.php?rest_route=%2Fwp%2Fv2%2Fmedia&parent=6395"}],"wp:term":[{"taxonomy":"category","embeddable":true,"href":"https:\/\/www.beveswelt.de\/index.php?rest_route=%2Fwp%2Fv2%2Fcategories&post=6395"},{"taxonomy":"post_tag","embeddable":true,"href":"https:\/\/www.beveswelt.de\/index.php?rest_route=%2Fwp%2Fv2%2Ftags&post=6395"}],"curies":[{"name":"wp","href":"https:\/\/api.w.org\/{rel}","templated":true}]}}