{"id":6282,"date":"2013-05-18T07:47:41","date_gmt":"2013-05-18T05:47:41","guid":{"rendered":"http:\/\/www.beveswelt.de\/?p=6282"},"modified":"2013-05-18T09:19:06","modified_gmt":"2013-05-18T07:19:06","slug":"eintracht-frankfurt-international","status":"publish","type":"post","link":"https:\/\/www.beveswelt.de\/?p=6282","title":{"rendered":"Waldtrib\u00fcne Spezial gegen den VfL Wolfsburg"},"content":{"rendered":"<p>Zum Saisonfinale am letzten Spieltag gibt\u00b4s die Waldtrib\u00fcne gleich zweimal:<\/p>\n<p>Vor Anpfiff startet die Waldtrib\u00fcne vor dem Eintracht Frankfurt Museum um 14.15 Uhr. Wir begr\u00fc\u00dfen Vertreter des Fanclubs \u201eKommando Westend\u201c, verabschieden die Eintracht-Legende Kurt E. Schmidt und freuen uns auf unseren Torh\u00fcter Kevin Trapp.<!--more--><\/p>\n<p>Nach dem Schlusspfiff geht\u00b4s dann weiter. Wir feiern auf der Waldtrib\u00fcne den Saisonabschluss mit vielen G\u00e4sten, lustigen Geschichten, viel Musik und unserer Mannschaft!<\/p>\n<p><em>Wo: B\u00fchne am Medienturm Ost gegen\u00fcber des Eintracht Museums<br \/>\nWann: 14:15 bis 15:00 Uhr (immer 45 Minuten nach Stadion\u00f6ffnung)<br \/>\nZugabe: Nach Spielende<\/em><\/p>\n","protected":false},"excerpt":{"rendered":"<p>Zum Saisonfinale am letzten Spieltag gibt\u00b4s die Waldtrib\u00fcne gleich zweimal: Vor Anpfiff startet die Waldtrib\u00fcne vor dem Eintracht Frankfurt Museum um 14.15 Uhr. Wir begr\u00fc\u00dfen Vertreter des Fanclubs \u201eKommando Westend\u201c, verabschieden die Eintracht-Legende Kurt E. Schmidt und freuen uns auf unseren Torh\u00fcter Kevin Trapp.<\/p>\n","protected":false},"author":2,"featured_media":6283,"comment_status":"open","ping_status":"open","sticky":false,"template":"","format":"standard","meta":{"ngg_post_thumbnail":0,"footnotes":""},"categories":[9],"tags":[1823,1224,1327,1041,847],"class_list":["post-6282","post","type-post","status-publish","format-standard","has-post-thumbnail","hentry","category-eintracht-frankfurt","tag-eintracht-frankfurt","tag-kevin-trapp","tag-kommando-westend","tag-kurt-e-schmidt","tag-waldtribune","post-preview"],"_links":{"self":[{"href":"https:\/\/www.beveswelt.de\/index.php?rest_route=\/wp\/v2\/posts\/6282","targetHints":{"allow":["GET"]}}],"collection":[{"href":"https:\/\/www.beveswelt.de\/index.php?rest_route=\/wp\/v2\/posts"}],"about":[{"href":"https:\/\/www.beveswelt.de\/index.php?rest_route=\/wp\/v2\/types\/post"}],"author":[{"embeddable":true,"href":"https:\/\/www.beveswelt.de\/index.php?rest_route=\/wp\/v2\/users\/2"}],"replies":[{"embeddable":true,"href":"https:\/\/www.beveswelt.de\/index.php?rest_route=%2Fwp%2Fv2%2Fcomments&post=6282"}],"version-history":[{"count":2,"href":"https:\/\/www.beveswelt.de\/index.php?rest_route=\/wp\/v2\/posts\/6282\/revisions"}],"predecessor-version":[{"id":6285,"href":"https:\/\/www.beveswelt.de\/index.php?rest_route=\/wp\/v2\/posts\/6282\/revisions\/6285"}],"wp:featuredmedia":[{"embeddable":true,"href":"https:\/\/www.beveswelt.de\/index.php?rest_route=\/wp\/v2\/media\/6283"}],"wp:attachment":[{"href":"https:\/\/www.beveswelt.de\/index.php?rest_route=%2Fwp%2Fv2%2Fmedia&parent=6282"}],"wp:term":[{"taxonomy":"category","embeddable":true,"href":"https:\/\/www.beveswelt.de\/index.php?rest_route=%2Fwp%2Fv2%2Fcategories&post=6282"},{"taxonomy":"post_tag","embeddable":true,"href":"https:\/\/www.beveswelt.de\/index.php?rest_route=%2Fwp%2Fv2%2Ftags&post=6282"}],"curies":[{"name":"wp","href":"https:\/\/api.w.org\/{rel}","templated":true}]}}