{"id":5944,"date":"2012-09-29T12:50:41","date_gmt":"2012-09-29T10:50:41","guid":{"rendered":"http:\/\/www.beveswelt.de\/?p=5944"},"modified":"2012-09-29T12:50:41","modified_gmt":"2012-09-29T10:50:41","slug":"waldtribune-gegen-den-sc-freiburg-mit-ob-peter-feldmann","status":"publish","type":"post","link":"https:\/\/www.beveswelt.de\/?p=5944","title":{"rendered":"Waldtrib\u00fcne gegen den SC Freiburg &#8211; mit OB Peter Feldmann"},"content":{"rendered":"<p style=\"text-align: justify;\">Nach dem packenden Spiel gegen den BVB mit dem schon jetzt legend\u00e4ren 3:3 kommt nun der SC Freiburg ins Stadion. <!--more-->Unter Trainer Christian Streich, der lange Jahre hoch engagiert die dortige U19 trainierte und nun mit der Profitruppe der Breisgauer in der Tabelle auf Rang 12 platziert ist, haben sich die Freiburger zu einem nicht zu untersch\u00e4tzenden Bestandteil der Bundesliga gemausert . Einem Sieg (5:3) gegen Hoffenheim stehen zwei Unentschieden und zwei Niederlagen gegen\u00fcber, zuletzt das 1:2 gegen Werder Bremen. Wir d\u00fcrfen also gespannt sein, wie sich die Eintracht gegen einen vermeintlich leichten Gegner aus der Aff\u00e4re ziehen wird. Doch bei Licht betrachtet ist die Eintracht Aufsteiger und der SC etabliert. Noch.<\/p>\n<p style=\"text-align: justify;\">Hier das Programm der Waldtrib\u00fcne f\u00fcr kommenden Sonntag, los gehts um 14:15.<\/p>\n<p style=\"text-align: justify;\">Nachdem Doc Hermann uns wie immer \u00fcber die Historie informiert hat, begr\u00fc\u00dfen wir den &#8222;F\u00fcchsleclub&#8220;, Nachwuchsfans aus Freiburg, vergleichbar mit unseren Junior Adlern. Anschlie\u00dfend plaudern wir mit dem EFC Merenberg \u00fcber die aktuelle Situation der Eintracht.\u00a0 Dann haben wir keine Kosten und M\u00fchen gescheut, den neuen Oberb\u00fcrgermeister der Stadt Frankfurt, Peter Feldmann, auf die Waldtrib\u00fcne zu lotsen. Das ist nat\u00fcrlich gro\u00dfartig und wir sind schon sehr gespannt. Und damit noch nicht genug, hoffen wir, dass sich diesmal die Staus rund um die Arena in Grenzen halten und es der Leiter des Leistungszentrums am Riederwald, Armin Kraaz, p\u00fcnktlich ins Stadion schafft. Armin hat ja auch etliche Spiele f\u00fcr die Eintracht absolviert, um genau zu sein 123 und z\u00e4hlte zu jener Mannschaft, die als die &#8222;Weise Bubis&#8220; in die Geschichte einging. Er hat also auch eine Menge zu erz\u00e4hlen. Und zum Abschluss gibt es wie immer die aktuelle Manschaftsaufstellung mit Kurt E. Schmidt.<\/p>\n<p style=\"text-align: justify;\">Ein prall gef\u00fclltes Programm erwartet euch also, moderiert wird das Ganze wie immer von Frauke und mir. Und wer nicht wei\u00df, wo das alles stattfindet, der kommt einfach zum Museum in der Hauptrib\u00fcne und wird uns entdecken.<\/p>\n","protected":false},"excerpt":{"rendered":"<p>Nach dem packenden Spiel gegen den BVB mit dem schon jetzt legend\u00e4ren 3:3 kommt nun der SC Freiburg ins Stadion.<\/p>\n","protected":false},"author":2,"featured_media":5945,"comment_status":"open","ping_status":"open","sticky":false,"template":"","format":"standard","meta":{"ngg_post_thumbnail":0,"footnotes":""},"categories":[9],"tags":[1245,1823,1246,847],"class_list":["post-5944","post","type-post","status-publish","format-standard","has-post-thumbnail","hentry","category-eintracht-frankfurt","tag-armin-kraaz","tag-eintracht-frankfurt","tag-peter-feldmann","tag-waldtribune","post-preview"],"_links":{"self":[{"href":"https:\/\/www.beveswelt.de\/index.php?rest_route=\/wp\/v2\/posts\/5944","targetHints":{"allow":["GET"]}}],"collection":[{"href":"https:\/\/www.beveswelt.de\/index.php?rest_route=\/wp\/v2\/posts"}],"about":[{"href":"https:\/\/www.beveswelt.de\/index.php?rest_route=\/wp\/v2\/types\/post"}],"author":[{"embeddable":true,"href":"https:\/\/www.beveswelt.de\/index.php?rest_route=\/wp\/v2\/users\/2"}],"replies":[{"embeddable":true,"href":"https:\/\/www.beveswelt.de\/index.php?rest_route=%2Fwp%2Fv2%2Fcomments&post=5944"}],"version-history":[{"count":8,"href":"https:\/\/www.beveswelt.de\/index.php?rest_route=\/wp\/v2\/posts\/5944\/revisions"}],"predecessor-version":[{"id":5953,"href":"https:\/\/www.beveswelt.de\/index.php?rest_route=\/wp\/v2\/posts\/5944\/revisions\/5953"}],"wp:featuredmedia":[{"embeddable":true,"href":"https:\/\/www.beveswelt.de\/index.php?rest_route=\/wp\/v2\/media\/5945"}],"wp:attachment":[{"href":"https:\/\/www.beveswelt.de\/index.php?rest_route=%2Fwp%2Fv2%2Fmedia&parent=5944"}],"wp:term":[{"taxonomy":"category","embeddable":true,"href":"https:\/\/www.beveswelt.de\/index.php?rest_route=%2Fwp%2Fv2%2Fcategories&post=5944"},{"taxonomy":"post_tag","embeddable":true,"href":"https:\/\/www.beveswelt.de\/index.php?rest_route=%2Fwp%2Fv2%2Ftags&post=5944"}],"curies":[{"name":"wp","href":"https:\/\/api.w.org\/{rel}","templated":true}]}}