{"id":5914,"date":"2012-09-25T10:59:39","date_gmt":"2012-09-25T08:59:39","guid":{"rendered":"http:\/\/www.beveswelt.de\/?p=5914"},"modified":"2013-11-12T08:39:12","modified_gmt":"2013-11-12T07:39:12","slug":"der-casper-jacob-erscheint-am-15-november","status":"publish","type":"post","link":"https:\/\/www.beveswelt.de\/?p=5914","title":{"rendered":"Der Casper Jacob"},"content":{"rendered":"<p style=\"text-align: justify;\">Lange Jahre betrieb ich die Homepage schwarzeromantik.de, &#8211; die \u00c4lteren werden sich vielleicht erinnern. Die url verweist noch heute auf Beves Welt.<\/p>\n<p style=\"text-align: justify;\"><!--more--> Morgen \u00f6ffnet das <a href=\"http:\/\/www.staedelmuseum.de\/sm\/index.php?StoryID=1463\">St\u00e4del <\/a>eine gro\u00dfe Ausstellung zum Thema: <em>Die Arbeiten erz\u00e4hlen eindringlich von Einsamkeit und Melancholie, von Leidenschaft und Tod, von der Faszination des Grauens und dem Irrationalen der Tr\u00e4ume.<\/em><\/p>\n<p style=\"text-align: justify;\">Und wie es der Zufall so will, f\u00e4llt die Ver\u00f6ffentlichung meines Buches <strong>Der Casper Jacob<\/strong> just in die Zeit der Ausstellung. Und somit wird euch in den kommenden Wochen dieses Blog immer wieder mit dem B\u00fcchlein konfrontieren, bis es auf eurem Gabentisch liegt und ihr euch bei einer Tasse Tee in die grausamsch\u00f6ne Welt des Protagonisten zur\u00fcckziehen k\u00f6nnt. Der Casper Jacob erscheint im Frankfurter <a href=\"http:\/\/www.roeschen-verlag.de\/cms\/pages\/intro.php\" target=\"_blank\">R\u00f6schen Verlag<\/a> und ist schon jetzt <a href=\"http:\/\/www.amazon.de\/Der-Casper-Jacob-Historischer-Roman\/dp\/3940908169\" target=\"_blank\">vorbestellbar<\/a>. Nebenbei ist <a href=\"http:\/\/www.mitteldeutscherverlag.de\/index.php?page=shop.product_details&amp;flypage=flypage-ask.tpl&amp;product_id=627&amp;category_id=63&amp;option=com_virtuemart&amp;Itemid=1\" target=\"_blank\">Der Andermacher <\/a>noch immer beim Mitteldeutschen Verlag in Halle erh\u00e4ltlich. Sogar in einer <a href=\"http:\/\/mdv.mitteldeutscherverlag.de\/index.php?page=shop.product_details&amp;flypage=shop.flypage&amp;product_id=612&amp;category_id=78&amp;option=com_virtuemart&amp;Itemid=1\" target=\"_blank\">ganz edlen Ausgabe<\/a> mit einem Original-Linolschnitt von <a href=\"http:\/\/www.iks.hs-merseburg.de\/~alexande\/\" target=\"_blank\">Kerstin Alexander<\/a> &#8211; s\u00fcndhaft teuer, aber h\u00f6chst limitiert und f\u00fcr die Ewigkeit gemacht. Gerne schreibe ich euch bei Anfrage auch eine Widmung in die Exemplare.<\/p>\n<p style=\"text-align: justify;\"><strong>Aus dem Klappentext des Casper Jacobs:<\/strong><\/p>\n<p style=\"text-align: justify;\"><em>In einer anderen Zeit erblickt in einer eisigen Wintersnacht ein armseliges Wurm das Licht einer finsteren Welt. Verschoben das Gesicht, kann es ein Niemand brauchen und doch ist der Bub z\u00e4h. Aufgenommen von einem umherziehenden Scherenschleifer tr\u00e4gt er nach dessen Tod seinen Namen: Casper Jacob. Und Casper Jacob wandert fortan hinaus in den Tag und in sein Leben, welches es gar oft nicht gut mit ihm meint und ihm doch einen Traum l\u00e4sst, den Traum vom fernen Ocean. Unterwegs begegnen ihm Bauersleute, R\u00e4uber und ein fahrender H\u00e4ndler, dazu ein boshafter Wegemacher und sogar eine seltsame Wunderwelt in einer eigenartigen H\u00f6hle. Begleitet von seiner Fl\u00f6te und der Weiblin verbringt er Tage in einer schaurigsch\u00f6nen Berglandschaft und verliert weit mehr als seine Unschuld, obgleich er bei allem Leid selbst in d\u00fcstersten Zeiten dem Erlebten noch ein Staunen abringen kann.<\/em><\/p>\n<p style=\"text-align: justify;\"><em>Doch dort, wo Eichendorffs Taugenichts stets von einer freundlichen Sonne beschienen wird, scheint der Casper Jacob von einer Schw\u00e4rze umlagert, die ihresgleichen sucht. Schwarz ist die Romantik und blutig die Fu\u00dfstapfen im blauen Schnee.<\/em><\/p>\n<p style=\"text-align: justify;\"><strong><em>Ich bin gelaufen all meine Zeit. Lange war ich unterwegs mit meinem verschobenen Gesicht, so lange und nun ist\u2019s ein Ocean, der auf mich wartet.<\/em><\/strong><\/p>\n<p style=\"text-align: justify;\"><a href=\"http:\/\/www.beveswelt.de\/?attachment_id=6500\" rel=\"attachment wp-att-6500\"><img decoding=\"async\" class=\"aligncenter size-full wp-image-6500\" alt=\"CJ_web\" src=\"http:\/\/www.beveswelt.de\/wp-content\/uploads\/2013\/11\/CJ_web.gif\" width=\"640\" height=\"290\" \/><\/a><\/p>\n<p>&nbsp;<\/p>\n","protected":false},"excerpt":{"rendered":"<p>Lange Jahre betrieb ich die Homepage schwarzeromantik.de, &#8211; die \u00c4lteren werden sich vielleicht erinnern. Die url verweist noch heute auf Beves Welt.<\/p>\n","protected":false},"author":2,"featured_media":6500,"comment_status":"open","ping_status":"open","sticky":false,"template":"","format":"standard","meta":{"ngg_post_thumbnail":0,"footnotes":""},"categories":[623],"tags":[74,1241,1243,1242,1854,1244],"class_list":["post-5914","post","type-post","status-publish","format-standard","has-post-thumbnail","hentry","category-schwarze-romantik","tag-der-andermacher","tag-der-casper-jacob","tag-mdv","tag-roschen-verlag","tag-schwarze-romantik","tag-stadel","post-preview"],"_links":{"self":[{"href":"https:\/\/www.beveswelt.de\/index.php?rest_route=\/wp\/v2\/posts\/5914","targetHints":{"allow":["GET"]}}],"collection":[{"href":"https:\/\/www.beveswelt.de\/index.php?rest_route=\/wp\/v2\/posts"}],"about":[{"href":"https:\/\/www.beveswelt.de\/index.php?rest_route=\/wp\/v2\/types\/post"}],"author":[{"embeddable":true,"href":"https:\/\/www.beveswelt.de\/index.php?rest_route=\/wp\/v2\/users\/2"}],"replies":[{"embeddable":true,"href":"https:\/\/www.beveswelt.de\/index.php?rest_route=%2Fwp%2Fv2%2Fcomments&post=5914"}],"version-history":[{"count":9,"href":"https:\/\/www.beveswelt.de\/index.php?rest_route=\/wp\/v2\/posts\/5914\/revisions"}],"predecessor-version":[{"id":6501,"href":"https:\/\/www.beveswelt.de\/index.php?rest_route=\/wp\/v2\/posts\/5914\/revisions\/6501"}],"wp:featuredmedia":[{"embeddable":true,"href":"https:\/\/www.beveswelt.de\/index.php?rest_route=\/wp\/v2\/media\/6500"}],"wp:attachment":[{"href":"https:\/\/www.beveswelt.de\/index.php?rest_route=%2Fwp%2Fv2%2Fmedia&parent=5914"}],"wp:term":[{"taxonomy":"category","embeddable":true,"href":"https:\/\/www.beveswelt.de\/index.php?rest_route=%2Fwp%2Fv2%2Fcategories&post=5914"},{"taxonomy":"post_tag","embeddable":true,"href":"https:\/\/www.beveswelt.de\/index.php?rest_route=%2Fwp%2Fv2%2Ftags&post=5914"}],"curies":[{"name":"wp","href":"https:\/\/api.w.org\/{rel}","templated":true}]}}