{"id":5909,"date":"2012-09-25T10:09:31","date_gmt":"2012-09-25T08:09:31","guid":{"rendered":"http:\/\/www.beveswelt.de\/?p=5909"},"modified":"2012-09-25T10:09:31","modified_gmt":"2012-09-25T08:09:31","slug":"waldtribune-gegen-dortmund","status":"publish","type":"post","link":"https:\/\/www.beveswelt.de\/?p=5909","title":{"rendered":"Waldtrib\u00fcne gegen Dortmund"},"content":{"rendered":"<p style=\"text-align: justify;\">Heute Abend ist es also soweit, der amtierende Meister tritt gegen den kommenden an. Spitzenspiel in der ersten Bundesliga, Eintracht Frankfurt gegen Borussia Dortmund. <!--more-->Gef\u00fchlt w\u00fcrde ich derzeit mit mindesdens einem Punkt gegen den BVB rechnen &#8211; und gegen Freiburg die Luft anhalten. Aber egal wie, Fu\u00dfball dieser Art haben wir zuletzt zu Beginn der Neunziger von unserer Eintracht gesehen, als J\u00f6rg Bergers Truppe nach den Relegationsspielen gegen Saarbr\u00fccken urpl\u00f6tzlich mit Stein, Bein und Falke auf dem dritten Platz gelandet ist &#8211; und Tausende Fans haben genau darauf gewartet. Trotz allem geht der Blick zun\u00e4chst nach unten, 12 Punkte gegen den Abstieg nimmt uns niemand mehr.<\/p>\n<p style=\"text-align: justify;\">Wir aber machen unbeirrt weiter auf unserer Waldtrib\u00fcne. Seit wir unser kleines Programm vor den Heimspielen inszenieren, hat die Eintracht genau ein Spiel verloren, die sportlich bedeutunglose Partie gegen 1860, \u00e4rgerlich genug.<\/p>\n<p style=\"text-align: justify;\">Heute begr\u00fc\u00dfen wir von Dortmunder Seite Jakob vom erfolgreichen Online-Fanzine <a href=\"http:\/\/www.schwatzgelb.de\/\" target=\"_blank\">schwatzgelb.de<\/a>, er kann uns ja erz\u00e4hlen, wie es sich anf\u00fchlt, urpl\u00f6tzlich die Liga \u00fcber Jahre zu dominieren &#8211; und sogar Titel zu holen. schwatzgelb.de begleitet die Borussia seit 12 Jahren kritisch, humorvoll und wachen Blickes &#8211; und hat sich \u00fcberregionale Bekanntheit verschafft.<\/p>\n<p style=\"text-align: justify;\">Gro\u00dfe Ehre wurde dem <a href=\"http:\/\/www.frankfurter-fanprojekt.de\/index.php?id=aktuelles\" target=\"_blank\">Frankfurter Fanprojekt <\/a>zuteil. Nach der einw\u00f6chigen Reise nach Polen und Auschwitz im vergangenen Jahr, sowie diversen Veranstaltungen zu Thema &#8222;Im Ged\u00e4chtnis bleiben&#8220;, die gemeinsam mit den Fanclubs\u00a0 &#8222;Schwarze Geier&#8220; und den &#8222;<a href=\"http:\/\/droogs99.de\/main\/index.htm\" target=\"_blank\">Droogs99<\/a>&#8220; durchgef\u00fchrt wurden, wurde dem Team um Stephan von Ploetz der renommierte Julius Hirsch Preis zuerkannt. Dazu werden wir Stephan und Basti vom Fanprojekt begr\u00fc\u00dfen, die noch einen Vertreter der Droogs mitbringen. Einen Bericht und Fotos von der Reise findet ihr \u00fcbrigens im Ultra Magazin <a href=\"http:\/\/www.kopane.de\/stoffche-nr-1\/\" target=\"_blank\">St\u00f6ffche<\/a>.<\/p>\n<p style=\"text-align: justify;\">Und zu guter Letzt begr\u00fc\u00dfen wir mit Lothar Buchmann den Trainer, der die Eintracht 1981 zum dritten Pokalsieg gef\u00fchrt hat &#8211; also ganz genau wei\u00df, wie man Titel holt und uns davon sicher einiges berichten wird. Wir sind auch gespannt auf seine Analyse der derzeitigen Lage unserer SGE.<\/p>\n<p style=\"text-align: justify;\">Dazu kommen nat\u00fcrlich die bew\u00e4hrten Rubriken. So wird Doc Hermann die Historie der beiden Vereine ganz genau beleuchten, grandiose Siege und desastr\u00f6se Niederlagen &#8211; die Geschichte ist voll davon. Und da wird das Thema sicher auf Manni Binz zu sprechen kommen, der den Pokal zwar erst 1988 gewinnen konnte, aber daf\u00fcr f\u00fcr die Eintracht und den BVB gekickt hat.<\/p>\n<p style=\"text-align: justify;\">Und dann kommt wie stets noch Kurt E. Schmidt, der uns exklusiv die Aufstellung f\u00fcr das heutige Spiel verk\u00fcnden wird &#8211; mit einem besonderen Gru\u00df an alle Eintrachtlerinnen. Los gehts um 18:45 vor dem Museum, dann k\u00f6nnt ihr auch das neue Banner bewundern, welches von <a href=\"http:\/\/rotundschwarz-kd.blogspot.de\/\" target=\"_blank\">Kerstin <\/a>gestaltet wurde. Moderiert wird der Spa\u00df wie immer von Frauke und mir.<\/p>\n<p style=\"text-align: justify;\">\n","protected":false},"excerpt":{"rendered":"<p>Heute Abend ist es also soweit, der amtierende Meister tritt gegen den kommenden an. Spitzenspiel in der ersten Bundesliga, Eintracht Frankfurt gegen Borussia Dortmund.<\/p>\n","protected":false},"author":2,"featured_media":5910,"comment_status":"open","ping_status":"open","sticky":false,"template":"","format":"standard","meta":{"ngg_post_thumbnail":0,"footnotes":""},"categories":[9],"tags":[754,1240,1239,1823,135,1041,722,831,847],"class_list":["post-5909","post","type-post","status-publish","format-standard","has-post-thumbnail","hentry","category-eintracht-frankfurt","tag-borussia-dortmund","tag-doc-hermann","tag-droogs99-schwarze-geier","tag-eintracht-frankfurt","tag-fanprojekt","tag-kurt-e-schmidt","tag-lothar-buchmann","tag-schwatzgelb-de","tag-waldtribune","post-preview"],"_links":{"self":[{"href":"https:\/\/www.beveswelt.de\/index.php?rest_route=\/wp\/v2\/posts\/5909","targetHints":{"allow":["GET"]}}],"collection":[{"href":"https:\/\/www.beveswelt.de\/index.php?rest_route=\/wp\/v2\/posts"}],"about":[{"href":"https:\/\/www.beveswelt.de\/index.php?rest_route=\/wp\/v2\/types\/post"}],"author":[{"embeddable":true,"href":"https:\/\/www.beveswelt.de\/index.php?rest_route=\/wp\/v2\/users\/2"}],"replies":[{"embeddable":true,"href":"https:\/\/www.beveswelt.de\/index.php?rest_route=%2Fwp%2Fv2%2Fcomments&post=5909"}],"version-history":[{"count":3,"href":"https:\/\/www.beveswelt.de\/index.php?rest_route=\/wp\/v2\/posts\/5909\/revisions"}],"predecessor-version":[{"id":5913,"href":"https:\/\/www.beveswelt.de\/index.php?rest_route=\/wp\/v2\/posts\/5909\/revisions\/5913"}],"wp:featuredmedia":[{"embeddable":true,"href":"https:\/\/www.beveswelt.de\/index.php?rest_route=\/wp\/v2\/media\/5910"}],"wp:attachment":[{"href":"https:\/\/www.beveswelt.de\/index.php?rest_route=%2Fwp%2Fv2%2Fmedia&parent=5909"}],"wp:term":[{"taxonomy":"category","embeddable":true,"href":"https:\/\/www.beveswelt.de\/index.php?rest_route=%2Fwp%2Fv2%2Fcategories&post=5909"},{"taxonomy":"post_tag","embeddable":true,"href":"https:\/\/www.beveswelt.de\/index.php?rest_route=%2Fwp%2Fv2%2Ftags&post=5909"}],"curies":[{"name":"wp","href":"https:\/\/api.w.org\/{rel}","templated":true}]}}