{"id":5891,"date":"2012-09-17T09:13:49","date_gmt":"2012-09-17T07:13:49","guid":{"rendered":"http:\/\/www.beveswelt.de\/?p=5891"},"modified":"2012-09-17T09:13:49","modified_gmt":"2012-09-17T07:13:49","slug":"mal-zwischendurch","status":"publish","type":"post","link":"https:\/\/www.beveswelt.de\/?p=5891","title":{"rendered":"Mal zwischendurch"},"content":{"rendered":"<p style=\"text-align: justify;\">Ihr habt es wahrscheinlich schon gemerkt, ich bin derzeit eher selten online und demzufolge erscheinen neue Beitr\u00e4ge in \u00fcberschaubarer Zahl. <!--more-->Dies liegt nicht zuletzt daran, dass ich ne Menge zu tun habe, da wir ein Gartengrundst\u00fcck gepachtet haben und das ganze massiv auf den Winter vorbereiten m\u00fcssen. Von daher packe ich es grad nicht, zu fotografieren oder \u00fcber die Eintracht, die Waldtrib\u00fcne oder die vergangene (au\u00dferordentlich interessante) TzA zu berichten. Vielleicht hole ich es nach, sobald der Regen kommt. Aus dem gleichen Grund packe ich es auch nicht, in eure Blogs zu schauen oder zu kommentieren, ich hoffe, ihr seht es mir nach, zumal massive Kellerentr\u00fcmplung ebenfalls ansteht. Als Ausgleich gibt es ein Sammelsurium einiger Bilder, immerhin habe ich es geschafft, mir eine neue kleine Kamera zuzulegen, das ist doch schonmal was.<\/p>\n<p style=\"text-align: justify;\">ngg_shortcode_0_placeholder<\/p>\n<p style=\"text-align: justify;\">Ich danke derweil f\u00fcr euer Vertrauen und gr\u00fc\u00dfe freudig von Tabellenplatz zwei.<\/p>\n<p style=\"text-align: justify;\">\n","protected":false},"excerpt":{"rendered":"<p>Ihr habt es wahrscheinlich schon gemerkt, ich bin derzeit eher selten online und demzufolge erscheinen neue Beitr\u00e4ge in \u00fcberschaubarer Zahl.<\/p>\n","protected":false},"author":2,"featured_media":5892,"comment_status":"open","ping_status":"open","sticky":false,"template":"","format":"standard","meta":{"ngg_post_thumbnail":0,"footnotes":""},"categories":[1],"tags":[1234,1235],"class_list":["post-5891","post","type-post","status-publish","format-standard","has-post-thumbnail","hentry","category-allgemein","tag-garten","tag-spitzenzweiter","post-preview"],"_links":{"self":[{"href":"https:\/\/www.beveswelt.de\/index.php?rest_route=\/wp\/v2\/posts\/5891","targetHints":{"allow":["GET"]}}],"collection":[{"href":"https:\/\/www.beveswelt.de\/index.php?rest_route=\/wp\/v2\/posts"}],"about":[{"href":"https:\/\/www.beveswelt.de\/index.php?rest_route=\/wp\/v2\/types\/post"}],"author":[{"embeddable":true,"href":"https:\/\/www.beveswelt.de\/index.php?rest_route=\/wp\/v2\/users\/2"}],"replies":[{"embeddable":true,"href":"https:\/\/www.beveswelt.de\/index.php?rest_route=%2Fwp%2Fv2%2Fcomments&post=5891"}],"version-history":[{"count":3,"href":"https:\/\/www.beveswelt.de\/index.php?rest_route=\/wp\/v2\/posts\/5891\/revisions"}],"predecessor-version":[{"id":5895,"href":"https:\/\/www.beveswelt.de\/index.php?rest_route=\/wp\/v2\/posts\/5891\/revisions\/5895"}],"wp:featuredmedia":[{"embeddable":true,"href":"https:\/\/www.beveswelt.de\/index.php?rest_route=\/wp\/v2\/media\/5892"}],"wp:attachment":[{"href":"https:\/\/www.beveswelt.de\/index.php?rest_route=%2Fwp%2Fv2%2Fmedia&parent=5891"}],"wp:term":[{"taxonomy":"category","embeddable":true,"href":"https:\/\/www.beveswelt.de\/index.php?rest_route=%2Fwp%2Fv2%2Fcategories&post=5891"},{"taxonomy":"post_tag","embeddable":true,"href":"https:\/\/www.beveswelt.de\/index.php?rest_route=%2Fwp%2Fv2%2Ftags&post=5891"}],"curies":[{"name":"wp","href":"https:\/\/api.w.org\/{rel}","templated":true}]}}