{"id":5881,"date":"2012-09-12T19:15:47","date_gmt":"2012-09-12T17:15:47","guid":{"rendered":"http:\/\/www.beveswelt.de\/?p=5881"},"modified":"2012-09-12T19:17:47","modified_gmt":"2012-09-12T17:17:47","slug":"tza","status":"publish","type":"post","link":"https:\/\/www.beveswelt.de\/?p=5881","title":{"rendered":"13. September 2012: TzA BUNDESLIGA &#8211; DIE ERSTE"},"content":{"rendered":"<p style=\"text-align: justify;\">n diesen Tagen startete die Jubil\u00e4umssaison: Zum f\u00fcnfzigsten Mal rollt der Fu\u00dfball in Deutschland in der Bundesliga \u2013 und nach einer kurzen Verschnaufpause ist auch unsere Eintracht wieder in der Beletage.<!--more--><\/p>\n<p style=\"text-align: justify;\">Aber wie war das in den Zeiten, als ein Bundesligaspiel f\u00fcr Spieler, Funktion\u00e4re und Fans etwas ganz Neues war? Als Mannschaften pl\u00f6tzlich im Ligaalltag durch die ganze Republik reisen mussten und als mit fast jedem Gegner ein Zuschauermagnet kam. Im Teil 22 der Veranstaltungsreihe \u201eTradition zum Anfassen\u201c erinnern wir an die erste Bundesligasaison unserer Eintracht. Dazu haben wir uns Spieler eingeladen, die in der Saison 1963\/64 f\u00fcr die Eintracht die Fu\u00dfballschuhe schn\u00fcrten.<\/p>\n<p style=\"text-align: justify;\">Wir freuen uns auf Richard Weber, der 1961 vom VfL Marburg zur Eintracht kam. Im gleichen Jahr kam AlfredHorn, er wechselte von Bayern Hof an den Riederwald. Ludwig Landerer kam 1961 ebenfalls aus Bayern, er spielte vor seiner Zeit bei der Eintracht beim FC Bayern und der TSG Ulm 1864. Lothar Sch\u00e4mer kam 1960 von Erzhausen zur Eintracht, er spielte bis 1973 f\u00fcr die Adlertr\u00e4ger. Lothar Sch\u00e4mer war es auch, der am 24. August 1963 \u201eEintracht-Geschichte\u201c schrieb, denn sein Elfmetertreffer gegen den 1. FC Kaiserslautern im ersten Saisonspiel war das erste Bundesligator unserer Eintracht. Der Saisonauftakt gegen die Roten Teufel endete damals vor 30.000 Zuschauern mit 1:1. In den folgenden Monaten entwickelte sich die von Meistertrainer Paul Osswald trainierte Mannschaft zu einem Spitzenteam, dass am Ende der Premierensaison einen respektablen dritten Tabellenplatz belegte und das Pokalfinale erreichte.Mit Richard Weber, Alfred Horn, Ludwig Landerer, Lothar Sch\u00e4mer und weiteren G\u00e4sten wird Moderator Axel \u201eBeve\u201c Hoffmann am 13. September die Anfangstage der Bundesliga noch einmal ganz genau beleuchten. Und wir k\u00f6nnen belegen, dass wir die Saison eigentlich sogar als Vizemeister beendet h\u00e4tten.<\/p>\n<p style=\"text-align: justify;\">Wir freuen uns auf Ihren Besuch!<\/p>\n<p style=\"text-align: justify;\">DONNERSTAG, 13. September 2012\u00bb\u00a0\u00a0 19.30 UHR\u00bb\u00a0\u00a0 EINTRACHT FRANKFURT MUSEUM\u00bb\u00a0\u00a0 EINTRITT: 5 EURO, ERM. 3,50 EUR.<\/p>\n<p style=\"text-align: justify;\">F\u00fcr Mitglieder der Fan- und F\u00f6rderabteilung und des F\u00f6rdervereins Eintracht Frankfurt Museum ist der EINTRITT FREI!!!<\/p>\n<p style=\"text-align: justify;\">\n","protected":false},"excerpt":{"rendered":"<p>n diesen Tagen startete die Jubil\u00e4umssaison: Zum f\u00fcnfzigsten Mal rollt der Fu\u00dfball in Deutschland in der Bundesliga \u2013 und nach einer kurzen Verschnaufpause ist auch unsere Eintracht wieder in der Beletage.<\/p>\n","protected":false},"author":2,"featured_media":5882,"comment_status":"open","ping_status":"open","sticky":false,"template":"","format":"standard","meta":{"ngg_post_thumbnail":0,"footnotes":""},"categories":[9],"tags":[1233,109,1232,1231,1230,653],"class_list":["post-5881","post","type-post","status-publish","format-standard","has-post-thumbnail","hentry","category-eintracht-frankfurt","tag-alfred-horn","tag-eintracht-frankfurt-museum","tag-lothar-schamer","tag-ludwig-landerer","tag-richard-weber","tag-tza","post-preview"],"_links":{"self":[{"href":"https:\/\/www.beveswelt.de\/index.php?rest_route=\/wp\/v2\/posts\/5881","targetHints":{"allow":["GET"]}}],"collection":[{"href":"https:\/\/www.beveswelt.de\/index.php?rest_route=\/wp\/v2\/posts"}],"about":[{"href":"https:\/\/www.beveswelt.de\/index.php?rest_route=\/wp\/v2\/types\/post"}],"author":[{"embeddable":true,"href":"https:\/\/www.beveswelt.de\/index.php?rest_route=\/wp\/v2\/users\/2"}],"replies":[{"embeddable":true,"href":"https:\/\/www.beveswelt.de\/index.php?rest_route=%2Fwp%2Fv2%2Fcomments&post=5881"}],"version-history":[{"count":8,"href":"https:\/\/www.beveswelt.de\/index.php?rest_route=\/wp\/v2\/posts\/5881\/revisions"}],"predecessor-version":[{"id":5890,"href":"https:\/\/www.beveswelt.de\/index.php?rest_route=\/wp\/v2\/posts\/5881\/revisions\/5890"}],"wp:featuredmedia":[{"embeddable":true,"href":"https:\/\/www.beveswelt.de\/index.php?rest_route=\/wp\/v2\/media\/5882"}],"wp:attachment":[{"href":"https:\/\/www.beveswelt.de\/index.php?rest_route=%2Fwp%2Fv2%2Fmedia&parent=5881"}],"wp:term":[{"taxonomy":"category","embeddable":true,"href":"https:\/\/www.beveswelt.de\/index.php?rest_route=%2Fwp%2Fv2%2Fcategories&post=5881"},{"taxonomy":"post_tag","embeddable":true,"href":"https:\/\/www.beveswelt.de\/index.php?rest_route=%2Fwp%2Fv2%2Ftags&post=5881"}],"curies":[{"name":"wp","href":"https:\/\/api.w.org\/{rel}","templated":true}]}}