{"id":5669,"date":"2012-07-12T10:02:48","date_gmt":"2012-07-12T08:02:48","guid":{"rendered":"http:\/\/www.beveswelt.de\/?p=5669"},"modified":"2012-07-12T12:09:54","modified_gmt":"2012-07-12T10:09:54","slug":"saubermanner-und-sundenbocke","status":"publish","type":"post","link":"https:\/\/www.beveswelt.de\/?p=5669","title":{"rendered":"Sauberm\u00e4nner und S\u00fcndenb\u00f6cke"},"content":{"rendered":"<p style=\"text-align: justify;\">W\u00e4hrend die Frankfurter Eintracht derzeit im <a href=\"http:\/\/www.eintracht.de\/aktuell\/38485\/\" target=\"_blank\">Trainingslager <\/a>in Windischgarsten weilt und sich auf die kommende Erstligasaison vorbereitet, derweil in heimischen Gefilden <a href=\"http:\/\/www.eintracht.de\/aktuell\/38467\/\" target=\"_blank\">das neue Trikot vorgestellt wurde<\/a> und der neue Sponsor auf sich warten l\u00e4sst und sich zudem Innenverteidiger Gordon Schildenfeld wohl nach <a href=\"http:\/\/www.goal.com\/de\/news\/968\/transfermarkt\/2012\/07\/11\/3236084\/gordon-schildenfeld-wechselt-zu-dinamo-moskau?source=breakingnews\" target=\"_blank\">Moskau <\/a>verabschiedet hat, gehen Kleinigkeiten des Weltfu\u00dfballs beinahe unter. <!--more--><\/p>\n<p style=\"text-align: justify;\">Zum Beispiel, dass der ehemalige FIFA-Pr\u00e4sdident Joao Havelange ebenso wie der langj\u00e4hrige Pr\u00e4sident des brasilianischen Fu\u00dfballs, Ricardo Texeira, jahrelang Schmiergelder in Millionenh\u00f6he kassiert hat. <a href=\"http:\/\/www.spiegel.de\/sport\/fussball\/schweizer-gericht-lehnt-beschwerde-zweier-fifa-funktionaere-in-isl-affaere-ab-a-843933.html\" target=\"_blank\">Der 96 Jahre alte Brasilianer Havelange, der von 1974 bis 1998 der Fifa vorgestanden hatte, erhielt demnach im Jahr 1997 1,5 Millionen Schweizer Franken (rund 1,25 Millionen Euro) von der inzwischen pleite gegangenen Fifa-Vermarktungsagentur ISL (International Sport and Leisure).<\/a><\/p>\n<p style=\"text-align: justify;\">Dies erf\u00e4hrt die interessierte \u00d6ffentlichkeit allerdings erst im Detail nachdem alles vorbei ist, denn wie im Artikel zu lesen ist, sind &#8222;<em>&#8230; Die Verfahren gegen die beiden fr\u00fcheren Funktion\u00e4re &#8230; allerdings nach Zahlung von hohen Geldsummen eingestellt worden. Havelange und Teixeira wiesen die Anschuldigungen stets zur\u00fcck. Die Unterlagen belegen, dass die Provisionszahlungen der ISMM\/ISL-Gruppe bis in die Achtziger Jahre zur\u00fcckgehen &#8230; &#8222;<\/em><\/p>\n<p style=\"text-align: justify;\">Havelange, der neben seiner FIFA-Pr\u00e4sidentschaft knapp 50 Jahre im Internationalen Olympischen Komitee (IOC) sa\u00df, war schon vergangenen Dezember <em>aus gesundheitlichen Gr\u00fcnden<\/em> von seinem Sitz im IOC <a href=\"http:\/\/www.spiegel.de\/sport\/sonst\/korruptionsskandal-ioc-stellt-ermittlungen-gegen-havelange-ein-a-802043.html\" target=\"_blank\">zur\u00fcckgetreten <\/a>&#8211; bevor er zur\u00fcckgetreten wurde.<\/p>\n<p style=\"text-align: justify;\">Jens Weinreich schreibt dazu: <a href=\"http:\/\/www.jensweinreich.de\/2012\/07\/12\/fifacorruption-die-einstellungsverfugung-zum-isl-korruptionssystem\/\" target=\"_blank\">Nach einer Ewigkeit darf nun endlich die Einstellungsverf\u00fcgung im ISL-Korruptionsverfahren vom Juni 2010 ver\u00f6ffentlicht werden. Danke an Jean Francois Tanda (Handelszeitung), James Oliver (BBC Panorama) und an die Kollegen vom Beobachter und der Sonntagszeitung, dass sie durchgehalten haben \u2013 bis das Schweizer Bundesgericht nun die Ver\u00f6ffentlichung jener Unterlagen anordnete, die nach dem (urspr\u00fcnglichen Willen) von FIFA und der korrupten F\u00fchrungsclique nie hatten ver\u00f6ffentlicht werden sollen. Nicht vergessen: Deshalb wurden schon zweimal Millionensummen an Schweigegeld f\u00fcr Korruptionsverdunklungsvertr\u00e4ge gezahlt. Aber inzwischen ist aus dem FIFA-Papst Joseph Blatter ja ein Reformer geworden.<\/a><\/p>\n<p style=\"text-align: justify;\">Jener Blatter, der zu Havelange-Zeiten Generalsekret\u00e4r der FIFA war und unter dessen \u00c4gide die nun ver\u00f6ffentlichten Informationen geheimgehalten werden sollten. Weinreichs kritische Begleitung der Umst\u00e4nde rund um die FIFA, ISL und die Verwicklung des IOC findet ihr <a href=\"http:\/\/www.jensweinreich.de\/category\/islismm\/\" target=\"_blank\">hier<\/a>. Die Lekt\u00fcre ist dringend empfohlen.<\/p>\n<p style=\"text-align: justify;\">Tja Freunde, so l\u00e4uft er, unser hei\u00dfgeliebter Fu\u00dfball. Die wahren Hooligans tragen weder Hoodie noch Sneaker und sie werden nicht mit Quarz- sondern mit Samthandschuhen angegangen &#8211; w\u00e4hrend in der \u00d6ffentlichkeit das Bengalo oder der Platzsturm oder die Ultras den Fu\u00dfball kaputt machen.<\/p>\n<p style=\"text-align: justify;\"><a href=\"http:\/\/www.altravita.com\/was-ist-ultra.php\" target=\"_blank\">Was ist eigentlich Ultra?<\/a> Diese Frage hat Kai in seinem hervorragenden Blog altravita.com gestellt &#8211; und er hat Antworten bekommen, die er uns nicht vorenth\u00e4lt: <a href=\"http:\/\/www.altravita.com\/das-ist-ultra.php\" target=\"_blank\">Das ist Ultra. <\/a>Eine von vielen Antworten, die Leser des Blogs auf die Frage <em>Was ist Ultra<\/em> gegeben haben lautet: <em>Eine Erholung vom gesamtgesellschaftlichem Bullshit. Ein Ersatz und ein Ort zum Wohlf\u00fchlen, Wahlverwandschaft, eine Auszeit die \u00fcber 90 Minuten hinausgeht und trotzdem nicht weit genug greift, weil sie letztendlich doch nichts \u00e4ndert.<\/em><\/p>\n<p style=\"text-align: justify;\">Das Sch\u00f6ne ist, dass auf altravita.com nicht nur &#8211; wie so oft &#8211; \u00fcber die Ultras geschrieben wird, sondern sie selbst zu Wort kommen; ein offenes und zugleich widerspr\u00fcchliches Bild offenbart sich, welches so gar nicht zum (ver)\u00f6ffentlich(t)en passt. Dazu gibt es hier gleich noch einen Link zu einer <a href=\"http:\/\/www.eintracht.de\/meine_eintracht\/forum\/9\/11191104\/\" target=\"_blank\">Aktion der Frankfurter Ultras,<\/a> die euch gegen die Bezahlung der Materialkosten anbieten, triste graue W\u00e4nde mit Eintracht-Graffitis zu versch\u00f6nern. Und wer sich einmal die <a href=\"http:\/\/www.beveswelt.de\/?p=4187\" target=\"_blank\">Unterf\u00fchrung am Waldstadion<\/a> angesehen hat, der wei\u00df, welch geile Sachen dabei heraus kommen. Also nutzt die Gelegenheit. Und sagt Bescheid, wenn ihr die Sonne gesehen habt.<\/p>\n<p style=\"text-align: justify;\">\n","protected":false},"excerpt":{"rendered":"<p>W\u00e4hrend die Frankfurter Eintracht derzeit im Trainingslager in Windischgarsten weilt und sich auf die kommende Erstligasaison vorbereitet, derweil in heimischen Gefilden das neue Trikot vorgestellt wurde und der neue Sponsor auf sich warten l\u00e4sst und sich zudem Innenverteidiger Gordon Schildenfeld wohl nach Moskau verabschiedet hat, gehen Kleinigkeiten des Weltfu\u00dfballs beinahe unter.<\/p>\n","protected":false},"author":2,"featured_media":5671,"comment_status":"open","ping_status":"open","sticky":false,"template":"","format":"standard","meta":{"ngg_post_thumbnail":0,"footnotes":""},"categories":[9,12],"tags":[1164,792,1165,1166,265,1167,1169,1168,1170,1163],"class_list":["post-5669","post","type-post","status-publish","format-standard","has-post-thumbnail","hentry","category-eintracht-frankfurt","category-wortwelt","tag-altravita-com","tag-fifa","tag-ioc","tag-isl","tag-jens-weinreich","tag-joao-havelange","tag-mafia","tag-ricardo-texeira","tag-sepp-blatter","tag-ultra","post-preview"],"_links":{"self":[{"href":"https:\/\/www.beveswelt.de\/index.php?rest_route=\/wp\/v2\/posts\/5669","targetHints":{"allow":["GET"]}}],"collection":[{"href":"https:\/\/www.beveswelt.de\/index.php?rest_route=\/wp\/v2\/posts"}],"about":[{"href":"https:\/\/www.beveswelt.de\/index.php?rest_route=\/wp\/v2\/types\/post"}],"author":[{"embeddable":true,"href":"https:\/\/www.beveswelt.de\/index.php?rest_route=\/wp\/v2\/users\/2"}],"replies":[{"embeddable":true,"href":"https:\/\/www.beveswelt.de\/index.php?rest_route=%2Fwp%2Fv2%2Fcomments&post=5669"}],"version-history":[{"count":11,"href":"https:\/\/www.beveswelt.de\/index.php?rest_route=\/wp\/v2\/posts\/5669\/revisions"}],"predecessor-version":[{"id":5682,"href":"https:\/\/www.beveswelt.de\/index.php?rest_route=\/wp\/v2\/posts\/5669\/revisions\/5682"}],"wp:featuredmedia":[{"embeddable":true,"href":"https:\/\/www.beveswelt.de\/index.php?rest_route=\/wp\/v2\/media\/5671"}],"wp:attachment":[{"href":"https:\/\/www.beveswelt.de\/index.php?rest_route=%2Fwp%2Fv2%2Fmedia&parent=5669"}],"wp:term":[{"taxonomy":"category","embeddable":true,"href":"https:\/\/www.beveswelt.de\/index.php?rest_route=%2Fwp%2Fv2%2Fcategories&post=5669"},{"taxonomy":"post_tag","embeddable":true,"href":"https:\/\/www.beveswelt.de\/index.php?rest_route=%2Fwp%2Fv2%2Ftags&post=5669"}],"curies":[{"name":"wp","href":"https:\/\/api.w.org\/{rel}","templated":true}]}}