{"id":5448,"date":"2012-05-03T12:07:18","date_gmt":"2012-05-03T10:07:18","guid":{"rendered":"http:\/\/www.beveswelt.de\/?p=5448"},"modified":"2012-05-03T12:07:18","modified_gmt":"2012-05-03T10:07:18","slug":"kurz-gesagt","status":"publish","type":"post","link":"https:\/\/www.beveswelt.de\/?p=5448","title":{"rendered":"Kurz gesagt"},"content":{"rendered":"<p style=\"text-align: justify;\">Nun ist es also Vergangenheit, das letzte Heimspiel der Saison 2011\/12 und am Ende stand tats\u00e4chlich der erhoffte Aufstieg, der bislang auch geb\u00fchrend gefeiert wurde. Eigentlich wollte ich ja einen l\u00e4ngeren Bericht \u00fcber den 29.04.2012 schreiben, \u00fcber den Tag, an dem die Eintracht zwar 0:2 gegen 1860 M\u00fcnchen unterlegen war &#8211; aber nach Spielende sowohl im Stadion als auch bei uns auf der Waldtrib\u00fcne f\u00fcr den Aufstieg geb\u00fchrend gefeiert wurde. <!--more--><\/p>\n<p style=\"text-align: justify;\">Einige Reaktionen aus dem Netz hatten mir jedoch zun\u00e4chst die Lust mit der Besch\u00e4ftigung verg\u00e4llt und in der Zwischenzeit hat Kerstin in ihrem Blog rotundschwarz eine Beschreibung des Tages abgeliefert, die im Grunde alles erz\u00e4hlt; eine gro\u00dfartige Zusammenfassung eines Tages, der in Erinnerung bleiben wird. Von daher ergeht hier f\u00fcr alle der Lesebefehl: <a href=\"http:\/\/rotundschwarz-kd.blogspot.de\/2012\/05\/eigentlich-war-es-doch-ganz-schon.html\" target=\"_blank\">&#8222;Eigentlich war es doch ganz sch\u00f6n&#8230;&#8220;<\/a><\/p>\n<p style=\"text-align: justify;\">Ich m\u00f6chte mich hier nun bei allen bedanken, die diesen Tag unvergesslich gemacht haben, denn wie gesagt<em>: Eigentlich war es doch ganz sch\u00f6n<\/em>.<\/p>\n<p style=\"text-align: justify;\">Pia hat ein paar Bilder gemacht, die ich euch nicht vorenthalten m\u00f6chte &#8211; jetzt noch die Ausw\u00e4rtspartie in Karlsruhe und dann geht&#8217;s weiter in Liga Eins. Wir sehn uns!<\/p>\n<p style=\"text-align: justify;\">ngg_shortcode_0_placeholder<\/p>\n","protected":false},"excerpt":{"rendered":"<p>Nun ist es also Vergangenheit, das letzte Heimspiel der Saison 2011\/12 und am Ende stand tats\u00e4chlich der erhoffte Aufstieg, der bislang auch geb\u00fchrend gefeiert wurde. Eigentlich wollte ich ja einen l\u00e4ngeren Bericht \u00fcber den 29.04.2012 schreiben, \u00fcber den Tag, an dem die Eintracht zwar 0:2 gegen 1860 M\u00fcnchen unterlegen war &#8211; aber nach Spielende sowohl [&hellip;]<\/p>\n","protected":false},"author":2,"featured_media":5449,"comment_status":"open","ping_status":"open","sticky":false,"template":"","format":"standard","meta":{"ngg_post_thumbnail":0,"footnotes":""},"categories":[9],"tags":[1106,1111,847],"class_list":["post-5448","post","type-post","status-publish","format-standard","has-post-thumbnail","hentry","category-eintracht-frankfurt","tag-aufstieg-2012","tag-rotundschwarz","tag-waldtribune","post-preview"],"_links":{"self":[{"href":"https:\/\/www.beveswelt.de\/index.php?rest_route=\/wp\/v2\/posts\/5448","targetHints":{"allow":["GET"]}}],"collection":[{"href":"https:\/\/www.beveswelt.de\/index.php?rest_route=\/wp\/v2\/posts"}],"about":[{"href":"https:\/\/www.beveswelt.de\/index.php?rest_route=\/wp\/v2\/types\/post"}],"author":[{"embeddable":true,"href":"https:\/\/www.beveswelt.de\/index.php?rest_route=\/wp\/v2\/users\/2"}],"replies":[{"embeddable":true,"href":"https:\/\/www.beveswelt.de\/index.php?rest_route=%2Fwp%2Fv2%2Fcomments&post=5448"}],"version-history":[{"count":2,"href":"https:\/\/www.beveswelt.de\/index.php?rest_route=\/wp\/v2\/posts\/5448\/revisions"}],"predecessor-version":[{"id":5451,"href":"https:\/\/www.beveswelt.de\/index.php?rest_route=\/wp\/v2\/posts\/5448\/revisions\/5451"}],"wp:featuredmedia":[{"embeddable":true,"href":"https:\/\/www.beveswelt.de\/index.php?rest_route=\/wp\/v2\/media\/5449"}],"wp:attachment":[{"href":"https:\/\/www.beveswelt.de\/index.php?rest_route=%2Fwp%2Fv2%2Fmedia&parent=5448"}],"wp:term":[{"taxonomy":"category","embeddable":true,"href":"https:\/\/www.beveswelt.de\/index.php?rest_route=%2Fwp%2Fv2%2Fcategories&post=5448"},{"taxonomy":"post_tag","embeddable":true,"href":"https:\/\/www.beveswelt.de\/index.php?rest_route=%2Fwp%2Fv2%2Ftags&post=5448"}],"curies":[{"name":"wp","href":"https:\/\/api.w.org\/{rel}","templated":true}]}}