{"id":5438,"date":"2012-05-01T11:41:39","date_gmt":"2012-05-01T09:41:39","guid":{"rendered":"http:\/\/www.beveswelt.de\/?p=5438"},"modified":"2012-05-01T11:41:39","modified_gmt":"2012-05-01T09:41:39","slug":"quetschemannsche","status":"publish","type":"post","link":"https:\/\/www.beveswelt.de\/?p=5438","title":{"rendered":"Quetschem\u00e4nnsche"},"content":{"rendered":"<p style=\"text-align: justify;\">Quetschem\u00e4nnsche. Ich habe im Leben noch keines gegessen; eines jener Quetschem\u00e4nnsche, die laut Wikipedia <em>&#8222;&#8230; Zu den klassischen Frankfurter Weihnachtsartikeln geh\u00f6ren, die <strong>Quetschem\u00e4nnsche<\/strong>, kleine Figuren aus <a title=\"Nussfrucht\" href=\"http:\/\/de.wikipedia.org\/wiki\/Nussfrucht\">N\u00fcssen<\/a>, <a title=\"Trockenobst\" href=\"http:\/\/de.wikipedia.org\/wiki\/Trockenobst\">Backpflaumen<\/a> und <a title=\"Rosine\" href=\"http:\/\/de.wikipedia.org\/wiki\/Rosine\">Rosinen<\/a>.<\/em>&#8220; Ich mag den trockenen Krempel nicht.<!--more--><\/p>\n<p style=\"text-align: justify;\">Nur ist das Quetschem\u00e4nnsche nicht nur ein klassischer trockener Weihnachtsartikel, sondern auch der Name eines Users im Blog-G; ein User, der mir gut bekannt ist und der unter anderem Namen zuvor auch im Forum der Eintracht und bei (im von mir nicht frequentierten) Facebook gepostet hat. Ein User, der zu vielen Dingen eine Meinung hat und nicht m\u00fcde wird, diese beharrlich und unentwegt zu vertreten. Dies ist in Zeiten demokratischer Meinungs\u00e4u\u00dferung sein gutes Recht und mit Reaktionen muss er klar kommen. Ich selbst habe mir eigentlich angew\u00f6hnt, auf vieles nicht mehr einzugehen, da mir einiges zu haneb\u00fcchen ist und zudem die Erfahrung existiert, dass ein Reflektion auf eine Reaktion nicht erkennbar ist. Jeder wie er will.<\/p>\n<p style=\"text-align: justify;\">Dass ich nun dennoch darauf eingehe, liegt an diversen Statements des Quetschem\u00e4nnsches im Zusammenhang mit der Feier an der Waldtrib\u00fcne nach dem Spiel gegen 1860, die wir im Rahmen des Eintracht-Museums organisiert haben und die ich gemeinsam mit Frauke moderiert habe. \u00dcber den Tag wird im Laufe der Zeit noch ein gesonderter Bericht erscheinen; vorneweg aber ein Reflex auf jene Statements.<\/p>\n<p style=\"text-align: justify;\">Es kam im Zusammenhang mit der Feier zu der Situation, dass Gordon Schildenfeld urpl\u00f6tzlich den zur Sicherheit positionierten Feuerl\u00f6scher nahm und dessen Inhalt in Richtung B\u00fchne und Fans verspr\u00fchte, einen f\u00fcr meinen Geschmack v\u00f6llig unn\u00f6tige und unlustige Aktion. Daraufhin meinte ich flapsig \u00fcber das Mikro: &#8222;Pyrotechnik ist kein Verbrechen.&#8220; V\u00f6llig unabh\u00e4ngig wie ich zu Pyrotechnik stehe, war dieser Satz in jenem Moment sowohl spontan als auch ausschlie\u00dflich eine Reaktion auf den Feuerl\u00f6scher.<\/p>\n<p style=\"text-align: justify;\">Als ich gestern dann im Blog-G den Tag Revue passieren lassen lie\u00df, las ich folgende Reaktion auf meinen Satz:<\/p>\n<p style=\"text-align: justify;\"><em><a href=\"http:\/\/www.blog-g.de\/290412-eintracht-frankfurt-1860-muenchen.html#comment-556958\" target=\"_blank\">Die sorgen daf\u00fcr, da\u00df dort sowas skandiert werden kann und finden das OK.<\/a><\/em><\/p>\n<p style=\"text-align: justify;\"><a href=\"http:\/\/www.blog-g.de\/290412-eintracht-frankfurt-1860-muenchen.html#comment-556958\" target=\"_blank\"><em>Die ganze Ultra-Scheisse w\u00e4re vermutlich l\u00e4ngst auf einem normalen Ma\u00df und in etwa auf einem Level so recht und schlecht wie bei anderen Vereinen, wenn nicht ma\u00dfgebliche Kr\u00e4fte der normalen Fan-Szene, etliche davon hier im Blog und wortf\u00fchrend, diese unterst\u00fctzen w\u00fcrden. \u201c<\/em><\/a><\/p>\n<p style=\"text-align: justify;\"><a href=\"http:\/\/www.blog-g.de\/290412-eintracht-frankfurt-1860-muenchen.html#comment-556958\" target=\"_blank\"><em>Es handelt sich um gestandene Herren, die \u201cauch mal jung\u201d waren(!), aber in Wahrheit von den Ultras in ihrer \u201cBedeutung\u201d f\u00fcr die Eintracht sich best\u00e4tigt wissen wollen.<\/em><\/a><\/p>\n<p style=\"text-align: justify;\"><a href=\"http:\/\/www.blog-g.de\/290412-eintracht-frankfurt-1860-muenchen.html#comment-556958\" target=\"_blank\"><em>L\u00e4cherlich sowas..<\/em><\/a><\/p>\n<p style=\"text-align: justify;\">Dieser Satz impliziert zwei Dinge; auf der einen Seite, dass ich in letzter Konsequenz urs\u00e4chlich mit daf\u00fcr verantwortlich bin, dass einzelne Aktionen der Ultras der Eintracht schaden (wobei die Ultras in ihrer Gesamtheit nebenbei f\u00fcr alles sch\u00e4ndliche verantwortlich gemacht werden) und mein Interesse gleicherma\u00dfen darauf ausgerichtet ist, meine &#8222;Bedeutung&#8220; f\u00fcr die Eintracht von der UF best\u00e4tigt zu wissen.<\/p>\n<p style=\"text-align: justify;\">Abgesehen davon, dass wahrscheinlich nur ein winziger Bruchteil, wenn \u00fcberhaupt, der UF an der Waldtrib\u00fcne zugegen war, da der Treffpunkt der Ultras au\u00dferhalb des Stadions liegt, so halte ich beide Aussagen sowohl f\u00fcr eine Frechheit als auch f\u00fcr eine Unversch\u00e4mtheit.<\/p>\n<p style=\"text-align: justify;\">Jeder, der mich oder dieses Blog kennt, d\u00fcrfte eine Ahnung haben, wie ich zur Eintracht und zur Fanszene im Gesamten stehe. Dazu geh\u00f6rt auch der Dialog. Und ich suche stets das Gespr\u00e4ch, egal ob mit dem Vorstandvorsitzenden oder verschiedenen Fangruppen oder eben auch mit den Ultras &#8211; weshalb auch nicht. Dar\u00fcber versuche ich mir ein Bild zu verschaffen und in der Regel spiele ich mit offenen Karten; sage, was ich denke. Abgesehen davon, dass es ganz normal ist, mit Leuten zu quatschen, die man kennt.<\/p>\n<p style=\"text-align: justify;\">In der Regel sind die meisten Problematiken nicht mit einfachen L\u00f6sungsans\u00e4tzen zu erkl\u00e4ren oder zu \u00e4ndern. Dass ich kein fanpolitisches Amt innehabe und es auch nie angestrebt habe, ist meine volle Absicht, da ich Eintracht Frankfurt als Gesamtes sehe &#8211; ich habe niemals also institutionalisierte Interessen vertreten. Meine Arbeit beschr\u00e4nkte sich lange Jahre auf den Job des Stadionsprechers und auf meine Mitarbeiterschaft im Museum; zus\u00e4tzlich \u00e4u\u00dfere ich mich wie viele Eintrachtfans im Forum, im Blog-G oder hier in Beves Welt. Mein Metier ist in letzter Konsequenz das geschriebene Wort, hier im Blog zus\u00e4tzlich das Bild, das Foto. Aus meinen Ausw\u00e4rtsberichten kann man die Art und Weise herauslesen, wie ich unterwegs bin und wie ich die Eintracht erlebe. Eine Bedeutung aber, eine Einflussnahme wie sie mir vom Quetschem\u00e4nnsche unterstellt wird, habe ich mir selbst nie beigemessen.<\/p>\n<p style=\"text-align: justify;\">Was f\u00fcr mich z\u00e4hlt ist die Erlebniswelt, die ich schildere &#8211; und wenn viele von euch \u00e4hnliche Erlebnisse mit der Eintracht habe und sich in meinen Berichten wiederfinden, so ist das eine sch\u00f6ne Sache und wir werden sp\u00e4ter nachlesen k\u00f6nnen, wie es denn so mit der Eintracht gewesen ist.<\/p>\n<p style=\"text-align: justify;\">Die B\u00f6sartigkeit, mit der mich das Quetschem\u00e4nnsche verantwortlich macht, stimmt mich sowohl traurig als auch w\u00fctend. Die Annahme, dass irgendjemand sein Handeln auf Grund meiner Worte \u00e4ndern w\u00fcrde nach dem Motto: Der Beve hat gesagt, also schmei\u00df ich jetzt mal einen B\u00f6ller ist derma\u00dfen absurd, dass man es kaum glauben kann. Die Annahme, dass die UF oder aber einzelne auf Grund meiner Worte irgend etwas machen, dass der Eintracht schadet ist bodenlos. Und dagegen verwehre ich mich massiv. Zumal ich gar nicht wei\u00df, ob das Quetschem\u00e4nnsche an der Waldtrib\u00fcne zugegen war, als Schildenfeld spr\u00fchte und ich sprach. Was ich aber wei\u00df, dass ich stets versucht habe, besonnen und inhaltlich zu argumentieren und mich dabei auch Argumenten nicht verwehre, die mich in meinen \u00dcberzeugungen irritieren. Aber mir die Verantwortung zuzuschustern, f\u00fcr Dinge, die andere machen ist armselig &#8211; zumal dies ausschlie\u00dflich in der virtuellen Welt geschieht.<\/p>\n<p style=\"text-align: justify;\">Wie auch immer, die letzte Kippe ist gedreht, das letzte Wort in diesem Zusammenhang gesprochen. Ich bin bereit, mich mit vielen Dingen auseinander zu setzen &#8211; aber nicht mit B\u00f6sartigkeiten.<\/p>\n","protected":false},"excerpt":{"rendered":"<p>Quetschem\u00e4nnsche. Ich habe im Leben noch keines gegessen; eines jener Quetschem\u00e4nnsche, die laut Wikipedia &#8222;&#8230; Zu den klassischen Frankfurter Weihnachtsartikeln geh\u00f6ren, die Quetschem\u00e4nnsche, kleine Figuren aus N\u00fcssen, Backpflaumen und Rosinen.&#8220; Ich mag den trockenen Krempel nicht.<\/p>\n","protected":false},"author":2,"featured_media":5439,"comment_status":"open","ping_status":"open","sticky":false,"template":"","format":"standard","meta":{"ngg_post_thumbnail":0,"footnotes":""},"categories":[9],"tags":[857,1823,1109,1108,1110],"class_list":["post-5438","post","type-post","status-publish","format-standard","has-post-thumbnail","hentry","category-eintracht-frankfurt","tag-blog-g","tag-eintracht-frankfurt","tag-pyrotechnik","tag-quetschemannsche","tag-ultras","post-preview"],"_links":{"self":[{"href":"https:\/\/www.beveswelt.de\/index.php?rest_route=\/wp\/v2\/posts\/5438","targetHints":{"allow":["GET"]}}],"collection":[{"href":"https:\/\/www.beveswelt.de\/index.php?rest_route=\/wp\/v2\/posts"}],"about":[{"href":"https:\/\/www.beveswelt.de\/index.php?rest_route=\/wp\/v2\/types\/post"}],"author":[{"embeddable":true,"href":"https:\/\/www.beveswelt.de\/index.php?rest_route=\/wp\/v2\/users\/2"}],"replies":[{"embeddable":true,"href":"https:\/\/www.beveswelt.de\/index.php?rest_route=%2Fwp%2Fv2%2Fcomments&post=5438"}],"version-history":[{"count":4,"href":"https:\/\/www.beveswelt.de\/index.php?rest_route=\/wp\/v2\/posts\/5438\/revisions"}],"predecessor-version":[{"id":5443,"href":"https:\/\/www.beveswelt.de\/index.php?rest_route=\/wp\/v2\/posts\/5438\/revisions\/5443"}],"wp:featuredmedia":[{"embeddable":true,"href":"https:\/\/www.beveswelt.de\/index.php?rest_route=\/wp\/v2\/media\/5439"}],"wp:attachment":[{"href":"https:\/\/www.beveswelt.de\/index.php?rest_route=%2Fwp%2Fv2%2Fmedia&parent=5438"}],"wp:term":[{"taxonomy":"category","embeddable":true,"href":"https:\/\/www.beveswelt.de\/index.php?rest_route=%2Fwp%2Fv2%2Fcategories&post=5438"},{"taxonomy":"post_tag","embeddable":true,"href":"https:\/\/www.beveswelt.de\/index.php?rest_route=%2Fwp%2Fv2%2Ftags&post=5438"}],"curies":[{"name":"wp","href":"https:\/\/api.w.org\/{rel}","templated":true}]}}