{"id":5424,"date":"2012-04-28T11:44:28","date_gmt":"2012-04-28T09:44:28","guid":{"rendered":"http:\/\/www.beveswelt.de\/?p=5424"},"modified":"2012-04-28T12:26:30","modified_gmt":"2012-04-28T10:26:30","slug":"waldtribune-gegen-1860-nie-mehr-zweite-liga-edition","status":"publish","type":"post","link":"https:\/\/www.beveswelt.de\/?p=5424","title":{"rendered":"Waldtrib\u00fcne gegen 1860: Nie mehr zweite Liga-Edition"},"content":{"rendered":"<p style=\"text-align: justify;\">Als zu Beginn der vergehenden Saison die Waldtrib\u00fcne das Licht der Welt erblickte, war dies keineswegs eine Selbstverst\u00e4ndlichkeit. Zwischen Sinn und Zweck, Sicherheitsbedenken und Finanzierungsoptionen mussten allerlei Diskussionen gef\u00fchrt werden, um letztlich das Ok zu bekommen &#8211; zun\u00e4chst bis zur Winterpause.<!--more--><\/p>\n<p style=\"text-align: justify;\">Wie das ganze ankommt, blieb abzuwarten &#8211; immerhin wussten wir, dass viele Eintrachtfans im Rahmen eines Heimspiels der Eintracht ihre festen Treffpunkte haben, sei es beim Bratwurst-Walter, beim Wach, am Gleisdreieck, Ultra-Container oder wo auch immer. Unser Angebot richtete sich im Wissen darum vor allem an diejenigen, die vor dem Spiel keine konkrete Anlaufstation hatten &#8211; und es richtete sich auch an die Fans des jeweiligen Gastvereins. Angedacht in einer Zeit, in der die Fans der Eintracht medial in ein finsteres Licht ger\u00fcckt wurden, stand auch der Aspekt im Vordergrund, unaufgeregt, charmant aber durchaus kritisch eine Pr\u00e4senz zu schaffen, die Ereignisse aus erster Hand darstellt und beleuchtet &#8211; ohne durch einen von einem kommerziellen Sponsor mehr oder weniger vorgegebenen Rahmen f\u00fcr fu\u00dfballfremdes zweckentfremdet zu werden.<\/p>\n<p style=\"text-align: justify;\">Au\u00dfer der Gewissheit, dies zu k\u00f6nnen wussten wir zu Beginn nicht, wie die Waldtrib\u00fcne angenommen wird, ob Leute kommen und wie die Resonanz in der \u00d6ffentlichkeit sein wird. Das Konzept bestand darin, einerseits Prominente aus dem Eintrachtleben mit Fragen zu l\u00f6chern, andererseits aber auch den Fans Stimme und Gesicht zu geben; jenen Fans, die in der \u00e4u\u00dferen Wahrnehmung meist als Randalebr\u00fcder oder &#8211; schwestern wahrgenommen werden &#8211; weil kaum jemand sich die M\u00fche macht, dieses Bild zu korrigieren.<\/p>\n<p style=\"text-align: justify;\">Immerhin, zur allerersten Waldtrib\u00fcne hatten wir nicht nur den Vorstandsvorsitzenden der Eintracht, Heribert Bruchhagen zu Gast, sondern auch mit Werner Fleckna einen Vertreter des gro\u00dfen Fanclubs EFC Adlerhorst Stadtallendorf. Dazu gesellte sich ein Paderborner Fanurgestein. Im Laufe der Zeit etablierten sich zwei feste Programmpunkte. Zum einen berichtet die Sammlerlegende Doc Hermann aus der Historie der aktuellen Begegnung und zum anderen verk\u00fcndet Kurt E. Schmidt die aktuelle Mannschaftsaufstellung &#8211; der besondere Gru\u00df gilt dabei jeweils den Eintrachtlerinnen.<\/p>\n<p style=\"text-align: justify;\">Im Laufe der Saison entwickelte sich die Waldtrib\u00fcne in einer Art und Weise, die uns stets ein Lachen ins Gesicht zauberte &#8211; und wir konnten gro\u00dfartige Menschen und Geschichten pr\u00e4sentieren. Und das Feedback der G\u00e4ste, insbesondere der Gastvereine war durchweg positiv, wir fanden uns in so mancher Stadionzeitung wieder und auch im Magazin der Eintracht wurde regelm\u00e4\u00dfig \u00fcber uns berichtet. Jula Reichard griff f\u00fcr die Fanbetreuung zur Feder und hielt die einzelnen Veranstaltungen f\u00fcr die Ewigkeit fest.<\/p>\n<p style=\"text-align: justify;\">Wen hatten wir nicht alles auf der Waldtrib\u00fcne zu Gast; Peter Fischer und Pirmin Schwegler, Alex Schur und Charly K\u00f6rbel, Dr. Peter Kunter und Egon Loy, die Meister von 1959 oder Uwe Bindwald seien stellvertretend f\u00fcr die Eintracht genannt, Henni Nachtsheim und Gerre f\u00fcr die musikalische Abteilung &#8211; aber auch die FuFa, die Fanbetreuung, die Fan geht vor oder der neue Nordwestkurvenrat stellten sich vor. Nat\u00fcrlich boten wir auch unseren G\u00e4sten eine Platform, den Nachwuchskids aus Braunschweig, der FuMA von Union Berlin, Heftemacher aus Karlsruhe ebenso wie treuen <a href=\"http:\/\/brc08.de\/joomla\/index.php?option=com_content&amp;view=article&amp;id=182:110412-sg-eintracht-frankfurt-vs-fc-ingolstadt-30-sp-11-00&amp;catid=43:saison-1112&amp;Itemid=63\" target=\"_blank\">Ingolst\u00e4dter-Fans <\/a>oder dem Fanbeauftragten des FSV, J\u00fcrgen Eimer, der sogar klammheimlich die Europapokalspiele der Eintracht besucht hatte. <a href=\"http:\/\/www.echo-online.de\/region\/gross-gerau\/nauheim\/-Ich-bin-ein-Verrueckter;art1257,2634254\" target=\"_blank\">Karl Heinz Pilz<\/a> erlebte bei uns seine 1000ste Sportveranstaltung, der Dresdner Fanbeauftragte berichtete zu einer Zeit, als die Fans von Dynamo hochoffiziell vom Spiel ausgesperrt waren und als emotionaler H\u00f6hepunkt zeigte sich der ehemalige Eintrachtler und jetzige Cottbusser Spieler Martin Fenin nach einer mehrmonatigen Auszeit erstmals bei uns auf der Waldtrib\u00fcne der \u00d6ffentlichkeit. Manchmal gingen auch Dinge schief, dies betrifft vor allem zeitlich bedingte Unw\u00e4gbarkeiten &#8211; vor allem die G\u00e4stefans, die mit dem Bus anreisen, kommen manchmal kurz vor knapp &#8211; und wie der Cottbusser Gurke ein paar Minuten zu sp\u00e4t. Der Busfahrer hatte zun\u00e4chst das Stadion des FSV angesteuert.<\/p>\n<p style=\"text-align: justify;\">Kein einziges Heimspiel ging in all der Zeit verloren und nun steht fest &#8211; die Eintracht spielt in der kommenden Saison wieder erstklassig, das 3:0 in Aachen sicherte zwei Spieltage vor Ende den von allen ersehnten Aufstieg. Und dieser Aufstieg muss nat\u00fcrlich gefeiert werden. Und somit fiel uns die Aufgabe zu, die Feier zum Aufstieg im Stadion zu gestalten &#8211; eine gro\u00dfe Ehre aber auch eine Belohnung f\u00fcr die Arbeit, die zu Beginn auch von offizieller Seite teils argw\u00f6hnisch beobachtet wurde. Und so wird sich zum Spiel gegen 1860 erstmals der Ort des Geschehens ein paar Meter nach hinten verlagern und auch die B\u00fchne wird um einiges gr\u00f6\u00dfer sein als sonst, immerhin muss sich darauf eine ganze Fu\u00dfballmannschaft zeigen &#8211; die Aufsteiger 2012.<\/p>\n<p style=\"text-align: justify;\">Nat\u00fcrlich bin ich zusammen mit Frauke das Gesicht der Waldtrib\u00fcne, dies liegt schlicht daran, dass wir beide moderieren und deshalb pr\u00e4sent sind. Aber das Projekt lebt in erster Linie davon, dass im Vorfeld und auch w\u00e4hrend des Ablaufs etliche Arbeitsschritte im Hintergrund laufen. Dies beginnt mit organisatorischen Rahmenbedingungen, die vor allem von Matze Thoma erarbeitet werden, geht weiter \u00fcber die Kontaktaufnahme mit unseren G\u00e4sten, wo uns die Fanbetreuung unterst\u00fctzt &#8211; ebenso wie bei den Berichten im Stadionheft. Mit angeschoben hat das Ganze auch das Frankfurter Fanprojekt, zu dem auch Basti z\u00e4hlt, der ebenfalls moderiert hat &#8211; in den letzten Wochen aber auf Grund eines Unfalls des Fanprojekt-Leiters Steff viele andere Aufgaben zu erledigen hatte. Jasmin, die gleichfalls vor der Winterpause pr\u00e4sent war, musste sich in der R\u00fcckrunde ihrem Studium widmen &#8211; und so f\u00fchrten in letzter Zeit Frauke und ich durch das Programm, w\u00e4hrend Pia darauf achtet, dass alle G\u00e4ste vor Ort sind und uns die Zeitangaben vermittelt. Dies ist nicht immer ganz einfach, vor allem, wenn sie wei\u00df, das mancher unserer G\u00e4ste einen minuti\u00f6sen Terminkalender hat und wir oben fr\u00f6hlich die Zeit verplaudern. Ich glaube, dass sie sogar Charly K\u00f6rbel festgebunden hat, damit er uns nicht davon l\u00e4uft.<\/p>\n<p style=\"text-align: justify;\">Gleichfalls zum Gelingen tragen die B\u00fchnenbauer und Techniker bei, die uns jeden Wunsch freundlich erf\u00fcllt haben und auch die Veranstaltung vor Ort betreuen, so dass wir uns keine Sorgen machen m\u00fcssen. Und dazu kommen noch die Helfer, die einspringen, wenn auf die Schnelle noch etwas zu erledigen ist; \u00d6ri ist immer da, auch Stefan Ung\u00e4nz passt auf, dass niemand vergessen wird und wir entspannt das Programm pr\u00e4sentieren k\u00f6nnen.<\/p>\n<p style=\"text-align: justify;\">Jetzt also 1860.<\/p>\n<p style=\"text-align: justify;\">Vor dem Spiel pr\u00e4sentieren wir euch neben dem Doc und Kurt den Mittelfeldstrategen des Fu\u00dfballs 2000 &#8211; der Mann des t\u00f6dlichen Passes: Uwe Bein. Dazu begr\u00fc\u00dfen wir mit Dr. Thomas Pr\u00f6ckl den Finanzvorstand der Eintracht, der sich nach 12 Jahren nach Ende der Saison anderen Aufgaben widmen wird. Und zudem hei\u00dft es: Ja, mir san mim Radl da. Die fahrradfahrenden Fans Werner K\u00fcmmel aus Frankfurt und Wolfgang Feckl aus M\u00fcnchen besuchen uns und erz\u00e4hlen, was es hei\u00dft, Ausw\u00e4rtsspiele mit dem Fahrrad zu besuchen.<\/p>\n<p style=\"text-align: justify;\">Nach dem Spiel starten wir mit Musik und werden auf der B\u00fchne ganz sicher spannende G\u00e4ste pr\u00e4sentieren, bis wir uns auf den vorl\u00e4ufigen H\u00f6hepunkt freuen k\u00f6nnen: Die Mannschaft der Frankfurter Eintracht wird bei uns geb\u00fchrend gefeiert werden &#8211; von euch, den Fans der Eintracht, die noch vor einem Jahr mit h\u00e4ngenden K\u00f6pfen aus dem Stadion geschlichen sind. Und dann hei\u00dft es wieder einmal: Nie mehr, zweite Liga! Er\u00f6ffnet aber wird die Waldtrib\u00fcne stets mit dem legend\u00e4ren Song A Banda von Herb Alpert; hier jetzt exclusiv nur f\u00fcr euch. Wir seh&#8217;n uns.<\/p>\n<p><iframe src=\"http:\/\/www.youtube.com\/embed\/FCRTMEPw-5U\" frameborder=\"0\" width=\"350\" height=\"267\"><\/iframe><\/p>\n","protected":false},"excerpt":{"rendered":"<p>Als zu Beginn der vergehenden Saison die Waldtrib\u00fcne das Licht der Welt erblickte, war dies keineswegs eine Selbstverst\u00e4ndlichkeit. Zwischen Sinn und Zweck, Sicherheitsbedenken und Finanzierungsoptionen mussten allerlei Diskussionen gef\u00fchrt werden, um letztlich das Ok zu bekommen &#8211; zun\u00e4chst bis zur Winterpause.<\/p>\n","protected":false},"author":2,"featured_media":5425,"comment_status":"open","ping_status":"open","sticky":false,"template":"","format":"standard","meta":{"ngg_post_thumbnail":0,"footnotes":""},"categories":[9],"tags":[1107,1106,847],"class_list":["post-5424","post","type-post","status-publish","format-standard","has-post-thumbnail","hentry","category-eintracht-frankfurt","tag-1860-munchen","tag-aufstieg-2012","tag-waldtribune","post-preview"],"_links":{"self":[{"href":"https:\/\/www.beveswelt.de\/index.php?rest_route=\/wp\/v2\/posts\/5424","targetHints":{"allow":["GET"]}}],"collection":[{"href":"https:\/\/www.beveswelt.de\/index.php?rest_route=\/wp\/v2\/posts"}],"about":[{"href":"https:\/\/www.beveswelt.de\/index.php?rest_route=\/wp\/v2\/types\/post"}],"author":[{"embeddable":true,"href":"https:\/\/www.beveswelt.de\/index.php?rest_route=\/wp\/v2\/users\/2"}],"replies":[{"embeddable":true,"href":"https:\/\/www.beveswelt.de\/index.php?rest_route=%2Fwp%2Fv2%2Fcomments&post=5424"}],"version-history":[{"count":10,"href":"https:\/\/www.beveswelt.de\/index.php?rest_route=\/wp\/v2\/posts\/5424\/revisions"}],"predecessor-version":[{"id":5435,"href":"https:\/\/www.beveswelt.de\/index.php?rest_route=\/wp\/v2\/posts\/5424\/revisions\/5435"}],"wp:featuredmedia":[{"embeddable":true,"href":"https:\/\/www.beveswelt.de\/index.php?rest_route=\/wp\/v2\/media\/5425"}],"wp:attachment":[{"href":"https:\/\/www.beveswelt.de\/index.php?rest_route=%2Fwp%2Fv2%2Fmedia&parent=5424"}],"wp:term":[{"taxonomy":"category","embeddable":true,"href":"https:\/\/www.beveswelt.de\/index.php?rest_route=%2Fwp%2Fv2%2Fcategories&post=5424"},{"taxonomy":"post_tag","embeddable":true,"href":"https:\/\/www.beveswelt.de\/index.php?rest_route=%2Fwp%2Fv2%2Ftags&post=5424"}],"curies":[{"name":"wp","href":"https:\/\/api.w.org\/{rel}","templated":true}]}}