{"id":5307,"date":"2012-04-17T09:44:17","date_gmt":"2012-04-17T07:44:17","guid":{"rendered":"http:\/\/www.beveswelt.de\/?p=5307"},"modified":"2012-04-17T09:44:17","modified_gmt":"2012-04-17T07:44:17","slug":"tradition-zum-anfassen-stunde-null-gaste-rolf-heller-gaetano-patella","status":"publish","type":"post","link":"https:\/\/www.beveswelt.de\/?p=5307","title":{"rendered":"Tradition zum Anfassen: Stunde Null. G\u00e4ste: Rolf Heller, Gaetano Patella"},"content":{"rendered":"<p style=\"text-align: justify;\">Wir feiern ein Jubil\u00e4um! Am 19. April 2012 pr\u00e4sentieren die Fan- und F\u00f6rderabteilung und das Eintracht Frankfurt Museum bereits den 20. Teil der Veranstaltungsreihe \u201eTradition zum Anfassen\u201c.\u00a0 Zur Jubil\u00e4umsveranstaltung d\u00fcrfen wir zwei G\u00e4ste begr\u00fc\u00dfen, die in einer der schlimmsten Phasen unserer Vereinsgeschichte \u2013 in der \u201eStunde Null\u201c nach dem ersten Abstieg 1996 \u2013 die Verantwortung f\u00fcr die Geschicke der Eintracht \u00fcbernahmen. <!--more-->Als Rolf Heller am 11. November 1996 zum Pr\u00e4sidenten von Eintracht Frankfurt gek\u00fcrt wurde, war die Reaktion in der Presse zur\u00fcckhaltend. Der langj\u00e4hrige Abteilungsleiter der Fu\u00dfballabteilung und Jugendwart galt nicht als der Wunschkandidat, hatten sich doch auch namhafte Politiker in das Gespr\u00e4ch gebracht. Die Verbundenheit zu seinem Verein machten Heller jedoch ganz schnell zu einem Sympathietr\u00e4ger und zu einem verl\u00e4sslichen Pr\u00e4sidenten. Heller bem\u00fchte sich erfolgreich, das nach dem ersten Abstieg der Vereinsgeschichte ramponierte Image der Eintracht aufzuarbeiten. Sein Entschluss, sich von seinem Beruf als Manager einer Krankenkasse beurlauben zu lassen, um seiner Eintracht zu helfen, n\u00f6tigte selbst Kritikern Respekt ab. Seine N\u00e4he zu den Fans half, die Eintracht wieder auf einen guten Weg zu bringen. Als Rolf Heller am 31. Januar 2000 vom Amt des Pr\u00e4sidenten zur\u00fccktrat, wurde er von den Mitgliedern mit tosendem Applaus verabschiedet.<\/p>\n<p>Knapp einen Monat nach dem Amtsantritt von Rolf Heller wurde Gaetano Patella im Dezember 1996 zum Schatzmeister der Eintracht berufen. Patella arbeitete in den folgenden Jahren an der wirtschaftlichen Genesung des Vereins. Unvergessen sind die Freudentr\u00e4nen des Italieners, die er nach dem Wiederaufstieg 1998 auf der Ehrentrib\u00fcne des Waldstadions vergoss. Auch Gaetano Patella galt als ein Freund der Fans, nach seinem R\u00fccktritt im September 1999 widmete ihm die Gegentrib\u00fcne eine der bis dato gr\u00f6\u00dften Choreographien der Frankfurter Fangeschichte.<\/p>\n<p>Mit Rolf Heller und Gaetano Patella wird Moderator Axel \u201eBeve\u201c Hoffmann \u00fcber Zeiten sprechen, als Kinder ihre Sparschweine schlachteten, um die Eintracht zu retten und als Fanclubs das Pr\u00e4sidium der Eintracht per Bus vom Ausw\u00e4rtsspiel mit nach Hause nahmen.<\/p>\n<p><strong>Start: Donnerstag, 19. April 2012, 19.30 Uhr, Eintracht Frankfurt Museum. <\/strong><\/p>\n<p style=\"text-align: justify;\"><strong>EINTRITT: 5 Euro, erm. 3,50 Euro.<\/strong><strong><\/strong><\/p>\n<p style=\"text-align: justify;\"><strong><strong>F\u00fcr Mitglieder der Fan- und F\u00f6rderabteilung und des F\u00f6rdervereins Eintracht Frankfurt Museum ist der EINTRITT FREI!<\/strong><\/strong><\/p>\n<p style=\"text-align: justify;\">\n<p style=\"text-align: justify;\">Das Artikelbild stammt von Steffen Ewald<\/p>\n","protected":false},"excerpt":{"rendered":"<p>Wir feiern ein Jubil\u00e4um! Am 19. April 2012 pr\u00e4sentieren die Fan- und F\u00f6rderabteilung und das Eintracht Frankfurt Museum bereits den 20. Teil der Veranstaltungsreihe \u201eTradition zum Anfassen\u201c.\u00a0 Zur Jubil\u00e4umsveranstaltung d\u00fcrfen wir zwei G\u00e4ste begr\u00fc\u00dfen, die in einer der schlimmsten Phasen unserer Vereinsgeschichte \u2013 in der \u201eStunde Null\u201c nach dem ersten Abstieg 1996 \u2013 die Verantwortung [&hellip;]<\/p>\n","protected":false},"author":2,"featured_media":5308,"comment_status":"open","ping_status":"open","sticky":false,"template":"","format":"standard","meta":{"ngg_post_thumbnail":0,"footnotes":""},"categories":[9],"tags":[109,177,1093,454,653],"class_list":["post-5307","post","type-post","status-publish","format-standard","has-post-thumbnail","hentry","category-eintracht-frankfurt","tag-eintracht-frankfurt-museum","tag-fufa","tag-gaetano-patella","tag-rolf-heller","tag-tza","post-preview"],"_links":{"self":[{"href":"https:\/\/www.beveswelt.de\/index.php?rest_route=\/wp\/v2\/posts\/5307","targetHints":{"allow":["GET"]}}],"collection":[{"href":"https:\/\/www.beveswelt.de\/index.php?rest_route=\/wp\/v2\/posts"}],"about":[{"href":"https:\/\/www.beveswelt.de\/index.php?rest_route=\/wp\/v2\/types\/post"}],"author":[{"embeddable":true,"href":"https:\/\/www.beveswelt.de\/index.php?rest_route=\/wp\/v2\/users\/2"}],"replies":[{"embeddable":true,"href":"https:\/\/www.beveswelt.de\/index.php?rest_route=%2Fwp%2Fv2%2Fcomments&post=5307"}],"version-history":[{"count":4,"href":"https:\/\/www.beveswelt.de\/index.php?rest_route=\/wp\/v2\/posts\/5307\/revisions"}],"predecessor-version":[{"id":5312,"href":"https:\/\/www.beveswelt.de\/index.php?rest_route=\/wp\/v2\/posts\/5307\/revisions\/5312"}],"wp:featuredmedia":[{"embeddable":true,"href":"https:\/\/www.beveswelt.de\/index.php?rest_route=\/wp\/v2\/media\/5308"}],"wp:attachment":[{"href":"https:\/\/www.beveswelt.de\/index.php?rest_route=%2Fwp%2Fv2%2Fmedia&parent=5307"}],"wp:term":[{"taxonomy":"category","embeddable":true,"href":"https:\/\/www.beveswelt.de\/index.php?rest_route=%2Fwp%2Fv2%2Fcategories&post=5307"},{"taxonomy":"post_tag","embeddable":true,"href":"https:\/\/www.beveswelt.de\/index.php?rest_route=%2Fwp%2Fv2%2Ftags&post=5307"}],"curies":[{"name":"wp","href":"https:\/\/api.w.org\/{rel}","templated":true}]}}