{"id":5202,"date":"2012-03-23T13:40:35","date_gmt":"2012-03-23T12:40:35","guid":{"rendered":"http:\/\/www.beveswelt.de\/?p=5202"},"modified":"2012-03-23T13:44:09","modified_gmt":"2012-03-23T12:44:09","slug":"eisern-union-damals-2002","status":"publish","type":"post","link":"https:\/\/www.beveswelt.de\/?p=5202","title":{"rendered":"Eisern Union &#8211; damals 2002"},"content":{"rendered":"<p style=\"text-align: justify;\">Nachdem der gereizte Thomas im Forum\u00a0 der Frankfurt Eintracht einen wundervollen <a href=\"http:\/\/www.eintracht.de\/meine_eintracht\/forum\/1\/11189058\/\" target=\"_blank\">Beitrag <\/a>zu einer der Sternstunden der Fan- und Forumskultur verfasst hat, machte sich der kreuzbuerger&#8217;sche Andi auf die Suche nach Jahre lang verschollen geglaubten Filmmaterial. <!--more-->Das urspr\u00fcngliche Video f\u00fcr eintrachtfans.de ist ebenso wie das damalige Fanzine in eine unsichtbare Datenwolke \u00fcber gegangen. Das Rohmaterial aber hat die lange Zeit unbeschadet auf einem falsch beschriftetem Tape \u00fcberstanden. Somit gibts jetzt einen brand neuen Edit zu pr\u00e4sentieren, allerdings immer noch ohne 3D.<\/p>\n<p style=\"text-align: justify;\">Live und in Farbe und nur hier: <a href=\"http:\/\/vimeo.com\/39042353\" target=\"_blank\">Adi Adelmann, Eintrachtfan-Urgestein verliest die Aufstellung bei Union Berlin<\/a>. Viel Vergn\u00fcgen.<\/p>\n<p style=\"text-align: justify;\">\n","protected":false},"excerpt":{"rendered":"<p>Nachdem der gereizte Thomas im Forum\u00a0 der Frankfurt Eintracht einen wundervollen Beitrag zu einer der Sternstunden der Fan- und Forumskultur verfasst hat, machte sich der kreuzbuerger&#8217;sche Andi auf die Suche nach Jahre lang verschollen geglaubten Filmmaterial.<\/p>\n","protected":false},"author":2,"featured_media":5206,"comment_status":"open","ping_status":"open","sticky":false,"template":"","format":"standard","meta":{"ngg_post_thumbnail":0,"footnotes":""},"categories":[9],"tags":[1074,1823,1073,1072],"class_list":["post-5202","post","type-post","status-publish","format-standard","has-post-thumbnail","hentry","category-eintracht-frankfurt","tag-adi-adelmann","tag-eintracht-frankfurt","tag-fankultur","tag-union-berlin","post-preview"],"_links":{"self":[{"href":"https:\/\/www.beveswelt.de\/index.php?rest_route=\/wp\/v2\/posts\/5202","targetHints":{"allow":["GET"]}}],"collection":[{"href":"https:\/\/www.beveswelt.de\/index.php?rest_route=\/wp\/v2\/posts"}],"about":[{"href":"https:\/\/www.beveswelt.de\/index.php?rest_route=\/wp\/v2\/types\/post"}],"author":[{"embeddable":true,"href":"https:\/\/www.beveswelt.de\/index.php?rest_route=\/wp\/v2\/users\/2"}],"replies":[{"embeddable":true,"href":"https:\/\/www.beveswelt.de\/index.php?rest_route=%2Fwp%2Fv2%2Fcomments&post=5202"}],"version-history":[{"count":6,"href":"https:\/\/www.beveswelt.de\/index.php?rest_route=\/wp\/v2\/posts\/5202\/revisions"}],"predecessor-version":[{"id":5209,"href":"https:\/\/www.beveswelt.de\/index.php?rest_route=\/wp\/v2\/posts\/5202\/revisions\/5209"}],"wp:featuredmedia":[{"embeddable":true,"href":"https:\/\/www.beveswelt.de\/index.php?rest_route=\/wp\/v2\/media\/5206"}],"wp:attachment":[{"href":"https:\/\/www.beveswelt.de\/index.php?rest_route=%2Fwp%2Fv2%2Fmedia&parent=5202"}],"wp:term":[{"taxonomy":"category","embeddable":true,"href":"https:\/\/www.beveswelt.de\/index.php?rest_route=%2Fwp%2Fv2%2Fcategories&post=5202"},{"taxonomy":"post_tag","embeddable":true,"href":"https:\/\/www.beveswelt.de\/index.php?rest_route=%2Fwp%2Fv2%2Ftags&post=5202"}],"curies":[{"name":"wp","href":"https:\/\/api.w.org\/{rel}","templated":true}]}}