{"id":5166,"date":"2012-03-05T12:55:26","date_gmt":"2012-03-05T11:55:26","guid":{"rendered":"http:\/\/www.beveswelt.de\/?p=5166"},"modified":"2012-03-05T19:23:05","modified_gmt":"2012-03-05T18:23:05","slug":"der-erste-sieg","status":"publish","type":"post","link":"https:\/\/www.beveswelt.de\/?p=5166","title":{"rendered":"Der erste Sieg"},"content":{"rendered":"<p style=\"text-align: justify;\">Es war ein m\u00fchevoller Sieg der Frankfurter Eintracht \u00fcber Energie Cottbus, der trotz des Platzverweises von Adlung in der 79. Minute in den Schlussminuten durchaus gef\u00e4hrdet war.<!--more--> Da h\u00e4tte Jimmy Hoffer nat\u00fcrlich f\u00fcr Entspannung sorgen k\u00f6nnen, als er kurz vor der Mittellinie in Ballbesitz kam und der Cottbus Torh\u00fcter Kirschbaum noch in Frankfurts H\u00e4lfte verweilte. Doch statt eines strammen Schusses auf das verwaiste Tor oder einem pr\u00e4zisen Pass in den freien Raum verhedderte sich Hoffer und es blieb beim 1:0 &#8211; immerhin bis zum Schluss.<\/p>\n<p style=\"text-align: justify;\">Drei Punkte, Gut so k\u00f6nnte man meinen. Und doch es gab es noch mehr als diese drei Punkte, etwas, dass wohl ewiglich in Erinnerung bleiben wird &#8211; zumindest f\u00fcr einen. Oder f\u00fcr sogar f\u00fcr zwei, die an jenem 04. M\u00e4rz 2012 im Stadion waren.<\/p>\n<p style=\"text-align: justify;\">Einer der beiden d\u00fcrfte sicherlich Martin Fenin sein, der nach einer l\u00e4ngeren <a href=\"http:\/\/www.faz.net\/aktuell\/sport\/fussball\/bundesliga\/depressionsschuebe-martin-fenin-in-behandlung-11497279.html\" target=\"_blank\">Zwangspause <\/a>vor ein paar Tagen wieder ins Training von Energie Cottbus eingestiegen ist &#8211; und sich sogar kurzzeitig Hoffnung machte, wieder im Kader zu stehen. Im Aufgebot f\u00fcr die Partie in Frankfurt stand er dann doch nicht, zu heftig die Beweggr\u00fcnde f\u00fcr seine Auszeit, zu kurz die Trainingszeit, aber er war dennoch dabei. W\u00e4hrend des Spiels sa\u00df er auf der Bank der Cottbusser, zuvor hielt er eine kurze Ansprache \u00fcber das Stadionmikro und noch davor hatten wir das gro\u00dfe Gl\u00fcck, Martin Fenin auf unserer Waldtrib\u00fcne begr\u00fc\u00dfen zu d\u00fcrfen, die er unter gro\u00dfem Applaus betrat. Froh war er, wieder zuhause zu sein, hier im Waldstadion, wie er sagte und man sp\u00fcrte, dass er noch heute nicht so ganz begreifen kann, dass er nicht mehr das Trikot mit dem Adler tragen darf &#8211; obgleich die letzte Zeit in Frankfurt unter keinem allzuguten Stern stand; Verletzungen warfen ihn zur\u00fcck und Trainer Skibbe baute auf andere; Fenin musste gegen seinen Willen die Zelte in Frankfurt abbrechen und fand in Cottbus einen neuen Verein, der nur zwei Autostunden von seiner eigentlichen Heimat, dem tschechischen Teplice, entfernt liegt. Die Ironie der Geschichte wollte, dass er gleich in seinem ersten Spiel f\u00fcr Energie auf die Eintracht traf, immerhin in Cottbus, w\u00e4re diese Partie in Frankfurt gewesen, so h\u00e4tte es Fenin mehr als einen Stich versetzt, vor den eigenen Anh\u00e4ngern im falschen Trikot zu spielen. Damals errang die Eintracht in letzter Sekunde ein gl\u00fcckliches 3:3.<\/p>\n<p style=\"text-align: justify;\">H\u00f6hepunkte in Fenins Frankfurter Zeit gab es einige, nat\u00fcrlich der fulminante Auftakt in seinem allerersten Spiel, gekr\u00f6nt durch drei Tore beim 3:0 bei der Hertha und nat\u00fcrlich der sensationelle Siegtreffer in letzter Sekunde gegen die Bayern im M\u00e4rz 2010, als die Eintracht binnen zwei Minuten ein schon fast verloren geglaubtes Spiel in einen Sieg wandeln konnte. Martin selbst jedoch beschreibt als eigenen H\u00f6hepunkt das erste Heimspiel im Stadion. Ein paar Tage nach dem 3:0 in Berlin traf die Eintracht auf Arminia Bielefeld und siegte vor \u00fcber 43.000 Zuschauern mit 2:1 &#8211; und Fenin erzielte das zwischenzeitliche 2:0, der vierte Treffer im zweiten Spiel f\u00fcr Eintracht Frankfurt.<\/p>\n<p style=\"text-align: justify;\">Obgleich der 16malige tschechische Nationalspieler sich noch leise Hoffnung macht, in den EM-Kader Tschechiens berufen zu werden, so steht f\u00fcr ihn fest, dass er auch im Falle der Nichtnominierung auf eigene Faust nach Polen und in die Ukraine reisen wird, um die EM zu erleben. Wer wei\u00df, vielleicht f\u00fchrt in sein Weg eines Tages auch wieder zur\u00fcck nach Frankfurt, viele Eintrachtfans aber auch Martin selbst w\u00fcrde es freuen.<\/p>\n<p style=\"text-align: justify;\">Bei all der Begeisterung um unsere ehemalige Nummer 17 gingen die gro\u00dfartigen Auftritte von Doc Hermann, der wohlfeil aus der Historie des Gegners plauderte und von \u00d6ri, der als Leiter der <a href=\"http:\/\/www.kos-fanprojekte.de\/\" target=\"_blank\">KOS <\/a>interessantes zur aktuellen Fandebatte beisteuern konnte, ein wenig unter. Nicht nur, dass \u00d6ri im Bundestag vor hochrangigen Vertretern der Politik die Situation aus Sicht der Basis schildern konnte; er mahnte auch die Vereine an, sich intensiver in den Prozess der Bestrafung nach diversen Fanverfehlungen einzumischen. Als positive Beispiele nannte \u00d6ri die Vertreter von Dynamo Dresden und Union Berlin. Nicht hinnehmbar seien Kollektivstrafen obgleich wie im Falle der Kassenrolle einzelne dingfest gemacht wurden, nicht hinnehmbar seien jedoch auch B\u00f6ller und Leuchtspur, die ein erhebliches Gefahrenpotential in sich tragen. W\u00fcnschenswert w\u00e4re zudem, gerade in Frankfurt, ein intensiverer Dialog aller relevanter Fangruppierungen, um gemeinsam gegen die repressive Schiene seitens des Verbandes vorzugehen.<\/p>\n<p style=\"text-align: justify;\">Soweit die Waldtrib\u00fcne, vor der sich ganz kurz vor Ende noch zwei weitere Besucher einfanden, n\u00e4mlich Papa Beve und mein kleiner Neffe Timm; ihr habt ja vielleicht schon mitbekommen, dass Timm gro\u00dfer Eintrachtfan ist und nun schon einige Spiele der Eintracht gesehen hat. Dies waren neben Freundschaftkicks in der Umgebung ein 0:4 gegen Hoffenheim, ein 0:3 gegen Hannover und ein 1:2 bei 1860 M\u00fcnchen &#8211; eine Bilanz, die nat\u00fcrlich aufs Gem\u00fct schl\u00e4gt. Der kleine Kerl hat sich bestimmt schon gedacht, hoffentlich liegts nicht an mir. Na und dann holpert die Eintracht los, als gelte es, jene Serie zu verl\u00e4ngern, eine Halbzeit zum vergessen. Timm, mit Eintracht-Kappe, Eintracht-Schal, Oka-Trikot gab alles. Im Herzen von Europa, schwarz-wei\u00df wie Schnee, textsicher wie ein Gro\u00dfer sang er die Hymnen mit und fieberte dem Spiel entgegen und beobachtete alles ganz genau.<\/p>\n<p style=\"text-align: justify;\">Und dann kam sie, die 69. Minute; Rode behauptete im Strafraum den Ball, flankte nach innen und Hoffer pfefferte die Kugel ins Netz, da h\u00e4ttet ihr Timm mal sehen sollen, Lachen, Freude, High Five &#8211; eine Last fiel von seinem Herzen und nachdem wir die letzten Minuten zwischen Hoffen und Bangen verbrachten, da war er endlich unter Dach und Fach, der erste Pflichtspielsieg von Timm. Auf dem Weg ins Fanhaus haben wir den Treffer noch etliche Male nachgespielt, d.h. Timm zeigte mir genau, wie es Rode und Hoffer gemacht haben und wie machtlos der Tormann war. Und er wei\u00df jetzt ganz genau: Wenn die Eintracht verliert, dann liegt es gewiss nicht an ihm.<\/p>\n<p style=\"text-align: justify;\">ngg_shortcode_0_placeholder<\/p>\n<p style=\"text-align: justify;\">Fotos: Pia Geiger<\/p>\n","protected":false},"excerpt":{"rendered":"<p>Es war ein m\u00fchevoller Sieg der Frankfurter Eintracht \u00fcber Energie Cottbus, der trotz des Platzverweises von Adlung in der 79. Minute in den Schlussminuten durchaus gef\u00e4hrdet war.<\/p>\n","protected":false},"author":2,"featured_media":5167,"comment_status":"open","ping_status":"open","sticky":false,"template":"","format":"standard","meta":{"ngg_post_thumbnail":0,"footnotes":""},"categories":[9],"tags":[113,334,553,847],"class_list":["post-5166","post","type-post","status-publish","format-standard","has-post-thumbnail","hentry","category-eintracht-frankfurt","tag-energie-cottbus","tag-martin-fenin","tag-timm","tag-waldtribune","post-preview"],"_links":{"self":[{"href":"https:\/\/www.beveswelt.de\/index.php?rest_route=\/wp\/v2\/posts\/5166","targetHints":{"allow":["GET"]}}],"collection":[{"href":"https:\/\/www.beveswelt.de\/index.php?rest_route=\/wp\/v2\/posts"}],"about":[{"href":"https:\/\/www.beveswelt.de\/index.php?rest_route=\/wp\/v2\/types\/post"}],"author":[{"embeddable":true,"href":"https:\/\/www.beveswelt.de\/index.php?rest_route=\/wp\/v2\/users\/2"}],"replies":[{"embeddable":true,"href":"https:\/\/www.beveswelt.de\/index.php?rest_route=%2Fwp%2Fv2%2Fcomments&post=5166"}],"version-history":[{"count":9,"href":"https:\/\/www.beveswelt.de\/index.php?rest_route=\/wp\/v2\/posts\/5166\/revisions"}],"predecessor-version":[{"id":5176,"href":"https:\/\/www.beveswelt.de\/index.php?rest_route=\/wp\/v2\/posts\/5166\/revisions\/5176"}],"wp:featuredmedia":[{"embeddable":true,"href":"https:\/\/www.beveswelt.de\/index.php?rest_route=\/wp\/v2\/media\/5167"}],"wp:attachment":[{"href":"https:\/\/www.beveswelt.de\/index.php?rest_route=%2Fwp%2Fv2%2Fmedia&parent=5166"}],"wp:term":[{"taxonomy":"category","embeddable":true,"href":"https:\/\/www.beveswelt.de\/index.php?rest_route=%2Fwp%2Fv2%2Fcategories&post=5166"},{"taxonomy":"post_tag","embeddable":true,"href":"https:\/\/www.beveswelt.de\/index.php?rest_route=%2Fwp%2Fv2%2Ftags&post=5166"}],"curies":[{"name":"wp","href":"https:\/\/api.w.org\/{rel}","templated":true}]}}