{"id":5048,"date":"2012-02-22T13:07:33","date_gmt":"2012-02-22T12:07:33","guid":{"rendered":"http:\/\/www.beveswelt.de\/?p=5048"},"modified":"2012-02-22T15:32:13","modified_gmt":"2012-02-22T14:32:13","slug":"sebastian-deisler-mesut-ozil-und-die-eintracht","status":"publish","type":"post","link":"https:\/\/www.beveswelt.de\/?p=5048","title":{"rendered":"Sebastian Deisler, Mesut \u00d6zil und die Eintracht"},"content":{"rendered":"<p style=\"text-align: justify;\">Sebastian Deisler und Mesut \u00d6zil, das sind zwei begnadete Fu\u00dfballer, die ihre fu\u00dfballerische Laufbahn bei kleinen Vereinen begonnen haben und nach verschiedenen Engagements bei etablierten Vereinen letztlich zu den gr\u00f6\u00dften der Branche wechselten.<!--more--> W\u00e4hrend Deisler \u00fcber Borussia M\u00f6nchengladbach und Hertha BSC zuletzt f\u00fcr Bayern M\u00fcnchen spielte, kletterte \u00d6zil nach Gastspielen bei Schalke 04 und Werder Bremen nach ganz oben und schn\u00fcrt seit dem Sommer 2010 die Fu\u00dfballstiefel f\u00fcr Real Madrid, den vielleicht bekanntesten Fu\u00dfballclub der Welt. Dass beide Nationalspieler wurden, liegt auf der Hand; sowohl Deisler als auch \u00d6zil deb\u00fctierten im Alter von 20 Jahren f\u00fcr das DFB-Team. Acht Jahre Altersunterschied liegen zwischen den beiden, sie k\u00f6nnten noch immer gemeinsam international auftreten. Doch Sebastian Deisler hat seine vielversprechende Karriere 2007 im Alter von 27 Jahren beendet.<\/p>\n<p style=\"text-align: justify;\">Zur\u00fcckgeworfen durch etliche Verletzungen, gehemmt durch depressive Sch\u00fcbe, zog es der geb\u00fcrtige L\u00f6rracher vor, sich aus dem Rampenlicht und Haifischbecken Profifu\u00dfball zur\u00fcck zu ziehen und seine Erfahrungen in einem <a href=\"http:\/\/www.amazon.de\/Sebastian-Deisler-Zur%C3%BCck-Geschichte-Fu%C3%9Fballspielers\/dp\/3941378287\" target=\"_blank\">Buch <\/a>zu verarbeiten. <a href=\"http:\/\/www.zeit.de\/2009\/41\/DOS-Deisler\/seite-1\" target=\"_blank\">In einem Interview in der Zeit <\/a>anl\u00e4sslich der Buchpr\u00e4sentation sprach Deisler deutliche und drastische Worte &#8211; auch gegen\u00fcber Sponsoren und Journalisten, die dem jungen Deisler eine Maske \u00fcberstreifen wollten, die dem jungen Mann so gar nicht stand. <em>Heute frage ich mich, ob das System, das ich verlassen habe, vielleicht kranker ist, als ich es war<\/em> reflektierte er damals die Situation, als Journalisten ein Bild von ihm zeichnen wollten, das mit seiner Pers\u00f6nlichkeit nicht in Einklang zu bringen war. <em>Das ist ja ein Wahnsinn, dass die alles \u00fcber mich schreiben d\u00fcrfen! Diese Oberfl\u00e4chenschwimmer! Einige von denen haben keine Ahnung, kein Gewissen, aber die Macht, f\u00fcr Millionen Menschen ein Bild von mir zu zeichnen. Und wenn man dieses Spiel nicht mitspielt, wenn man ihren Anspr\u00fcchen nicht folgt, ist man derjenige, der als nicht normal gilt.<\/em><\/p>\n<p style=\"text-align: justify;\">Spektakul\u00e4r dennoch der Wechsel Deislers von Hertha BSC zum FC Bayern. Durch eine Indiskretion wird \u00fcber die BILD bekannt, dass Deisler <a href=\"http:\/\/www.handelsblatt.com\/archiv\/kein-zeitpunkt-fuer-comeback-deisler-schickt-bayern-scheck-zurueck\/2132606.html\">angeblich 20. Millionen Mark f\u00fcr einen Vorvertrag<\/a> erhalten haben soll. Noch am Tag der Ver\u00f6ffentlichung verletzt sich Deisler am 9. Spieltag im Spiel gegen den HSV, es ist der 09. Oktober 2001. Erst am 28. Spieltag wird Deisler f\u00fcr wenige Minuten eingewechselt. Eine Woche sp\u00e4ter spielt er 90 Minuten durch und am letzten Spieltag der Saison steht er noch einmal f\u00fcr 11 Minuten f\u00fcr die Berliner auf dem Platz. F\u00fcr Bayern spielt er erstmals am am 04.02. 2002 &#8211; er wird f\u00fcr wenige Minuten beim 8:0 gegen den 1 FC K\u00f6ln im DFB Pokal eingewechselt &#8211; ein halbes Jahr nach seiner Ankunft in M\u00fcnchen.<\/p>\n<p style=\"text-align: justify;\">Deisler ist oft verletzt, absolviert in 4,5 Jahren nur 62 Bundesliga-Spiele f\u00fcr die M\u00fcnchner. Im Sommer 2006 hei\u00dft sein neuer Trainer Felix Magath, im Januar 2007 beendet Deisler seine Karriere im Alter von 27 Jahren. F\u00fcr immer. <em>Mein Eindruck war, dass Magaths Philosophie damals auf Angst gr\u00fcndete, auf Macht. Er misstraute den Spielern. Er sch\u00fcrte Angst, damit sie sich den Arsch aufrissen<\/em> erkl\u00e4rte er Jahre sp\u00e4ter im Gespr\u00e4ch mit der Zeit. Es muss der letzte Zeitpunkt gewesen sein, aufzuh\u00f6ren. Schon im November 2003 machte Deisler seine Depression erstmals \u00f6ffentlich &#8211; und fragte sich, ob es nicht besser gewesen w\u00e4re, die Fu\u00dfballschuhe schon fr\u00fcher an den Nagel zu h\u00e4ngen. Sebastian Deisler ist nicht der einzige, der mit dem Fu\u00dfball und dem Drumherum nicht zurecht kam, aber er hat die Konsequenzen noch rechtzeitig gezogen. Robert Enke, ein weiterer Hoffnungstr\u00e4ger seiner Generation, ist daran zerbrochen. Enke, der wie Deisler in der Saison 98\/99 f\u00fcr Borussia M\u00f6nchengladbach in der Bundesliga deb\u00fctierte, nahm sich im November 2009 das Leben.<\/p>\n<p style=\"text-align: justify;\">Mesut \u00d6zil scheint besser als Deisler mit dem fr\u00fchen Ruhm und den Anforderungen an einen jungen Nationalspieler umgehen zu k\u00f6nnen. Mit der A-Jugend von Schalke wurde der geb\u00fcrtige Gelsenkirchener Deutscher Meister und absolvierte anschlie\u00dfend 30 Spiele f\u00fcr Schalke in der ersten Liga. Nach einigem Hin und Her bez\u00fcglich der Vertragsverl\u00e4ngerung wechselte \u00d6zil noch im Winter 07\/08 zu Werder Bremen. Bis zum Sommer 2010 schn\u00fcrte \u00d6zil in 71 Bundesligaspielen die Schuhe f\u00fcr Werder, und stand f\u00fcr die A-Nationalmannschaft des DFB erstmals im Februar 2009 auf dem Platz. Noch im gleichen Jahr wurde er mit der U-21 Europameister. \u00d6zil war fester Bestandteil der WM-Truppe Deutschlands, die in S\u00fcdafrika so erfolgreich auftrumpfte und erst von den \u00fcberragenden Spanier im Halbfinale gestoppt wurde. Nach der WM wechselte \u00d6zil f\u00fcr gesch\u00e4tzte 15 Millionen Euro zu Real Madrid &#8211; \u00fcber ein Handgeld wurde anders als im Falle Deisler nichts bekannt. Bis heute stehen 30 L\u00e4nderspiele auf dem Konto &#8211; und es d\u00fcrften sicherlich noch einige hinzu kommen.<\/p>\n<p style=\"text-align: justify;\">Die Problematiken, denen sich \u00d6zil ausgesetzt sah und sicherlich auch sehen wird, liegen darin begr\u00fcndet, dass \u00d6zil Sohn einer Einwandererfamilie ist. Sein Vater kam im Alter von zwei Jahren aus der T\u00fcrkei nach Deutschland, \u00d6zil selbst wurde in Gelsenkirchen geboren. Als sich zeigt, dass Mesut ein au\u00dfergew\u00f6hnlicher Fu\u00dfballer ist, meldet sich der t\u00fcrkische Fu\u00dfballverband &#8211; die Familie \u00d6zil entscheidet sich aber &#8211; anders als bspw. die Br\u00fcder Altintop &#8211; f\u00fcr das Nationaltrikot des DFB. Dazu \u00e4u\u00dferten sich Vater und Sohn \u00d6zil in einem <a href=\"http:\/\/www.rund-magazin.de\/index.php?mact=News,cntnt01,print,0&amp;cntnt01articleid=335&amp;cntnt01showtemplate=false&amp;cntnt01returnid=25\" target=\"_blank\">Gespr\u00e4ch mit Rund<\/a>, einem Fu\u00dfballmagazin.<\/p>\n<p style=\"text-align: justify;\"><strong>RUND: In der Nationalmannschaft gibt es heute l\u00e4ngst Spieler, die zum Beispiel polnische Wurzeln haben. T\u00fcrkische Namen dagegen findet man selten. Schon gar nicht in einer Gr\u00f6\u00dfenordung, die dem Anteil an der Gesamtbev\u00f6lkerung entspricht. Warum nicht?<\/strong><\/p>\n<p style=\"text-align: justify;\"><em><strong>Mesut \u00d6zil:<\/strong> Aus meinen Jahrgang kenne ich viele Jugendliche, deren Eltern sagten: \u201eWenn \u00fcberhaupt, dann spielst du f\u00fcr dein Herkunftsland.\u201c Und zwar lange, bevor der deutsche Verband \u00fcberhaupt anklopfen konnte. <\/em><br \/>\n<em><strong>Mustafa \u00d6zil:<\/strong> Da spielt der Nationalstolz schon eine Rolle, weil die erste Generation der Einwanderer sich in dieser Gesellschaft zwar geduldet, aber eben nicht zu Hause f\u00fchlte. Heute ist es ja nicht mehr so, doch in den 70ern war es f\u00fcr T\u00fcrken nahezu unm\u00f6glich, eine Wohnung in einer etwas besseren Gegend zu bekommen. Sie mussten alle in die Randgebiete \u2013 und sich sp\u00e4ter den Vorwurf anh\u00f6ren, sie w\u00fcrden sich abschotten. Insofern muss man Verst\u00e4ndnis daf\u00fcr haben, dass manche ihren Sohn nicht f\u00fcr Deutschland spielen lassen wollen.<\/em><\/p>\n<p style=\"text-align: justify;\">Bislang scheint trotz der Tatsache, dass \u00d6zil ob der Herkunft seiner Familie immer wieder <a href=\"http:\/\/www.muensterschezeitung.de\/sport\/fussball\/nationalmannschaft\/news\/Nationalmannschaft-Nach-Anfeindungen-Loew-hilft-Oezil;art481,479537\" target=\"_blank\">Anfeindungen <\/a> sowohl von t\u00fcrkischen aber auch deutschen Nationalisten erfahren muss, der Fu\u00dfballer Mesut \u00d6zil seinen Weg gehen wird; er geh\u00f6rt zur Stammelf von Real Madrid und der Deutschen Nationalmannschaft &#8211; mit gerade mal 23 Jahren.<\/p>\n<p style=\"text-align: justify;\">Sebastian Deisler und Mesut \u00d6zil &#8211; zwei verschiedene Fu\u00dfballer, die durchaus einiges gemeinsam haben. Und da hier im Blog traditionsgem\u00e4\u00df die Frankfurter Eintracht nicht zu kurz kommt, handelt die abschlie\u00dfende Frage nat\u00fcrlich von der Eintracht. Also, welche Rolle spielte Eintracht Frankfurt im Zusammenhang mit Deisler und \u00d6zil?<\/p>\n<p style=\"text-align: justify;\">PS: Das Artikelbild auf der Startseite ist nat\u00fcrlich nur ein Symbolbild &#8211; und kein Hinweis. Wer mir v\u00f6llig unabh\u00e4ng davon sagen kann, um wessen Beine es sich dabei handelt, der ist ein richtig Guter.<\/p>\n<p style=\"text-align: justify;\"><strong>Nachtrag:<\/strong><\/p>\n<p style=\"text-align: justify;\">Herr Gr\u00fcndel hat die Frage ebenso wie insofern richtig beantwortet. Deisler und \u00d6zil deb\u00fctierten in der Bundesliga jeweils gegen Eintracht Frankfurt. <a href=\"http:\/\/s3.amazonaws.com\/data.tumblr.com\/tumblr_lveg47FQQh1r6mwuno1_1280.jpg?AWSAccessKeyId=AKIAJ6IHWSU3BX3X7X3Q&amp;Expires=1330003819&amp;Signature=0%2F7oijMnS1BdN6oaa9aVO86lRZ8%3D\" target=\"_blank\">Deisler <\/a>kam am <a href=\"http:\/\/eintracht-archiv.de\/1998\/1998-09-08st.html\" target=\"_blank\">08.09.1998<\/a> in der Partie Borussia M\u00f6nchengladbach vs Eintracht Frankfurt in der 63. Minute f\u00fcr Markus Hausweiler ins Spiel. 0:0 stand es zu diesem Zeitpunkt, am Ende hie\u00df es 1:1. Den Gladbacher Ausgleich erzielte Peterson eine Minute vor Schluss. Im Tor der Eintracht stand &#8211; wer sonst &#8211; Oka Nikolov. Die Saison endete f\u00fcr die Eintracht mit dem spektakul\u00e4ren 5:1 gegen den 1.FC Kaiserslautern.<\/p>\n<p style=\"text-align: justify;\"><a href=\"http:\/\/s3.amazonaws.com\/data.tumblr.com\/tumblr_lw08kne9sZ1r6mwuno1_1280.jpg?AWSAccessKeyId=AKIAJ6IHWSU3BX3X7X3Q&amp;Expires=1330003830&amp;Signature=27MMYQY157BK5eszifOXNd7hjUE%3D\" target=\"_blank\">Mesut \u00d6zil<\/a> deb\u00fctierte am <a href=\"http:\/\/eintracht-archiv.de\/2006\/2006-08-12st.html#sb\" target=\"_blank\">12.08.2006<\/a>. Die Eintracht stand kurz zuvor im DFB-Pokalfinale und freute sich auf die Uefa-Cup-Spiele. In der 80. Minute wurde \u00d6zil auf Schalke f\u00fcr Hamit Altintop eingewechselt. Der Spielstand von 1:1 hatte auch nach 90 Minuten Bestand. Immerhin, diesmal stand Markus Pr\u00f6ll im Tor der Eintracht.<\/p>\n<p style=\"text-align: justify;\">Das Originalbild der Beine gibt es mit Link in einigen Momenten. Noch k\u00f6nnt ihr raten, wessen Beine neben Holz zu sehen sind. Ein Tipp: Es handelt sich um einen Nationalspieler der Eintracht.<\/p>\n<p style=\"text-align: justify;\"><strong>Nachtrag 2<\/strong><\/p>\n<p style=\"text-align: justify;\">Wie Observer in den Kommentaren richtig bemerkt hat, geh\u00f6rt das fehlende Paar Beine Bernd Nickel. Heinz hatte mit Holz den ersten Teil gel\u00f6st. Die Fotos von \u00d6zil und Deisler entnahm ich der Seite <a href=\"http:\/\/bundesligaclassic.tumblr.com\/\">bundesligaclassic.tumblr.com<\/a> auf die mich Daniel vor geraumer Zeit hingewiesen hat. Dort fand ich auch das folgende schicke Bild mit den Eintrachtbeinen, welches ich mir hier einfach mal mit einem Dankesch\u00f6n kurz borge:<\/p>\n<p style=\"text-align: justify;\">ngg_shortcode_0_placeholder<\/p>\n<p style=\"text-align: justify;\">Von links nach rechts sehen wir: Peter Krobbach, Bernd H\u00f6lzenbein, Bernd Nickel, R\u00fcdiger Wenzel und verdeckt Norbert Nachtweih im Jahr 1976. <a href=\"http:\/\/bundesligaclassic.tumblr.com\/tagged\/Peter-Krobbach\" target=\"_blank\">Bildunterschrift<\/a>: Four Amigos. Wenzel wird dabei glatt unterschlagen.<\/p>\n","protected":false},"excerpt":{"rendered":"<p>Sebastian Deisler und Mesut \u00d6zil, das sind zwei begnadete Fu\u00dfballer, die ihre fu\u00dfballerische Laufbahn bei kleinen Vereinen begonnen haben und nach verschiedenen Engagements bei etablierten Vereinen letztlich zu den gr\u00f6\u00dften der Branche wechselten.<\/p>\n","protected":false},"author":2,"featured_media":5050,"comment_status":"open","ping_status":"open","sticky":false,"template":"","format":"standard","meta":{"ngg_post_thumbnail":0,"footnotes":""},"categories":[9],"tags":[1043,1012,1823,228,351,437,473,1042],"class_list":["post-5048","post","type-post","status-publish","format-standard","has-post-thumbnail","hentry","category-eintracht-frankfurt","tag-bayern-munchen","tag-borussia-monchengladbach","tag-eintracht-frankfurt","tag-hertha-bsc","tag-mesut-ozil","tag-real-madrid","tag-schalke-04","tag-sebastian-deisler","post-preview"],"_links":{"self":[{"href":"https:\/\/www.beveswelt.de\/index.php?rest_route=\/wp\/v2\/posts\/5048","targetHints":{"allow":["GET"]}}],"collection":[{"href":"https:\/\/www.beveswelt.de\/index.php?rest_route=\/wp\/v2\/posts"}],"about":[{"href":"https:\/\/www.beveswelt.de\/index.php?rest_route=\/wp\/v2\/types\/post"}],"author":[{"embeddable":true,"href":"https:\/\/www.beveswelt.de\/index.php?rest_route=\/wp\/v2\/users\/2"}],"replies":[{"embeddable":true,"href":"https:\/\/www.beveswelt.de\/index.php?rest_route=%2Fwp%2Fv2%2Fcomments&post=5048"}],"version-history":[{"count":24,"href":"https:\/\/www.beveswelt.de\/index.php?rest_route=\/wp\/v2\/posts\/5048\/revisions"}],"predecessor-version":[{"id":5059,"href":"https:\/\/www.beveswelt.de\/index.php?rest_route=\/wp\/v2\/posts\/5048\/revisions\/5059"}],"wp:featuredmedia":[{"embeddable":true,"href":"https:\/\/www.beveswelt.de\/index.php?rest_route=\/wp\/v2\/media\/5050"}],"wp:attachment":[{"href":"https:\/\/www.beveswelt.de\/index.php?rest_route=%2Fwp%2Fv2%2Fmedia&parent=5048"}],"wp:term":[{"taxonomy":"category","embeddable":true,"href":"https:\/\/www.beveswelt.de\/index.php?rest_route=%2Fwp%2Fv2%2Fcategories&post=5048"},{"taxonomy":"post_tag","embeddable":true,"href":"https:\/\/www.beveswelt.de\/index.php?rest_route=%2Fwp%2Fv2%2Ftags&post=5048"}],"curies":[{"name":"wp","href":"https:\/\/api.w.org\/{rel}","templated":true}]}}