{"id":4590,"date":"2011-10-11T12:25:06","date_gmt":"2011-10-11T10:25:06","guid":{"rendered":"http:\/\/www.beveswelt.de\/?p=4590"},"modified":"2011-10-11T16:19:22","modified_gmt":"2011-10-11T14:19:22","slug":"zusammenhange-heute-jan-fleischhauer","status":"publish","type":"post","link":"https:\/\/www.beveswelt.de\/?p=4590","title":{"rendered":"Zusammenh\u00e4nge &#8211; Heute: Jan Fleischhauer"},"content":{"rendered":"<p style=\"text-align: justify;\">Es gibt Tage im Leben, da schwurbelt dein Gehirn in rasantem Tempo, so rasant, dass man mit dem Denken kaum noch hinterher kommt. Hier ein Input, dort eine Erinnerung und obgleich eine Ahnung vorhanden ist, so stellt man fest: Das passt doch alles eigentlich gar nicht zusammen. Oder doch?<!--more--><\/p>\n<p style=\"text-align: justify;\">Greifen wir doch mal mitten hinein, in das Geschwurbel und lassen uns \u00fcberraschen, was am Ende dabei herauskommt, beginnen wollen wir aber mit <a href=\"http:\/\/de.wikipedia.org\/wiki\/Jan_Fleischhauer\" target=\"_blank\">Jan Fleischhauer<\/a>, eine Art gewiefterer Lothar Matth\u00e4us der bekennenden Rechten. Das ist der Mann, der 2009 urpl\u00f6tzlich\u00a0 aus dem Hintergrund, quasi aus dem Nichts in der \u00f6ffentlichen Medienlandschaft erschienen ist und seit 2010 einen festen Platz in den <a href=\"http:\/\/www.spiegel.de\/thema\/spon_fleischhauer\/\" target=\"_blank\">Kolumnen auf Spiegel-Online<\/a> hat. Die Seinige tr\u00e4gt den Titel: <em>Der schwarze Kanal<\/em>, eine dezente Anlehnung an<a href=\"http:\/\/de.wikipedia.org\/wiki\/Karl-Eduard_von_Schnitzler\" target=\"_blank\"> Karl-Eduard von Schnitzlers (Sudel-Ede) epochaler Ostzonen-Sendung<em> Der schwarze Kanal<\/em><\/a>, in welcher dieser best\u00e4ndig die notwendig dem Kapitalismus innewohnenden destruktiven Erscheinungsformen geiselte. Die Antwort des Westens seinerzeit hie\u00df Gerhard L\u00f6wenthal, dessen Sendung <a href=\"http:\/\/de.wikipedia.org\/wiki\/ZDF-Magazin\" target=\"_blank\">ZDF-Magazin<\/a> wiederum das politische Gebaren der DDR desavouierte. Propaganda also h\u00fcben wie dr\u00fcben. Mit dem Fall der Mauer hatten sich beide Sendungen erledigt, alte Aufzeichnungen wurden fortan unter der Rubrik &#8222;Satire&#8220; abgelegt.<\/p>\n<p style=\"text-align: justify;\">Jan Fleischhauer, im Folgenden ob der K\u00fcrze und der selbst gew\u00e4hlten Affinit\u00e4t kurz<em> Sudel-Jan<\/em> genannt, erblickte das Licht der Medien\u00f6ffentlichkeit durch die Ver\u00f6ffentlichung eines Buches mit dem Titel <a href=\"http:\/\/www.spreeblick.com\/2009\/07\/16\/jan-fleischhauer-unter-linken\/\" target=\"_blank\">&#8222;Unter Linken: Von einem, der aus Versehen konservativ wurde&#8220;.<\/a> Dazu erschien passend ein Film, worin Sudel-Jan ganz investigativ im Stile Michael Moores versucht, (wobei die Nennung des Namens Moore im Zusammenhang mit Sudel-Jan blasphemisch wirkt) linken Wirrsinn zu entlarven. Selbstverst\u00e4ndlich wurde dieser Film vom politically incorrecten Blog (auf dessen Verlinkung ich hier gerne verzichte) als Filmtipp geadelt. Inkognito besuchte Sudel-Jan Veranstaltungen (vermeintlich) linker Gruppierungen und provozierte durch entsprechende Fragen phasenweise verwirrende bis d\u00e4mliche Antworten, die er dokumentierte und im Film verwertete. W\u00e4hrend sich Moore seinerzeit im Rahmen des <a href=\"http:\/\/de.wikipedia.org\/wiki\/Bowling_for_Columbine\" target=\"_blank\">Massakers an der Columbine Highschool<\/a> in Littleton an die Waffenlobby heranwagte und deren Widerspr\u00fcche entlarvte, so gab sich Sudel-Jan mit skurrilen Weltbildern der Gr\u00fcnen Jugend oder versprengten Kreuzberger Radikalen zufrieden, die einem CDUler mit Wasser bewarfen und anschlie\u00dfend zur Polizei gefl\u00fcchtet sind. Im Klartext: W\u00e4hrend Moore die politisch-gesellschaftliche Relevanz der Waffenproduzenten und -lobby aufzeigte und diese mitverantwortlich f\u00fcr das Massaker machte, arbeitete sich Sudel-Jan an seinen sozialdemokratischen Eltern ab, die ihm im Sinne der antiimperalistischen Erziehung Errungenschaften aus Amerika verweigerten und f\u00fchrte zu diesem Zweck Jugendliche vor, deren Vater er h\u00e4tte sein k\u00f6nnen &#8211; altersbedingt. Eine gro\u00dfartige Leistung, die an Oliver Kahn erinnert, der sogar in einem Elfmeterschie\u00dfen f\u00fcr einen guten Zweck alle auf ihn geschossenen Elfmeter parierte, wobei jeder Treffer Geld eingespielt h\u00e4tte. Seither trifft man Sudel-Jan auch gerne in Talkshows, in denen sich er sich als <a href=\"http:\/\/www.tagesspiegel.de\/medien\/einmal-meinung-bitte\/4010670.html\" target=\"_blank\">starker Meinungstr\u00e4ger<\/a> in gewohnt blasierter Haltung und kaum zu unterdr\u00fcckender gef\u00fchlten eitler \u00dcberlegenheit zu Themen \u00e4u\u00dfert, <em>die irgendwas mit Sarrazin zu tun haben<\/em>.<\/p>\n<p style=\"text-align: justify;\">Jetzt ist es unbestritten, dass innerhalb der Linken &#8211; oder denen, die Sudel-Jan daf\u00fcr h\u00e4lt &#8211; widerspr\u00fcchliche oder gar saubl\u00f6de Erscheinungsweisen an den Tag treten, die man v\u00f6llig zu Recht kritisieren kann; auch muss man nicht zwingend \u00fcber die Motivation des Kritikers Bescheid wissen. Und nat\u00fcrlich kann Spiegel-Online nach Belieben Kolumnen betreiben, auch wenn diese von Erkenntnisgewinnen so weit entfernt sind, wie die Eintracht von der n\u00e4chsten Meisterschaft &#8211; obgleich sich Sudel-Jan mittlerweile zum Sprachrohr notorischer Linkenhasser hervor gearbeitet hat, denen es v\u00f6llig wurscht ist, was ihnen vorgesetzt wird, solange es nur Argumente gegen den vermeintlichen Feind liefert.<\/p>\n<p style=\"text-align: justify;\">Interessant wird es erst, wenn urpl\u00f6tzlich etwas ganz anderes zum Vorschein tritt. So geschehen letzten Montag, <a href=\"http:\/\/www.spiegel.de\/politik\/deutschland\/0,1518,790858,00.html\" target=\"_blank\">als sich Sudel-Jan den schwerreichen Kapitalismuskritiker George Soros vornahm<\/a>. Dass Sudel-Jan dabei g\u00e4nzlich \u00fcbersieht, dass ausgesprochene Wahrheiten sich herzlich wenig darum k\u00fcmmern, wer sie jetzt gerade formuliert, ist das eine. Das andere ist ein Satz f\u00fcr die Ewigkeit: <em>Auch bei uns gibt es ja den Vertreter dieser Spezies des Linksmillion\u00e4rs, dessen Namen man unter jeder Unterschriftenliste findet, wenn es um die gute Sache geht. Schade, dass niemand ernst macht und diesen Leuten wirklich die H\u00e4lfte ihres Verm\u00f6gens abnimmt.<\/em> Abgesehen davon, dass es hier und \u00fcberall von Linksmillion\u00e4ren nur so wimmelt, so darf die Frage gestellt sein, weshalb das naheliegendste eben nicht Eingang in Sudel-Jans Ausf\u00fchrungen gefunden hat, n\u00e4mlich die These: Schade, dass niemand ernst macht und <strong>allen<\/strong> \u00dcberreichen die H\u00e4lfte des Verm\u00f6gens abnimmt. Dass Sudel-Jan sich vor solch einer These dr\u00fcckt, wie der Teufel vor&#8217;m Weihwasser, liegt auf der Hand: Hier geht es nicht mehr um das Abarbeiten an einer verkorksten Erziehung oder gar Erkenntnisinteresse, hier geht es um kaum zu verhehlende Lobbyarbeit f\u00fcr handfeste Interessen, wie ein Beitrag des Magazins <a href=\"http:\/\/www.wdr.de\/tv\/monitor\/\/sendungen\/2011\/0825\/bruessel.php5\" target=\"_blank\">Monitor vom August 2011 <\/a>beweist &#8211; und der den Zusammenhang weitaus gr\u00f6\u00dferer Lobbyarbeit aufzeigt, n\u00e4mlich die massive Einflussnahme von Finanzinstituten auf die Ausrichtung deutscher und europ\u00e4ischer Politik. Im Text zum Beitrag lesen wir auf der Homepage der Sendung Monitor: <em>Das j\u00e4hrliche Treffen des International Institute of Finance. Das IIF ist die Lobbyvereinigung der m\u00e4chtigsten Banken weltweit. Vorn dabei ihr Vorsitzender Josef Ackermann. Wer sich fragt, warum bei all den Finanzkrisen die Banken nicht mehr zur Kasse gebeten werden, warum sie nicht mehr reguliert werden, der muss diese Leute fragen. Banker in Feierlaune. Diese Herrschaften sind gut vernetzt, die Organisation hier hat ein Lobby-System entwickelt, das sich kaum noch perfektionieren l\u00e4sst.<\/em><\/p>\n<p style=\"text-align: justify;\">Wen verwundert es, dass auf diesem Treffen bei Minute 1:26 und 1:31 Sudel-Jan zu erkennen ist. Wie hie\u00df es doch so sch\u00f6n? <em>Diese Herrschaften sind gut vernetzt, die Organisation hier hat ein Lobby-System entwickelt, das sich kaum noch perfektionieren l\u00e4sst.<\/em><\/p>\n<p style=\"text-align: justify;\">Ein Schelm, der dabei an Sudel-Jan denken l\u00e4sst, der w\u00f6chentlich in einem der renommiertesten Online-Magazine die Scheinargumente gegen die liefert, die ansatzweise diesem Lobbyismus entgegen treten (in der Regel Linke) oder die am massivsten unter dessen Auswirkungen zu leiden haben: Die Habenichtse.<\/p>\n","protected":false},"excerpt":{"rendered":"<p>Es gibt Tage im Leben, da schwurbelt dein Gehirn in rasantem Tempo, so rasant, dass man mit dem Denken kaum noch hinterher kommt. Hier ein Input, dort eine Erinnerung und obgleich eine Ahnung vorhanden ist, so stellt man fest: Das passt doch alles eigentlich gar nicht zusammen. Oder doch?<\/p>\n","protected":false},"author":2,"featured_media":4591,"comment_status":"open","ping_status":"open","sticky":false,"template":"","format":"standard","meta":{"ngg_post_thumbnail":0,"footnotes":""},"categories":[12],"tags":[902,901,904,899,905,900,903,898,897],"class_list":["post-4590","post","type-post","status-publish","format-standard","has-post-thumbnail","hentry","category-wortwelt","tag-bowling-for-columbine","tag-der-schwarze-kanal","tag-iif","tag-jan-fleischhauer","tag-josef-ackermann","tag-linke","tag-lobbyismus","tag-michael-moore","tag-spon","post-preview"],"_links":{"self":[{"href":"https:\/\/www.beveswelt.de\/index.php?rest_route=\/wp\/v2\/posts\/4590","targetHints":{"allow":["GET"]}}],"collection":[{"href":"https:\/\/www.beveswelt.de\/index.php?rest_route=\/wp\/v2\/posts"}],"about":[{"href":"https:\/\/www.beveswelt.de\/index.php?rest_route=\/wp\/v2\/types\/post"}],"author":[{"embeddable":true,"href":"https:\/\/www.beveswelt.de\/index.php?rest_route=\/wp\/v2\/users\/2"}],"replies":[{"embeddable":true,"href":"https:\/\/www.beveswelt.de\/index.php?rest_route=%2Fwp%2Fv2%2Fcomments&post=4590"}],"version-history":[{"count":16,"href":"https:\/\/www.beveswelt.de\/index.php?rest_route=\/wp\/v2\/posts\/4590\/revisions"}],"predecessor-version":[{"id":4620,"href":"https:\/\/www.beveswelt.de\/index.php?rest_route=\/wp\/v2\/posts\/4590\/revisions\/4620"}],"wp:featuredmedia":[{"embeddable":true,"href":"https:\/\/www.beveswelt.de\/index.php?rest_route=\/wp\/v2\/media\/4591"}],"wp:attachment":[{"href":"https:\/\/www.beveswelt.de\/index.php?rest_route=%2Fwp%2Fv2%2Fmedia&parent=4590"}],"wp:term":[{"taxonomy":"category","embeddable":true,"href":"https:\/\/www.beveswelt.de\/index.php?rest_route=%2Fwp%2Fv2%2Fcategories&post=4590"},{"taxonomy":"post_tag","embeddable":true,"href":"https:\/\/www.beveswelt.de\/index.php?rest_route=%2Fwp%2Fv2%2Ftags&post=4590"}],"curies":[{"name":"wp","href":"https:\/\/api.w.org\/{rel}","templated":true}]}}