{"id":4509,"date":"2011-09-22T13:20:54","date_gmt":"2011-09-22T11:20:54","guid":{"rendered":"http:\/\/www.beveswelt.de\/?p=4509"},"modified":"2011-09-22T13:42:51","modified_gmt":"2011-09-22T11:42:51","slug":"heimspiel-in-groskrotzenburg","status":"publish","type":"post","link":"https:\/\/www.beveswelt.de\/?p=4509","title":{"rendered":"Heimspiel in Gro\u00dfkrotzenburg"},"content":{"rendered":"<p align=\"JUSTIFY\">Pia hatte die Idee: <em>Frag doch mal Timm, ob er Lust hat, die Eintracht zu sehen<\/em> &#8211; <em>es ist doch nicht weit<\/em>. Gute Idee, f\u00fcrwahr. Da der Bub heute nicht mit seiner Mannschaft, der Spvgg Seligenstadt, trainieren musste und Zeit hatte, galt es als ausgemacht: Heimspiel in <a href=\"http:\/\/rotundschwarz-kd.blogspot.com\/2011\/09\/name-ist-schall-und-rauch.html\" target=\"_blank\">Gro\u00dfkrotzenburg<\/a>. <img decoding=\"async\" src=\"..\/wp-includes\/js\/tinymce\/plugins\/wordpress\/img\/trans.gif\" alt=\"\" name=\"Grafik1\" width=\"1\" height=\"1\" align=\"BOTTOM\" border=\"0\" \/><!--more-->Mit dabei: Papa Eins (meiner), Papa Zwei (Timms) Sohn Eins (Timm) und Onkel Beve. Als ich Timm abholen wollte, war er schon abfahrbereit: M\u00fctze, Schal, Jacke, Shirt und Schwei\u00dfband &#8211; allesamt mit Adler. Da muss sein Papa zwei Mal schlucken, sagt man ihm doch einen Hang zum Verein \u00f6stlich von Fechenheim nach, aber gut, da muss er durch. Halbherzige Abwerbeversuche (Ich fahr zum Bieberer Berg jetzt, kommste mit?) scheiterten grandios: <em>Ich hasse die Kickers<\/em> meinte der wohlerzogenen Nachwuchs, den ich voller Stolz betrachtete. Von wem hat er das blo\u00df?<\/p>\n<p align=\"JUSTIFY\">So rollten vier Buben von Sieben bis 70 bei strahlendem Sonnenschein \u00fcber Alzenau Richtung Gro\u00dfkrotzenburg w\u00e4hrend Mama Beve auf Timms Schwester aufpasste. Mama Timm musste leider Richtung Arbeit, aber vier Jungs unter sich, das hat was. Die Anfahrt gestaltete sich unkompliziert, die Gro\u00dfkrotzenburger hatten kurzerhand eine Fahrspur vor dem Sportplatz zum Parkplatz umfunktioniert und nach wenigen Schritten holten wir am Eingang des heimischen Oberwaldstadions die Eintrittskarten zu acht Euro das St\u00fcck f\u00fcr Erwachsene. Als uns zwei M\u00e4dels zwecks Losverkauf anquatschten, schlugen wir gleichfalls zu und waren nun gut ger\u00fcstet. Das kleine Stadion war schon ordentlich gef\u00fcllt, die Trib\u00fcne vollbesetzt &#8211; die offizielle Zuschauerzahl wurde sp\u00e4ter mit 2.000 angegeben. Nach einem kurzen Blick auf den Rasen wanderten wir zur Gegengerade und fanden auf H\u00f6he der Mittellinie ein gutes Pl\u00e4tzchen. Die tiefstehende Sonne blendete zwar, aber als ich Timm vor die Bande hob und es mir mit ihm dort gem\u00fctlich machte w\u00e4hrend Opa die erste Runde Getr\u00e4nke springen lie\u00df, war die Welt in Ordnung.<\/p>\n<p align=\"JUSTIFY\">Direkt vor uns schnickten sich die Ersatzspieler f\u00fcr das heutige Spiel Nikolov, Caio, Gekas, Friend, Schildenfeld, Tzavellas und Titsch-Rivero die B\u00e4lle zu; Timm kannte sie fast alle, nur bei Titsch meinte er kurz, ob der Blonde Rode sei. Als ich verneinte und erkl\u00e4rte, dies sei Marcel Titsch-Rivero, meinte er: <em>ah, der hat die 36, gell<\/em>? Genau nickte ich stolz und wir fachsimpelten, bis der Lautsprecher die vor der Bande sitzenden aufforderte, den Platz zu wechseln. Wir z\u00f6gerten kurz, blieben aber zun\u00e4chst sitzen und beklatschten die Teams, die p\u00fcnktlich um halb sechs auf den Rasen liefen. Zuvor wurden noch die Hymnen von Gro\u00dfkrotzenburg und der Eintracht gespielt &#8211; und es wird nicht mehr lange dauern, dann kann Timm beim <em>Herzen von Europa<\/em> mitsingen.<\/p>\n<p align=\"JUSTIFY\">Die Eintracht begann in wei\u00dfen Trikots mit Kessler &#8211; Schmidt, Bell, Bellaid, Djakpa &#8211; Korkmaz, Lehmann (C), Clark, Alvarez &#8211; Idrissou, Hoffer; die Gro\u00dfkrotzenburger waren dann doch eher unbekannt. Nach zwei Minuten hatte zumindest einer Geschichte geschrieben; Capone hatte beim ersten Angriff der Gro\u00dfkrotzenburger unter frenetischem Jubel des heimischen Anhangs die F\u00fchrung erzielt. Prompt handelte er sich f\u00fcrs Ausziehen des Trikots die gelbe Karte ein, eine formal richtige aber im Rahmen \u00fcbertriebene Entscheidung des Schiedsrichters, der ansonsten wenig M\u00fche mit der Partie hatte; zumindest weniger als die Eintracht, die in der ersten H\u00e4lfte lediglich zum Ausgleich durch Hoffer kam, der eine Flanke von Alvarez mit dem Kopf verwandelte. Ansonsten m\u00fchte sich die Eintracht vergeblich und scheiterte mehrfach am gut aufgelegten Torwart der Einheimischen.<\/p>\n<p align=\"JUSTIFY\">In der Halbzeit wurden die Gewinner der Lotterie verk\u00fcndet, nat\u00fcrlich waren wir nicht dabei &#8211; aber was soll&#8217;s, Hauptsache die Eintracht gewinnt &#8211; und Timm sieht ein paar Tore. Die hatte er n\u00e4mlich bei seinen beiden Bundesligaspielen eher auf Seiten der Gegner gesehen; o:4 gegen Hoffenheim und 1:4 gegen den HSV lautet seine Arena-Bilanz, lediglich das 8:0 in Aschaffenburg im letzten Jahr verbessert seine Ausbeute. Und tats\u00e4chlich; Veh schickte in der zweiten H\u00e4lfte mit Caio, Friend, Gekas, Titsch-Rivero und Tzavellas gleich f\u00fcnf Neue f\u00fcr Alvarez, Clark, Djakpa, Hoffer und Idrissou aufs Feld, die gegen konditionell schw\u00e4chelnde Gastgeber mehr Gl\u00fcck hatten, als in Halbzeit Eins. Lehmann, Korkmaz, Bell und Gekas (2) schraubten das Ergebnis auf 6:1, w\u00e4hrend Timm wurstfutternd die Treffer beklatschte. Langsam wurde es frisch, die Sonne versank gem\u00e4chlich hinter der Haupttrib\u00fcne und mit dem Schlusspfiff sauste die Jugend auf den Platz und umlagerte die Spieler.<\/p>\n<p align=\"JUSTIFY\">Ich marschierte mit Timm \u00fcber den Rasen, Korkmaz wurde von einer Menschentraube umringt, ein paar Meter entfernt stand Marcel Titsch-Rivero, ich dr\u00fcckte Timm die Kappe in die Hand und guckte, was er machte. Wir standen im R\u00fccken von Marcel, er konnte uns nicht sehen und schrieb Autogramm um Autogramm. Timm schob sich ein bisschen vor, hielt die Kappe ein wenig h\u00f6her und schwupps, hatte er eine Unterschrift ergattert, die Kinderaugen leuchteten hell wie der volle Mond in den Bergen Vorarlbergs.<\/p>\n<p align=\"JUSTIFY\">Derart begl\u00fcckt wanderten wir zur\u00fcck zum Auto, bequatschten den Spielverlauf und rollten anschlie\u00dfend zur\u00fcck in die Heimat. Da hat jetzt einer was zu erz\u00e4hlen und ein ganzes S\u00e4cklein Erinnerungen dazu, von damals, als er mit Onkel, Opa und Papa in Gro\u00dfkrotzenburg die Eintracht gesehen hat. Und einen Sieg obendrein.<\/p>\n<p style=\"text-align: justify;\">ngg_shortcode_0_placeholder<\/p>\n","protected":false},"excerpt":{"rendered":"<p>Pia hatte die Idee: Frag doch mal Timm, ob er Lust hat, die Eintracht zu sehen &#8211; es ist doch nicht weit. Gute Idee, f\u00fcrwahr. Da der Bub heute nicht mit seiner Mannschaft, der Spvgg Seligenstadt, trainieren musste und Zeit hatte, galt es als ausgemacht: Heimspiel in Gro\u00dfkrotzenburg.<\/p>\n","protected":false},"author":2,"featured_media":4510,"comment_status":"open","ping_status":"open","sticky":false,"template":"","format":"standard","meta":{"ngg_post_thumbnail":0,"footnotes":""},"categories":[9],"tags":[1823,882,553],"class_list":["post-4509","post","type-post","status-publish","format-standard","has-post-thumbnail","hentry","category-eintracht-frankfurt","tag-eintracht-frankfurt","tag-groskrotzenburg","tag-timm","post-preview"],"_links":{"self":[{"href":"https:\/\/www.beveswelt.de\/index.php?rest_route=\/wp\/v2\/posts\/4509","targetHints":{"allow":["GET"]}}],"collection":[{"href":"https:\/\/www.beveswelt.de\/index.php?rest_route=\/wp\/v2\/posts"}],"about":[{"href":"https:\/\/www.beveswelt.de\/index.php?rest_route=\/wp\/v2\/types\/post"}],"author":[{"embeddable":true,"href":"https:\/\/www.beveswelt.de\/index.php?rest_route=\/wp\/v2\/users\/2"}],"replies":[{"embeddable":true,"href":"https:\/\/www.beveswelt.de\/index.php?rest_route=%2Fwp%2Fv2%2Fcomments&post=4509"}],"version-history":[{"count":6,"href":"https:\/\/www.beveswelt.de\/index.php?rest_route=\/wp\/v2\/posts\/4509\/revisions"}],"predecessor-version":[{"id":4515,"href":"https:\/\/www.beveswelt.de\/index.php?rest_route=\/wp\/v2\/posts\/4509\/revisions\/4515"}],"wp:featuredmedia":[{"embeddable":true,"href":"https:\/\/www.beveswelt.de\/index.php?rest_route=\/wp\/v2\/media\/4510"}],"wp:attachment":[{"href":"https:\/\/www.beveswelt.de\/index.php?rest_route=%2Fwp%2Fv2%2Fmedia&parent=4509"}],"wp:term":[{"taxonomy":"category","embeddable":true,"href":"https:\/\/www.beveswelt.de\/index.php?rest_route=%2Fwp%2Fv2%2Fcategories&post=4509"},{"taxonomy":"post_tag","embeddable":true,"href":"https:\/\/www.beveswelt.de\/index.php?rest_route=%2Fwp%2Fv2%2Ftags&post=4509"}],"curies":[{"name":"wp","href":"https:\/\/api.w.org\/{rel}","templated":true}]}}