{"id":4431,"date":"2011-08-31T11:41:22","date_gmt":"2011-08-31T09:41:22","guid":{"rendered":"http:\/\/www.beveswelt.de\/?p=4431"},"modified":"2011-08-31T11:41:57","modified_gmt":"2011-08-31T09:41:57","slug":"wind-tanker-hafen","status":"publish","type":"post","link":"https:\/\/www.beveswelt.de\/?p=4431","title":{"rendered":"Wind. Tanker. Hafen."},"content":{"rendered":"<p style=\"text-align: justify;\">Es ist schon seltsam; vier langj\u00e4hrige Eintrachtler stehen nun gemeinsam im Kader des VfL Wolfsburg: Chris, Kyrgiakos, Ochs und Russ; mit Chris und Ochs sogar zwei ehemalige Spielf\u00fchrer. Daf\u00fcr tummeln sich nun bei der Eintracht die Ex-Gladbacher Anderson, Matmour und ab heute nachmittag wom\u00f6glich Idrissou.<!--more--> Die einen, die ehemaligen Frankfurter, sind mit Ausnahme von Kyrgiakos noch vor wenigen Wochen sang und klanglos abgestigen &#8211; so sie denn \u00fcberhaupt mitmachen konnten (Chris) und sollen nun den VW-Club in internationale Regionen f\u00fchren, die anderen, ehemaligen Gladbacher, sind nur deshalb nicht abgestiegen, weil die Eintracht darum gebettelt hat und sollen nun den Durchmarsch aus der zweiten Liga schaffen, gemeinsam mit den Herren Kessler und Lehmann, die in der letzten Saison bei St. Pauli kickten, die als einzige Mannschaft noch schlechter waren als die Eintracht.<\/p>\n<p style=\"text-align: justify;\">Jetzt hat die Eintracht ja seit ein paar Wochen neue Ausw\u00e4rtstrikots, jene mit den Kringeln. Sorgen \u00fcber \u00fcberm\u00e4\u00dfige Beflockung muss man sich wohl nicht machen; die Stimmen die derzeit von &#8222;wir&#8220; sprechen, so sie Eintracht Frankfurt meinen sind auff\u00e4llig leise geworden. Dies mag nicht zuletzt daran liegen, dass viele bis heute nicht begriffen haben, weshalb der Vertrag von Ioannis Amanatidis gegen eine exorbitante Summe und gegen seinen Willen aufgel\u00f6st wurde und Aleks Vasoski keinen neuen Vertrag erhalten hat, obgleich der tadellose Sportsmann sich zuletzt nach zahlreichen Verletzungen wieder ins Team zur\u00fcck gek\u00e4mpft hatte. Daf\u00fcr wurde Stefan Bell verpflichtet, der bis heute keine Minute f\u00fcr die Eintracht gespielt hat.<\/p>\n<p style=\"text-align: justify;\">Es muss die Frage gestattet sein, welches Konzept Eintracht Frankfurt verfolgt; eine Eintracht, die zwar nicht zum Aufstieg verdammt ist, die aber gleichwohl durch die vergangene Saison so viel Porzellan zerschlagen hat, dass die entstandenen Narben noch nicht mal im Ansatz verheilt sind. Das Konzept &#8222;junge Leute aus der Region&#8220; ist es nicht, die Nachwuchsspieler im Kader, Dudda, Hien und Wille haben ebenso wie Titsch-Rivero noch keine Sekunde gespielt und es sieht derzeit nicht so aus, als baue Trainer Veh auf die Jugend. Das Konzept mit frischen Spielern, die sich im Trikot der Eintracht noch beweisen wollen kann es auch nicht sein &#8211; Alvarez, Bell, Schmidt oder auch Hoffer scheinen derzeit nicht erste Wahl. Vielmehr schimmert eine Beliebigkeit durch, die keine klare Linie erkennen l\u00e4sst. Stand Gekas zun\u00e4chst auf der Verkaufsliste, so reichte ein einziges brauchbares Spiel (in Braunschweig) um ihn unverk\u00e4ulich scheinen zu lassen, blo\u00df um ihn ein paar Wochen sp\u00e4ter gegen ein ordentliches Angebot doch ziehen lassen zu wollen; wir sind gespannt, wie sich die Glasgow Rangers heute entscheiden. Unterdessen wird Trainer Veh nicht m\u00fcde, seiner Unzufriedenheit freien Lauf zu lassen. Mal haben wir nach etlichen Neuverpflichtungen dennoch nur 14 taugliche Spieler im Kader, mal ist der Rasen Ursach allen \u00dcbels und mal brauchen wir dieses oder jenes. \u00c4rmel hochkrempeln, trotz aller Widrigkeiten das Schiff klaglos im Kurs halten, Aufbruchstimmung erzeugen, Kampfansage gegen die Gegner &#8211; all dies sieht anders aus. Sicher, euphorisch kann die Saison 2011\/12 nach der vergangenen Halbserie nicht angegangen werden, aber die schleichende Gleichg\u00fcltigkeit gepaart mit Widerspr\u00fcchen oder Fragezeichen verhindert fraglos ein geschlossenes Auftreten mit nur einem Ziel: den sofortigen Wiederaufstieg. Sicher, die Verl\u00e4ngerung der Wechselfrist bis zum 31.August, nachdem in der zweiten Liga schon sechs Punktspiele absolviert wurden, ist f\u00fcr weniger solvente Vereine suboptimal &#8211; doch in der zweiten Liga sind 17 Vereine finanziell schw\u00e4cher aufgestellt als die Eintracht, deren Vorstandsvorsitzender Heribert Bruchhagen im Vorstand der DFL der Ausdehnung der Wechselfrist zugestimmt hat &#8211; damals davon ausgehend, dass die Eintracht erstklassig spielt.<\/p>\n<p style=\"text-align: justify;\">Die Fans der Eintracht aber pr\u00e4sentieren sich derzeit auch eher suboptimal. W\u00e4hrend auf der einen Seite die Fahne der Tradition und Vereinstreue hochgehalten wird und wechselwillige Spieler sich den Vorwurf des S\u00f6ldnertums gefallen lassen m\u00fcssen, so stehen mit Alex Meier und Benni K\u00f6hler ausgerechnet jene Spieler in der Kritik, die seit Jahren f\u00fcr die Eintracht spielen, die sich \u00f6ffentlich mit Aussagen zur\u00fcckhalten, die von jedem der nunmehr vier Trainer der vergangenen Jahren hochgelobt und mit Eins\u00e4tzen belohnt wurden und die auch in dieser Saison mit bisher erzielten acht Treffern die Garanten daf\u00fcr sind, dass die Eintracht in allen bisherigen Pflichtspielen unbesiegt geblieben ist. Wobei der Satz <em>stehen in der Kritik<\/em> viel zu milde bezeichnet, was sich tats\u00e4chlich im Stadion abspielt. Von niedertr\u00e4chtigen Beschimpfungen bis hin hin zu kollektiven Pfiffen ist alles dabei, um die Spieler zu destruieren, zu demotivieren und damit nicht nur die Spieler sondern die Mannschaft noch weiter von den Fans emotional zu entfremden, als dies ohnehin der Fall ist.<\/p>\n<p style=\"text-align: justify;\">Das ist befremdlich und besch\u00e4mend, all der Spirit, der unsere Kurve phasenweise ausgezeichnet hat und uns als Ausnahmekurve erscheinen lie\u00df, liegt mittlerweile schon derma\u00dfen lange zur\u00fcck, dass es einem vorkommt, wie die gute alte Zeit; damals als Du-Ri Cha oder Arie van Lent (was macht der eigentlich heute) trotz Schw\u00e4chen gefeiert wurden. Noch vor wenigen Jahren haben wir uns gefreut, als die Schalker den eigenen Mann Kevin Kuranyi ausgepfiffen haben, es schien den Gegner zu st\u00e4rken, uns, und heute sind wir keinen Deut besser.<\/p>\n<p style=\"text-align: justify;\">Die gro\u00dfen Fanvereinigungen, die Fan-und F\u00f6rderabteilung wie auch die Vertreter der Fanclubs halten sich zu den eigentlichen Fanthemen merklich bedeckt; weder zu den schlagzeilentr\u00e4chtigen Themen der letzten Wochen noch zu den Anfeindungen gegen\u00fcber Meier und K\u00f6hler \u00e4u\u00dferten sich Vertreter in \u00f6ffentlichen Stellungnahmen, bezogen Haltung oder versuchten gar, die Fans in Richtung Zusammenhalt zusammen zu schwei\u00dfen.<\/p>\n<p style=\"text-align: justify;\">So taumeln wir durch eine Saison, die auf Grund des Etats und den optionalen spielerischen M\u00f6glichkeiten durchaus mit einem Aufstieg enden kann &#8211; gleichwohl eine l\u00e4ngerfristige Planung nicht existent scheint. Weder werden von Seiten der sportlichen F\u00fchrung die Weichen f\u00fcr eine Zukunft gestellt, die auch Nackenschl\u00e4ge verkraften &#8211; dazu geh\u00f6rt auch eine Perspektive und Identifikationsangebote &#8211; noch schafft es die Fanszene mit all ihren herausragenden M\u00f6glichkeiten eine Geschlossenheit zu erzeugen, die sich allen Widrigkeiten zum Trotz in den Wind stellt, um gemeinsam mit der Mannschaft das gro\u00dfe Ziel zu erreichen, den Wiederaufstieg. Man verzettelt sich in Kleinkriegen, positioniert sich im eigenen Gruppeninteresse &#8211; wenn \u00fcberhaupt &#8211; und \u00fcberl\u00e4sst das Gebilde Eintracht Frankfurt mehr oder minder unkommentiert einem Schicksal, das von vielen Faktoren abh\u00e4ngig ist &#8211; blo\u00df allem Anschein nicht vom Willen derer, die Verantwortung daf\u00fcr tragen k\u00f6nnten, einen schlingernden Tanker mit klarem Kopf in den Hafen zu bringen.<\/p>\n<p style=\"text-align: justify;\">ngg_shortcode_0_placeholder<\/p>\n","protected":false},"excerpt":{"rendered":"<p>Es ist schon seltsam; vier langj\u00e4hrige Eintrachtler stehen nun gemeinsam im Kader des VfL Wolfsburg: Chris, Kyrgiakos, Ochs und Russ; mit Chris und Ochs sogar zwei ehemalige Spielf\u00fchrer. Daf\u00fcr tummeln sich nun bei der Eintracht die Ex-Gladbacher Anderson, Matmour und ab heute nachmittag wom\u00f6glich Idrissou.<\/p>\n","protected":false},"author":2,"featured_media":4433,"comment_status":"open","ping_status":"open","sticky":false,"template":"","format":"standard","meta":{"ngg_post_thumbnail":0,"footnotes":""},"categories":[9],"tags":[811,852,854,55,1823,225,853,850,851,848,849],"class_list":["post-4431","post","type-post","status-publish","format-standard","has-post-thumbnail","hentry","category-eintracht-frankfurt","tag-alex-meier","tag-anderson","tag-benni-kohler","tag-chris","tag-eintracht-frankfurt","tag-heribert-bruchhagen","tag-idrissou","tag-kyrgiakos","tag-matmour","tag-ochs","tag-russ","post-preview"],"_links":{"self":[{"href":"https:\/\/www.beveswelt.de\/index.php?rest_route=\/wp\/v2\/posts\/4431","targetHints":{"allow":["GET"]}}],"collection":[{"href":"https:\/\/www.beveswelt.de\/index.php?rest_route=\/wp\/v2\/posts"}],"about":[{"href":"https:\/\/www.beveswelt.de\/index.php?rest_route=\/wp\/v2\/types\/post"}],"author":[{"embeddable":true,"href":"https:\/\/www.beveswelt.de\/index.php?rest_route=\/wp\/v2\/users\/2"}],"replies":[{"embeddable":true,"href":"https:\/\/www.beveswelt.de\/index.php?rest_route=%2Fwp%2Fv2%2Fcomments&post=4431"}],"version-history":[{"count":5,"href":"https:\/\/www.beveswelt.de\/index.php?rest_route=\/wp\/v2\/posts\/4431\/revisions"}],"predecessor-version":[{"id":4437,"href":"https:\/\/www.beveswelt.de\/index.php?rest_route=\/wp\/v2\/posts\/4431\/revisions\/4437"}],"wp:featuredmedia":[{"embeddable":true,"href":"https:\/\/www.beveswelt.de\/index.php?rest_route=\/wp\/v2\/media\/4433"}],"wp:attachment":[{"href":"https:\/\/www.beveswelt.de\/index.php?rest_route=%2Fwp%2Fv2%2Fmedia&parent=4431"}],"wp:term":[{"taxonomy":"category","embeddable":true,"href":"https:\/\/www.beveswelt.de\/index.php?rest_route=%2Fwp%2Fv2%2Fcategories&post=4431"},{"taxonomy":"post_tag","embeddable":true,"href":"https:\/\/www.beveswelt.de\/index.php?rest_route=%2Fwp%2Fv2%2Ftags&post=4431"}],"curies":[{"name":"wp","href":"https:\/\/api.w.org\/{rel}","templated":true}]}}