{"id":4422,"date":"2011-08-25T11:02:34","date_gmt":"2011-08-25T09:02:34","guid":{"rendered":"http:\/\/www.beveswelt.de\/?p=4422"},"modified":"2011-08-25T11:04:04","modified_gmt":"2011-08-25T09:04:04","slug":"waldtribune","status":"publish","type":"post","link":"https:\/\/www.beveswelt.de\/?p=4422","title":{"rendered":"Waldtrib\u00fcne"},"content":{"rendered":"<p style=\"text-align: justify;\"><span style=\"font-family: Arial,serif;\"><span style=\"font-size: medium;\">Premiere der \u201eWaldtrib\u00fcne\u201c vor dem Spiel gegen Paderborn<\/span><\/span><\/p>\n<p style=\"text-align: justify;\"><span style=\"font-family: Arial,serif;\"><span style=\"font-size: small;\">Eine Premiere gibt es am Sonntag vor dem Heimspiel der Eintracht gegen den SC Paderborn: Unter dem Namen \u201eWaldtrib\u00fcne\u201c startet ein buntes Info- und Unterhaltungsprogramm f\u00fcr Besucher des Fu\u00dfballspiels. Neben Interviews, Infos und Historischem rund um den Spieltag werden auf der B\u00fchne Fans aus Frankfurt und aus Paderborn zu Gast sein.<!--more--> Weiterhin angesagt haben sich Heribert Bruchhagen, der Vorstandsvorsitzende der Eintracht Frankfurt Fu\u00dfball AG und der ehemalige Spieler Christoph Preu\u00df. F\u00fcr die \u201eWaldtrib\u00fcne\u201c verantwortlich zeichnet das <a href=\"http:\/\/www.eintracht-frankfurt-museum.de\/cms\/pages\/aktuelles.php\" target=\"_blank\">Eintracht Museum<\/a> mit Unterst\u00fctzung des <a href=\"http:\/\/www.fanprojekt-frankfurt.de\/\" target=\"_blank\">Fanprojekts Frankfurt<\/a> sowie der Fanbetreuung Eintracht Frankfurt. <\/span><\/span><\/p>\n<p style=\"text-align: justify;\"><span style=\"font-family: Arial,serif;\"><span style=\"font-size: small;\">Die B\u00fchne steht gegen\u00fcber dem Eintracht Frankfurt Museum und los geht\u00b4s am Sonntag, 28.08., um 12.15 Uhr.<\/span><\/span><\/p>\n","protected":false},"excerpt":{"rendered":"<p>Premiere der \u201eWaldtrib\u00fcne\u201c vor dem Spiel gegen Paderborn Eine Premiere gibt es am Sonntag vor dem Heimspiel der Eintracht gegen den SC Paderborn: Unter dem Namen \u201eWaldtrib\u00fcne\u201c startet ein buntes Info- und Unterhaltungsprogramm f\u00fcr Besucher des Fu\u00dfballspiels. Neben Interviews, Infos und Historischem rund um den Spieltag werden auf der B\u00fchne Fans aus Frankfurt und aus [&hellip;]<\/p>\n","protected":false},"author":2,"featured_media":4423,"comment_status":"open","ping_status":"open","sticky":false,"template":"","format":"standard","meta":{"ngg_post_thumbnail":0,"footnotes":""},"categories":[9],"tags":[109,135,847],"class_list":["post-4422","post","type-post","status-publish","format-standard","has-post-thumbnail","hentry","category-eintracht-frankfurt","tag-eintracht-frankfurt-museum","tag-fanprojekt","tag-waldtribune","post-preview"],"_links":{"self":[{"href":"https:\/\/www.beveswelt.de\/index.php?rest_route=\/wp\/v2\/posts\/4422","targetHints":{"allow":["GET"]}}],"collection":[{"href":"https:\/\/www.beveswelt.de\/index.php?rest_route=\/wp\/v2\/posts"}],"about":[{"href":"https:\/\/www.beveswelt.de\/index.php?rest_route=\/wp\/v2\/types\/post"}],"author":[{"embeddable":true,"href":"https:\/\/www.beveswelt.de\/index.php?rest_route=\/wp\/v2\/users\/2"}],"replies":[{"embeddable":true,"href":"https:\/\/www.beveswelt.de\/index.php?rest_route=%2Fwp%2Fv2%2Fcomments&post=4422"}],"version-history":[{"count":4,"href":"https:\/\/www.beveswelt.de\/index.php?rest_route=\/wp\/v2\/posts\/4422\/revisions"}],"predecessor-version":[{"id":4427,"href":"https:\/\/www.beveswelt.de\/index.php?rest_route=\/wp\/v2\/posts\/4422\/revisions\/4427"}],"wp:featuredmedia":[{"embeddable":true,"href":"https:\/\/www.beveswelt.de\/index.php?rest_route=\/wp\/v2\/media\/4423"}],"wp:attachment":[{"href":"https:\/\/www.beveswelt.de\/index.php?rest_route=%2Fwp%2Fv2%2Fmedia&parent=4422"}],"wp:term":[{"taxonomy":"category","embeddable":true,"href":"https:\/\/www.beveswelt.de\/index.php?rest_route=%2Fwp%2Fv2%2Fcategories&post=4422"},{"taxonomy":"post_tag","embeddable":true,"href":"https:\/\/www.beveswelt.de\/index.php?rest_route=%2Fwp%2Fv2%2Ftags&post=4422"}],"curies":[{"name":"wp","href":"https:\/\/api.w.org\/{rel}","templated":true}]}}