{"id":4388,"date":"2011-08-17T12:35:37","date_gmt":"2011-08-17T10:35:37","guid":{"rendered":"http:\/\/www.beveswelt.de\/?p=4388"},"modified":"2011-08-17T12:41:52","modified_gmt":"2011-08-17T10:41:52","slug":"nutzloses-wissen-ii","status":"publish","type":"post","link":"https:\/\/www.beveswelt.de\/?p=4388","title":{"rendered":"Nutzloses Wissen &#8211; II"},"content":{"rendered":"<p style=\"text-align: justify;\">Wusstet ihr schon &#8230;<!--more--><\/p>\n<p style=\"text-align: justify;\">ngg_shortcode_0_placeholder&#8230; dass Richad Kress der Spieler war, der als \u00e4ltester Spieler\u00a0 in der Bundesliga deb\u00fctierte? Bei seinem Einsatz am allerersten Spieltag der ersten Bundesliga-Saison am<a href=\"http:\/\/eintracht-archiv.de\/1963\/1963-08-24st.html\" target=\"_blank\"> 24. August 1963<\/a> war der Blitz von Horas 38 Jahre alt<\/p>\n<p style=\"text-align: justify;\">&#8230; dass kein Spieler bei seinem ersten Bundesligator \u00e4lter als Richard Kress war? Am <a href=\"http:\/\/eintracht-archiv.de\/1963\/1963-11-09st.html\" target=\"_blank\">9. November 1963<\/a> erzielte Kress in der 45. Minute den zwischenzeitlichen Ausgleich gegen Schalke im Alter von 38,5 Jahren &#8211; es war sein erster Treffer in der Bundesliga.<\/p>\n<p style=\"text-align: justify;\">&#8230; dass die erste rote Karte der Bundesligageschichte der Frankfurter Friedel Lutz erhielt? Feldverweise gab es zwar schon zu Oberligazeiten ebenso wie in der Bundesliga. Diese wurden seitens des Schiedsrichters m\u00fcndlich ausgesprochen. Gelbe bzw. rote Karten wurde erstmals bei der WM 1970 in Mexico eingef\u00fchrt. In der Bundesliga aber beschloss der DFB die Einf\u00fchrung erst im Herbst des gleichen Jahres. Und somit sah Lutz als erster rot &#8211; am 27. Spieltag gegen Braunschweig.<\/p>\n<p style=\"text-align: justify;\">&#8230; dass Marcel Titsch-Rivero die schnellste rote Karte der Bundesligahistorie erhielt? Exakt 43 Sekunden nach seiner Einwechslung im bislang letzten Bundesligaspiel der Eintracht am <a href=\"http:\/\/eintracht-archiv.de\/2010\/2011-05-14st.html\" target=\"_blank\">34. Spieltag<\/a> der vergangenen Saison sah Marcel rot. Eine umstrittene Entscheidung.<\/p>\n<p style=\"text-align: justify;\">&nbsp;<\/p>\n<p style=\"text-align: justify;\">Mit gro\u00dfem Dank an Uli Matheja f\u00fcr den Kickerausschnitt und erstklassige Information zum Thema<\/p>\n<p style=\"text-align: justify;\">&nbsp;<\/p>\n","protected":false},"excerpt":{"rendered":"<p>Wusstet ihr schon &#8230;<\/p>\n","protected":false},"author":2,"featured_media":4332,"comment_status":"open","ping_status":"open","sticky":false,"template":"","format":"standard","meta":{"ngg_post_thumbnail":0,"footnotes":""},"categories":[9],"tags":[167,322,835,834],"class_list":["post-4388","post","type-post","status-publish","format-standard","has-post-thumbnail","hentry","category-eintracht-frankfurt","tag-friedel-lutz","tag-marcel-titsch-rivero","tag-richrad-kress","tag-uli-matheja","post-preview"],"_links":{"self":[{"href":"https:\/\/www.beveswelt.de\/index.php?rest_route=\/wp\/v2\/posts\/4388","targetHints":{"allow":["GET"]}}],"collection":[{"href":"https:\/\/www.beveswelt.de\/index.php?rest_route=\/wp\/v2\/posts"}],"about":[{"href":"https:\/\/www.beveswelt.de\/index.php?rest_route=\/wp\/v2\/types\/post"}],"author":[{"embeddable":true,"href":"https:\/\/www.beveswelt.de\/index.php?rest_route=\/wp\/v2\/users\/2"}],"replies":[{"embeddable":true,"href":"https:\/\/www.beveswelt.de\/index.php?rest_route=%2Fwp%2Fv2%2Fcomments&post=4388"}],"version-history":[{"count":14,"href":"https:\/\/www.beveswelt.de\/index.php?rest_route=\/wp\/v2\/posts\/4388\/revisions"}],"predecessor-version":[{"id":4403,"href":"https:\/\/www.beveswelt.de\/index.php?rest_route=\/wp\/v2\/posts\/4388\/revisions\/4403"}],"wp:featuredmedia":[{"embeddable":true,"href":"https:\/\/www.beveswelt.de\/index.php?rest_route=\/wp\/v2\/media\/4332"}],"wp:attachment":[{"href":"https:\/\/www.beveswelt.de\/index.php?rest_route=%2Fwp%2Fv2%2Fmedia&parent=4388"}],"wp:term":[{"taxonomy":"category","embeddable":true,"href":"https:\/\/www.beveswelt.de\/index.php?rest_route=%2Fwp%2Fv2%2Fcategories&post=4388"},{"taxonomy":"post_tag","embeddable":true,"href":"https:\/\/www.beveswelt.de\/index.php?rest_route=%2Fwp%2Fv2%2Ftags&post=4388"}],"curies":[{"name":"wp","href":"https:\/\/api.w.org\/{rel}","templated":true}]}}