{"id":4321,"date":"2011-07-24T13:51:50","date_gmt":"2011-07-24T11:51:50","guid":{"rendered":"http:\/\/www.beveswelt.de\/?p=4321"},"modified":"2011-07-24T14:01:32","modified_gmt":"2011-07-24T12:01:32","slug":"was-tun-bei-permanenter-abwesenheit-des-daseins","status":"publish","type":"post","link":"https:\/\/www.beveswelt.de\/?p=4321","title":{"rendered":"Was tun bei permanenter Abwesenheit des Daseins?"},"content":{"rendered":"<p style=\"text-align: justify;\">Schon des \u00d6fteren bin ich daran vorbei gelaufen, am ehemaligen Polizeigef\u00e4ngnis Klapperfeld; auff\u00e4llig sind von au\u00dfen in erster Linie die Graffitis und Stra\u00dfenkunstbilder, die auch hier im <a href=\"http:\/\/www.beveswelt.de\/?p=3387\" target=\"_blank\">Blog <\/a>schon Beachtung fanden. Doch was steckt eigentlich derzeit hinter der Fassade?<!--more--><\/p>\n<p style=\"text-align: justify;\">Seit Ende April 2009 nutzt die Initiative <a href=\"http:\/\/www.klapperfeld.de\/de\/faites-votre-jeu.html\" target=\"_blank\">Faites votre jeu!<\/a> das Geb\u00e4ude als selbstverwaltetes Zentrum f\u00fcr die verschiedensten Veranstaltungen und Projekte und dokumentiert die Geschichte des Polizeigef\u00e4ngnisses in vielen Details. Erbaut im Jahr 1866 diente das Gef\u00e4ngnis noch bis 2001 als Abschiebeknast f\u00fcr politische Fl\u00fcchtlinge.<\/p>\n<p style=\"text-align: justify;\"><strong>Samstags zwischen 15 und 18 Uhr<\/strong> ist das Klapperfeld f\u00fcr die \u00d6ffentlichkeit zug\u00e4nglich &#8211; und zeigt auf, unter welchen die Bedingungen die Gefangenen hier gehaust haben m\u00fcssen. W\u00e4hrend nicht nur im Keller die Gefangenen der Weimarer Republik oder der NS-Zeit gehalten wurden, dienten die oberen Zellen zuletzt als Abschiebeknast. Eine Klosch\u00fcssel, ein Waschbecken und ein eisernes Bett, mehr gab es nicht in den winzig kleinen Zellen, deren W\u00e4nde von den Gefangenen beschrieben wurden; Zeichen von Menschen, die hier auf eine ungewisse Reise warten mussten. <em>Was tun bei permanenter Abwesenheit des Daseins<\/em> ist dort zu lesen &#8211; und es schn\u00fcrt einem den Magen zu, wenn der unbedarfte Besucher versucht, sich in den Moment als diese Worte geschrieben wurden hinein zu versetzen. Einige Pin-Up Girls h\u00e4ngen noch an den W\u00e4nden; Bilder der Sehnsucht derer, die sich nicht mehr als 15 Minuten am Tag drau\u00dfen bewegen durften &#8211; und ansonsten eingesperrt in den winzigen Zellen vegetierten. Wo m\u00f6gen sie jetzt sein, die Menschen, die wie wir alle mit gro\u00dfen Tr\u00e4umen in die Welt spazierten und irgendwann in Frankfurt Klapperfeld gelandet sind?<\/p>\n<p style=\"text-align: justify;\">D\u00fcsteres Zeugnis der finstersten Jahre zwischen 1933 und 1945 belegen die Informationen, die die Initiative <em>Faites votre Jeu<\/em> auf dem Rundgang im Keller angebracht hat; exemplarisch ein Auszug aus den <a href=\"http:\/\/www.klapperfeld.de\/de\/ausstellung\/fragmente-aus-der-geschichte-des-klapperfelds.html\" target=\"_blank\">Texten<\/a>:<\/p>\n<p style=\"text-align: justify;\"><strong><em>1942: Dramatische Zuspitzung der Haftbedingungen im Klapperfeld<\/em><\/strong><\/p>\n<p style=\"text-align: justify;\"><em>Insbesondere f\u00fcr die Jahre 1942 bis 1945 weisen diverse Quellen auf  besonders dramatische Zust\u00e4nde hin. Das Gef\u00e4ngnis war offenbar st\u00e4ndig  \u00fcberf\u00fcllt, was unter anderem auch darauf zur\u00fcckzuf\u00fchren ist, dass  H\u00e4ftlinge aus anderen St\u00e4dten f\u00fcr einige Zeit dort untergebracht wurden,  ehe sie weiter transportiert wurden. <\/em><br \/>\n<em>Ein Gef\u00e4ngnisarzt beschrieb  die Situation in einem Bericht vom Januar 1944 als so dramatisch, dass  er selbst die kurzzeitige Begehung als eine Zumutung empfand und  schlie\u00dflich drohte, seiner Besch\u00e4ftigung dort nicht mehr nachzugehen,  sollte keine \u00c4nderung eintreten.<\/em><br \/>\n<em>Die Zellen waren hoffnungslos  \u00fcberf\u00fcllt. Aus den K\u00fcbeln, die es anstelle von Toiletten gab, zog ein  unertr\u00e4glicher Gestank durch das ganze Haus, das Ungeziefer tummelte  sich und viele der H\u00e4ftlinge trugen nichts als Lumpen.<\/em><\/p>\n<p style=\"text-align: justify;\">Das ehemalige Gef\u00e4ngnis beherbergt unz\u00e4hlige d\u00fcstere Geschichten aus der Historie Frankfurts. Auf den <a href=\"http:\/\/www.klapperfeld.de\/\" target=\"_blank\">Internetseiten <\/a>der Initiative ist diese Historie dokumentiert, detaillierte Informationen sind aufgef\u00fchrt<em>; <\/em>auch das dazugeh\u00f6rige <a href=\"http:\/\/faitesvotrejeu.blogsport.de\/\" target=\"_blank\">Blog <\/a>informiert regelm\u00e4\u00dfig\u00a0 \u00fcber aktuelle Nachrichten. <a href=\"http:\/\/www.klapperfeld.de\/images\/stories\/Dokumentation_Dauerausstellung_Stand_September_2010_A4_web.pdf\" target=\"_blank\">Hier <\/a>k\u00f6nnt ihr euch eine Zusammenfassung der Dauerausstellung via PDF herunterladen, die Frankfurter Rundschau hat sich der Historie <a href=\"http:\/\/www.fr-online.de\/frankfurt\/spaete-aufklaerung\/-\/1472798\/8702186\/-\/\" target=\"_blank\">hier <\/a>angenommen, die FNP <a href=\"http:\/\/www.fnp.de\/fnp\/region\/lokales\/frankfurt\/wo-die-trostlosigkeit-zu-hause-ist_rmn01.c.8929116.de.html\" target=\"_blank\">hier<\/a>. Dort wird auch die weitere Nutzung des Geb\u00e4udes thematisiert. Der Leiter des Liegenschaftsamtes, Alfred Gangel, wird wie folgt zitiert: <em>Das alte Polizeigef\u00e4ngnis Klapperfeld ist hinsichtlich seiner Lage f\u00fcr  Investoren ein Sahnest\u00fcck, indessen nicht in puncto Architektur und  Bausubstanz. Beides aber muss im Prinzip erhalten bleiben, denn das  Zweckgeb\u00e4ude stehe unter Denkmalschutz &#8230; Das macht  die Immobilie gewiss schwerer vermittelbar.<\/em><\/p>\n<p style=\"text-align: justify;\">Sahnest\u00fcck<em>.<br \/>\n<\/em><\/p>\n<p style=\"text-align: justify;\">Im Blog der <a href=\"http:\/\/www.blog.visualizers.de\/?p=9625\" target=\"_blank\">Visualizers <\/a>k\u00f6nnt ihr euch Innenansichten des Klapperfelds anschauen; auch das <a href=\"http:\/\/stadtkindffm.wordpress.com\/?s=klapperfeld\" target=\"_blank\">StadtkindFFM<\/a> hat sich dem Thema schon gen\u00e4hert. Und hier kommen noch ein paar Fotos aus dem ehemaligen Polizeigef\u00e4ngnis Klapperfeld dazu:<\/p>\n<p style=\"text-align: justify;\">ngg_shortcode_0_placeholder<\/p>\n","protected":false},"excerpt":{"rendered":"<p>Schon des \u00d6fteren bin ich daran vorbei gelaufen, am ehemaligen Polizeigef\u00e4ngnis Klapperfeld; auff\u00e4llig sind von au\u00dfen in erster Linie die Graffitis und Stra\u00dfenkunstbilder, die auch hier im Blog schon Beachtung fanden. Doch was steckt eigentlich derzeit hinter der Fassade?<\/p>\n","protected":false},"author":2,"featured_media":4328,"comment_status":"open","ping_status":"open","sticky":false,"template":"","format":"standard","meta":{"ngg_post_thumbnail":0,"footnotes":""},"categories":[4],"tags":[827,1858,828],"class_list":["post-4321","post","type-post","status-publish","format-standard","has-post-thumbnail","hentry","category-frankfurt","tag-faites-votre-jeu","tag-klapperfeld","tag-polizeigefangnis","post-preview"],"_links":{"self":[{"href":"https:\/\/www.beveswelt.de\/index.php?rest_route=\/wp\/v2\/posts\/4321","targetHints":{"allow":["GET"]}}],"collection":[{"href":"https:\/\/www.beveswelt.de\/index.php?rest_route=\/wp\/v2\/posts"}],"about":[{"href":"https:\/\/www.beveswelt.de\/index.php?rest_route=\/wp\/v2\/types\/post"}],"author":[{"embeddable":true,"href":"https:\/\/www.beveswelt.de\/index.php?rest_route=\/wp\/v2\/users\/2"}],"replies":[{"embeddable":true,"href":"https:\/\/www.beveswelt.de\/index.php?rest_route=%2Fwp%2Fv2%2Fcomments&post=4321"}],"version-history":[{"count":7,"href":"https:\/\/www.beveswelt.de\/index.php?rest_route=\/wp\/v2\/posts\/4321\/revisions"}],"predecessor-version":[{"id":4330,"href":"https:\/\/www.beveswelt.de\/index.php?rest_route=\/wp\/v2\/posts\/4321\/revisions\/4330"}],"wp:featuredmedia":[{"embeddable":true,"href":"https:\/\/www.beveswelt.de\/index.php?rest_route=\/wp\/v2\/media\/4328"}],"wp:attachment":[{"href":"https:\/\/www.beveswelt.de\/index.php?rest_route=%2Fwp%2Fv2%2Fmedia&parent=4321"}],"wp:term":[{"taxonomy":"category","embeddable":true,"href":"https:\/\/www.beveswelt.de\/index.php?rest_route=%2Fwp%2Fv2%2Fcategories&post=4321"},{"taxonomy":"post_tag","embeddable":true,"href":"https:\/\/www.beveswelt.de\/index.php?rest_route=%2Fwp%2Fv2%2Ftags&post=4321"}],"curies":[{"name":"wp","href":"https:\/\/api.w.org\/{rel}","templated":true}]}}