{"id":4010,"date":"2011-05-10T17:09:16","date_gmt":"2011-05-10T15:09:16","guid":{"rendered":"http:\/\/www.beveswelt.de\/?p=4010"},"modified":"2011-05-10T22:17:39","modified_gmt":"2011-05-10T20:17:39","slug":"das-historische-museum-abriss-und-neubeginn","status":"publish","type":"post","link":"https:\/\/www.beveswelt.de\/?p=4010","title":{"rendered":"Das Historische Museum &#8211; Abriss und Neubeginn"},"content":{"rendered":"<p style=\"text-align: justify;\">W\u00e4hrend das Eintracht Museum in der Nacht der Museen trotz der Niederlage gegen K\u00f6ln und dem Frust allenthalben tapfer die Stellung hielt, wurde andernorts die Veranstaltung mit dem Beginn einer Abrissparty verkn\u00fcpft.<a title=\"Historisches Museum\" href=\"http:\/\/www.historisches-museum.frankfurt.de\/\" target=\"_blank\"> Das Historische Museum<\/a> am R\u00f6merberg wird dieser Tage abgerissen und einem Neubau weichen m\u00fcssen; nach dem Technischen Rathaus verschwindet also ein weiterer markanter Bau der sp\u00e4ten Nachkriegsjahre, in denen Waschbeton den Ton angegeben hatte. Karl der Gro\u00dfe, der seit 1973 vor dem Eingang Wache hielt, hat sich schon verkr\u00fcmelt.<\/p>\n<p style=\"text-align: justify;\">Es ist noch gar nicht so lange her, da habe ich hier die tolle Ausstellung der Fotos der gro\u00dfartigen Fotografin <a title=\"Abisag T\u00fcllmann\" href=\"http:\/\/www.historisches-museum.frankfurt.de\/index.php?article_id=106&amp;clang=0\" target=\"_blank\">Absiag T\u00fcllmann<\/a> gesehen. Das erste Mal allerdings bin ich Anfang der Siebziger mit meiner Grundschulklasse hier gewesen. Da war der <a title=\"Wikipedia\" href=\"http:\/\/de.wikipedia.org\/wiki\/Historisches_Museum_Frankfurt\" target=\"_blank\">Bau <\/a>nahezu neu. Und die Eintracht selbstverst\u00e4ndlich erstklassig.<!--more--><\/p>\n<p style=\"text-align: justify;\">Im Zuge der <a title=\"Abrissparty\" href=\"http:\/\/blog.historisches-museum-frankfurt.de\/?p=902\" target=\"_blank\">Abrissparty <\/a>wurde das Museum jetzt mit Graffitis verziert &#8211; \u00e4hnlich wie seinerzeit der alte Riederwald, Heimat der\u00a0 Eintracht &#8211; und ich frage mich, weshalb stets erst dann wenn der Abschied naht, die K\u00fcnstler mit den Spraydosen ran d\u00fcrfen. Hier gibt es ein paar Pics, wenn ihr diese und noch weit mehr in echt sehen wollt, haltet euch ran. Bald ist das Museum selbst <a title=\"FNP\" href=\"http:\/\/www.fnp.de\/fnp\/region\/hessen\/hintergrund-der-abriss-des-historischen-museums_rmn01.c.8893058.de.html\" target=\"_blank\">Geschichte<\/a>. Das erste Bild wurde vom Jugendladen Bornheim erarbeitet, wie es dem Blog des Historischen Museums zu entnehmen ist, wer die anderen K\u00fcnstler sind, entzieht sich meiner Kenntniss, vielleicht kann hier ja ein Leser weiter helfen.<\/p>\n<p style=\"text-align: justify;\">Film ab:<\/p>\n<p style=\"text-align: justify;\">ngg_shortcode_0_placeholder<\/p>\n","protected":false},"excerpt":{"rendered":"<p>W\u00e4hrend das Eintracht Museum in der Nacht der Museen trotz der Niederlage gegen K\u00f6ln und dem Frust allenthalben tapfer die Stellung hielt, wurde andernorts die Veranstaltung mit dem Beginn einer Abrissparty verkn\u00fcpft. Das Historische Museum am R\u00f6merberg wird dieser Tage abgerissen und einem Neubau weichen m\u00fcssen; nach dem Technischen Rathaus verschwindet also ein weiterer markanter [&hellip;]<\/p>\n","protected":false},"author":2,"featured_media":4011,"comment_status":"open","ping_status":"open","sticky":false,"template":"","format":"standard","meta":{"ngg_post_thumbnail":0,"footnotes":""},"categories":[4,10,12],"tags":[742,1827,739,741,1847],"class_list":["post-4010","post","type-post","status-publish","format-standard","has-post-thumbnail","hentry","category-frankfurt","category-photographie","category-wortwelt","tag-abisag-tullmann","tag-graffiti","tag-historisches-museum","tag-karl-der-grose","tag-streetart","post-preview"],"_links":{"self":[{"href":"https:\/\/www.beveswelt.de\/index.php?rest_route=\/wp\/v2\/posts\/4010","targetHints":{"allow":["GET"]}}],"collection":[{"href":"https:\/\/www.beveswelt.de\/index.php?rest_route=\/wp\/v2\/posts"}],"about":[{"href":"https:\/\/www.beveswelt.de\/index.php?rest_route=\/wp\/v2\/types\/post"}],"author":[{"embeddable":true,"href":"https:\/\/www.beveswelt.de\/index.php?rest_route=\/wp\/v2\/users\/2"}],"replies":[{"embeddable":true,"href":"https:\/\/www.beveswelt.de\/index.php?rest_route=%2Fwp%2Fv2%2Fcomments&post=4010"}],"version-history":[{"count":7,"href":"https:\/\/www.beveswelt.de\/index.php?rest_route=\/wp\/v2\/posts\/4010\/revisions"}],"predecessor-version":[{"id":4018,"href":"https:\/\/www.beveswelt.de\/index.php?rest_route=\/wp\/v2\/posts\/4010\/revisions\/4018"}],"wp:featuredmedia":[{"embeddable":true,"href":"https:\/\/www.beveswelt.de\/index.php?rest_route=\/wp\/v2\/media\/4011"}],"wp:attachment":[{"href":"https:\/\/www.beveswelt.de\/index.php?rest_route=%2Fwp%2Fv2%2Fmedia&parent=4010"}],"wp:term":[{"taxonomy":"category","embeddable":true,"href":"https:\/\/www.beveswelt.de\/index.php?rest_route=%2Fwp%2Fv2%2Fcategories&post=4010"},{"taxonomy":"post_tag","embeddable":true,"href":"https:\/\/www.beveswelt.de\/index.php?rest_route=%2Fwp%2Fv2%2Ftags&post=4010"}],"curies":[{"name":"wp","href":"https:\/\/api.w.org\/{rel}","templated":true}]}}