{"id":3694,"date":"2011-04-06T17:12:07","date_gmt":"2011-04-06T15:12:07","guid":{"rendered":"http:\/\/www.beveswelt.de\/?p=3694"},"modified":"2011-04-06T17:12:36","modified_gmt":"2011-04-06T15:12:36","slug":"der-schrein","status":"publish","type":"post","link":"https:\/\/www.beveswelt.de\/?p=3694","title":{"rendered":"Der Schrein"},"content":{"rendered":"<p style=\"text-align: justify;\">Es ist eine Geschichte, die erz\u00e4hlt werden muss &#8211; auch wenn sie nur bei Eintrachtlern und auch da nur bei einigen zu einem breitem Grinsen f\u00fchrte oder f\u00fchren wird. Als Friedhelm Funkel in seiner letzten Saison bei der Eintracht bei vielen Fans in Ungnade gefallen war, da wurden diejenigen, die nicht alles schlecht sahen was unter seiner \u00c4gide passierte, gerne als <em>Funkelschrein-Besitzer <\/em>bezeichnet. Unterstellt wurde eine Glorifizierung des Trainers und Kritiklosigkeit. Die Geschichte ist bekannt; Michael Skibbe wurde dessen Nachfolger, bescherte uns einige denkw\u00fcrdige Siege und eine noch denkw\u00fcrdigere Talfahrt, die ihm nach 18 Monaten den Job kostete. Christoph Daum \u00fcbernahm die Eintracht. Friedhelm Funkel aber ging zun\u00e4chst nach Berlin, um mit einer Hertha abzusteigen, die wohl nicht zu retten war. Nun trainiert er den VfL Bochum und schickt sich an, wom\u00f6glich zum sechsten Mal in die erste Liga aufzusteigen &#8211; nach einer durchwachsenen Startphase ist der VfL seit 16 Spielen ungeschlagen.<!--more--><\/p>\n<p style=\"text-align: justify;\">Als gefl\u00fcgeltes Wort hat sich dabei in den Internetforen oder Blogs in mancher Diskussion ein schlichtes <em>*polier* <\/em>entwickelt, was nichts anderes meint, als dem imagin\u00e4ren Schrein zu neuem Glanz zu verhelfen &#8211; <em>seht her, so schlecht kann der langj\u00e4hrige Eintracht-Trainer nicht gewesen sein<\/em>, eine Ansicht, die ich durchaus teile. Im End ist es so ein running &#8211; sagen wir: <em>Gag <\/em>geworden.<\/p>\n<p style=\"text-align: justify;\">Am Montag kehrte Friedhelm Funkel nach Frankfurt zur\u00fcck; der VfL Bochum spielte am Bornheimer Hang gegen den FSV Frankfurt und siegte mit 1:0. Wir aber hatten unser Fanclubtreffen im Backstage und konnten das Spiel auf der Leinwand verfolgen. Doch bevor es los ging, stellte Stefan zwei Kerzen auf den Tisch\u00a0 und kruschpelte ein Bild aus seinem Rucksack. Es war angerichtet. Und wir hielten uns nach genauerem Hinsehen die B\u00e4uche vor Lachen.<\/p>\n<p style=\"text-align: center;\">ngg_shortcode_0_placeholder<\/p>\n<p style=\"text-align: center;\">Dank an Suse f\u00fcr die Erstellung des Pics<\/p>\n","protected":false},"excerpt":{"rendered":"<p>Es ist eine Geschichte, die erz\u00e4hlt werden muss &#8211; auch wenn sie nur bei Eintrachtlern und auch da nur bei einigen zu einem breitem Grinsen f\u00fchrte oder f\u00fchren wird. Als Friedhelm Funkel in seiner letzten Saison bei der Eintracht bei vielen Fans in Ungnade gefallen war, da wurden diejenigen, die nicht alles schlecht sahen was [&hellip;]<\/p>\n","protected":false},"author":2,"featured_media":3698,"comment_status":"open","ping_status":"open","sticky":false,"template":"","format":"standard","meta":{"ngg_post_thumbnail":0,"footnotes":""},"categories":[9],"tags":[680,168],"class_list":["post-3694","post","type-post","status-publish","format-standard","has-post-thumbnail","hentry","category-eintracht-frankfurt","tag-backstage","tag-friedhelm-funkel","post-preview"],"_links":{"self":[{"href":"https:\/\/www.beveswelt.de\/index.php?rest_route=\/wp\/v2\/posts\/3694","targetHints":{"allow":["GET"]}}],"collection":[{"href":"https:\/\/www.beveswelt.de\/index.php?rest_route=\/wp\/v2\/posts"}],"about":[{"href":"https:\/\/www.beveswelt.de\/index.php?rest_route=\/wp\/v2\/types\/post"}],"author":[{"embeddable":true,"href":"https:\/\/www.beveswelt.de\/index.php?rest_route=\/wp\/v2\/users\/2"}],"replies":[{"embeddable":true,"href":"https:\/\/www.beveswelt.de\/index.php?rest_route=%2Fwp%2Fv2%2Fcomments&post=3694"}],"version-history":[{"count":5,"href":"https:\/\/www.beveswelt.de\/index.php?rest_route=\/wp\/v2\/posts\/3694\/revisions"}],"predecessor-version":[{"id":3701,"href":"https:\/\/www.beveswelt.de\/index.php?rest_route=\/wp\/v2\/posts\/3694\/revisions\/3701"}],"wp:featuredmedia":[{"embeddable":true,"href":"https:\/\/www.beveswelt.de\/index.php?rest_route=\/wp\/v2\/media\/3698"}],"wp:attachment":[{"href":"https:\/\/www.beveswelt.de\/index.php?rest_route=%2Fwp%2Fv2%2Fmedia&parent=3694"}],"wp:term":[{"taxonomy":"category","embeddable":true,"href":"https:\/\/www.beveswelt.de\/index.php?rest_route=%2Fwp%2Fv2%2Fcategories&post=3694"},{"taxonomy":"post_tag","embeddable":true,"href":"https:\/\/www.beveswelt.de\/index.php?rest_route=%2Fwp%2Fv2%2Ftags&post=3694"}],"curies":[{"name":"wp","href":"https:\/\/api.w.org\/{rel}","templated":true}]}}