{"id":3487,"date":"2011-03-15T15:34:12","date_gmt":"2011-03-15T14:34:12","guid":{"rendered":"http:\/\/www.beveswelt.de\/?p=3487"},"modified":"2011-03-17T10:23:25","modified_gmt":"2011-03-17T09:23:25","slug":"atomkraft-darauf-einen-aperol","status":"publish","type":"post","link":"https:\/\/www.beveswelt.de\/?p=3487","title":{"rendered":"Atomkraft? Darauf einen Aperol."},"content":{"rendered":"<p style=\"text-align: justify;\">ngg_shortcode_0_placeholderPia meinte neulich, dass (wenn es nicht so grausam w\u00e4re) die Schlagzeilen der Katastrophe in Japan auch auch auf die Eintracht zutreffen k\u00f6nnten. Und tats\u00e4chlich, selbst auf die Schnelle finden sich die \u00dcberschriften. <a title=\"Katastrophe\" href=\"http:\/\/www.spiegel.de\/politik\/ausland\/0,1518,750961,00.html\" target=\"_blank\">Hier<\/a>, <a title=\"Trainerwechsel\" href=\"http:\/\/www.spiegel.de\/wissenschaft\/natur\/0,1518,750946,00.html\" target=\"_blank\">hier <\/a>und <a title=\"Abstieg\" href=\"http:\/\/www.fr-online.de\/panorama\/fotostrecken-panorama\/-\/1473594\/8147676\/-\/index.html\" target=\"_blank\">hier <\/a>k\u00f6nnte es auch um die Eintracht gehen.<\/p>\n<p style=\"text-align: justify;\">Das Sch\u00f6ne ist ja: Japan ist weit weg. Da l\u00e4sst sichs trefflich leben. Doch im Gegensatz zur Guttenbergdebatte fehlen erstaunlicherweise die Facebookaktionen der Kernkraftbef\u00fcrworter; so ein sattes <em>Fukushima- I like<\/em> gepaart mit einem <em>Kopfhochjungsdaswirdschonwieder<\/em> und<em> bei uns kommt der Strom aus der Steckdose<\/em>, das h\u00e4tte doch was. <strong>Jetzt <\/strong>f\u00fcr Kernenergie demonstrieren, das w\u00fcrde mir Respekt abn\u00f6tigen. So aber bin ich abermals ersch\u00fcttert (wenn man das so salopp sagen darf) \u00fcber den gnadenlosen Populismus unserer Volksvertreter. Wenns drauf ankommt, ziehen sie den Schwanz ein. <em>Atomkraft ist jetzt doch irgendwie gef\u00e4hrlich<\/em>. Mach Dinger. Das Tragische ist sicherlich das Desaster in Japan; das Tr\u00fcbe jedoch die Augenscheinlichkeit der bigotten Verlogenheit der M\u00e4chtigen. Und wir? Wir sind in der Masse einfach nur doof. Ehrlich, das Bremsen vor dem Zebrastreifen lohnt nicht mehr. Fr\u00fcher hatten wir Angst vor Amokl\u00e4ufen, heute bin ich mir da gar nicht mal so sicher. Nat\u00fcrlich nicht, solange man nicht selbst zum Opfer wird. Hie\u00df es fr\u00fcher noch:<em> Ohje die armen Kinder<\/em>, folgt doch heute der Reflex: Oh, dann kommt der kleine Alfred ja in eine kleinere Klasse, wir hatten schon \u00fcberlegt, ihn in eine Privatschule zu schicken.<!--more--><\/p>\n<p style=\"text-align: justify;\">Vor zehn Jahren habe ich mal auf einem Flohmarkt einen dieser gelben Aufkleber gekauft &#8211; damals dachte ich, ich h\u00e4tte den letzten seiner Art erwischt &#8211; heute radeln selbst Achtj\u00e4hrige mit der gelben Sonne durch alternative Stadtteile, die im Grunde gar nicht mehr alternativ sind, sondern kernsaniert und teuer. Sa\u00dfen wir fr\u00fcher in dicken Jacken auf Bierb\u00e4nken und tranken Apfelwein, so gl\u00fcht heute bei 20\u00b0 mindestens ein Heizpilz w\u00e4hrend die H\u00e4lfte der Getr\u00e4nke kaum aussprechbar ist und Bierb\u00e4nke nicht mehr ins Stadtbild passen. Das ist urbane Lebensqualit\u00e4t. Da sitzen Menschen, die nehmen ungeniert das Wort <em>\u00c4ppler <\/em>in den Mund und friemeln ein s\u00fcndhaft teures Telefon aus der Jacke, als gelte es sich die Notwendigkeit des Besitzes unter Beweis zu stellen, wenn man sie nach dem Weg fragt. Fr\u00fcher wusste man so etwas. Und dann kommt einer der meistgeh\u00f6rten S\u00e4tze der letzten Jahre: <em>Oh, mein Akku ist leer<\/em>. Ich sage dann immer: <em>Das sehe ich. Und bei deinem Handy?<\/em><\/p>\n<p style=\"text-align: justify;\">W\u00e4hrend sich also die Sensiblen furchtbar um die Opfer des Tsunamis gr\u00e4men, die empfindlichen Frankfurter wenigstens um das Schicksal der Eintracht besorgt sind, so werden im Frankfurter Nordend Debatten um das Verhalten von M\u00fctter und Kinder in Caf\u00e9s gef\u00fchrt. Bei einem Aperol; so eine Art 1899 Hoffenheim unter den Getr\u00e4nken. Das ist die Folge der Gentrifizierung, v\u00f6llige Selbstverst\u00e4ndlichkeiten werden durch einst politische Bl\u00e4tter wie die Rundschau aufgeblasen und das Kommentarvolk m\u00fcllt das ganze Internet mit Worten zu. Mit dem Laptop im Caf\u00e9, wof\u00fcr Ruhe gebraucht wird. Das sind die gleichen Leute, die in den sch\u00f6nen Altbauwohnungen wohnen, daf\u00fcr 2000 Euro Miete bezahlen und sich wundern, dass sich das Viertel \u00e4ndert. <em>Die sehen ja alle aus wie ich.<\/em><\/p>\n<p style=\"text-align: justify;\">Jeder hat eine Meinung, das war schon immer so, heute aber kann man sich vor lauter Meinung aber gar nicht mehr wehren. Nehmen wir doch mal die Debatte um das <a title=\"FR\" href=\"http:\/\/www.fr-online.de\/frankfurt\/kinder-sind-hier-unerwuenscht\/-\/1472798\/7606174\/-\/index.html\" target=\"_blank\">Caf\u00e9 Sahnesteif,<\/a> im Frankfurter Nordend, welches scheinbar aus gegebenem Anlass auf einem Zettel dezent darauf hinwies, dass sich Eltern um \u00fcbertrieben tobenden Nachwuchs k\u00fcmmern m\u00f6gen. Klar, Kinder m\u00fcssen die Grenzen gesetzt bekommt, die man als Erwachsener \u00fcberschreitet &#8211; wenn niemand mehr guckt. Bevor man es jeden Tag drei Mal sagen muss, h\u00e4ngt man halt einen Zettel auf. Im Ergebnis l\u00e4sst sich sagen, dass Erwachsene mit Kindern mehr Verst\u00e4ndnis f\u00fcr Erwachsene mit Kindern entwickeln als Erwachsene ohne Kinder &#8211; aber dennoch die meisten der Ansicht sind, dass Kinder nicht auf Marmorkuchen gewickelt werden sollen. Bahnbrechende Erkenntnisse. Weiter scheint es so, dass Kinderfreinazis jetzt erst recht ins Caf\u00e9 gehen und Kinderhabnazis den Laden boykottieren wollen. Doch man wei\u00df ja, was von solchen Ank\u00fcndigungen zu halten ist: Im End werden die gleichen Leute kommen, wie vorher auch. Es wird sich nichts \u00e4ndern. Dazu gibt es immer solche, die auf Grund eines einfachen Zettels mit einem gutgemeintem Hinweis einen Aufruf zum <a title=\"Kreisch\" href=\"http:\/\/www.kinderzeugs.de\/20110309\/kinderverbot-in-frankfurter-cafe-sahnesteif\/\" target=\"_blank\">Kinderverbot <\/a>herauslesen und ganz hysterisch glauben, schlechte Menschen entdeckt zu haben. Solchen Leuten sage ich dann immer, dass Hitler ja auch mal klein war und man das nicht so pauschal sehen darf. Dann gucken sie ganz b\u00f6se. Auf der anderen Seite war man selbst ja auch mal jung &#8211; und hat sie gehasst, die Erwachsenen. Daran hat sich \u00fcbrigens bei mir bis heute nichts ge\u00e4ndert.<\/p>\n","protected":false},"excerpt":{"rendered":"<p>Pia meinte neulich, dass (wenn es nicht so grausam w\u00e4re) die Schlagzeilen der Katastrophe in Japan auch auch auf die Eintracht zutreffen k\u00f6nnten. Und tats\u00e4chlich, selbst auf die Schnelle finden sich die \u00dcberschriften. Hier, hier und hier k\u00f6nnte es auch um die Eintracht gehen. Das Sch\u00f6ne ist ja: Japan ist weit weg. Da l\u00e4sst sichs [&hellip;]<\/p>\n","protected":false},"author":2,"featured_media":0,"comment_status":"open","ping_status":"open","sticky":false,"template":"","format":"standard","meta":{"ngg_post_thumbnail":0,"footnotes":""},"categories":[12],"tags":[645,1853,382],"class_list":["post-3487","post","type-post","status-publish","format-standard","hentry","category-wortwelt","tag-aperol","tag-atomkraft","tag-nordend","post-preview"],"_links":{"self":[{"href":"https:\/\/www.beveswelt.de\/index.php?rest_route=\/wp\/v2\/posts\/3487","targetHints":{"allow":["GET"]}}],"collection":[{"href":"https:\/\/www.beveswelt.de\/index.php?rest_route=\/wp\/v2\/posts"}],"about":[{"href":"https:\/\/www.beveswelt.de\/index.php?rest_route=\/wp\/v2\/types\/post"}],"author":[{"embeddable":true,"href":"https:\/\/www.beveswelt.de\/index.php?rest_route=\/wp\/v2\/users\/2"}],"replies":[{"embeddable":true,"href":"https:\/\/www.beveswelt.de\/index.php?rest_route=%2Fwp%2Fv2%2Fcomments&post=3487"}],"version-history":[{"count":15,"href":"https:\/\/www.beveswelt.de\/index.php?rest_route=\/wp\/v2\/posts\/3487\/revisions"}],"predecessor-version":[{"id":3495,"href":"https:\/\/www.beveswelt.de\/index.php?rest_route=\/wp\/v2\/posts\/3487\/revisions\/3495"}],"wp:attachment":[{"href":"https:\/\/www.beveswelt.de\/index.php?rest_route=%2Fwp%2Fv2%2Fmedia&parent=3487"}],"wp:term":[{"taxonomy":"category","embeddable":true,"href":"https:\/\/www.beveswelt.de\/index.php?rest_route=%2Fwp%2Fv2%2Fcategories&post=3487"},{"taxonomy":"post_tag","embeddable":true,"href":"https:\/\/www.beveswelt.de\/index.php?rest_route=%2Fwp%2Fv2%2Ftags&post=3487"}],"curies":[{"name":"wp","href":"https:\/\/api.w.org\/{rel}","templated":true}]}}