{"id":3170,"date":"2011-02-28T19:42:35","date_gmt":"2011-02-28T18:42:35","guid":{"rendered":"http:\/\/www.beveswelt.de\/?p=3170"},"modified":"2011-03-02T11:21:29","modified_gmt":"2011-03-02T10:21:29","slug":"eintracht-frankfurt-trauert-um-michael-feick","status":"publish","type":"post","link":"https:\/\/www.beveswelt.de\/?p=3170","title":{"rendered":"Eintracht Frankfurt trauert um Michael Feick"},"content":{"rendered":"<p>ngg_shortcode_0_placeholder Eintracht Frankfurt trauert um seinen langj\u00e4hrigen Mitarbeiter, Kollegen  und Freund, Michael Feick, der am gestrigen Sonntagabend \u00fcberraschend  verstarb.<\/p>\n<p>Der Pressesprecher war siebeneinhalb Jahre f\u00fcr die Fu\u00dfball AG t\u00e4tig  und unter anderem verantwortlich f\u00fcr das Stadionmagazin. Als  Eintrachtfan hat er nicht einfach nur f\u00fcr den Verein gearbeitet, sondern  war mit voller Hingabe und Leidenschaft t\u00e4tig. <!--more-->Eintracht Frankfurt war  f\u00fcr Michael Feick eine Herzenssache, die er auch schon vor seiner  Anstellung freiberuflich begleitete. Im Kollegen- und Journalistenkreis  war er ein gesch\u00e4tzter Mensch, der eine gro\u00dfe L\u00fccke hinterlassen wird.  Michael Feick wurde 44 Jahre alt.<\/p>\n<p>Vorstand, Aufsichtsrat, Trainerteam, Spieler und Kollegen nehmen mit  tief empfundenem Dank Abschied von Michael Feick und dr\u00fccken seiner  Familie ihr aufrichtiges Beileid aus.<\/p>\n<p><a href=\"http:\/\/www.eintracht.de\/aktuell\/33699\/\" target=\"_blank\">ck_Eintracht Frankfurt<\/a><\/p>\n","protected":false},"excerpt":{"rendered":"<p>Eintracht Frankfurt trauert um seinen langj\u00e4hrigen Mitarbeiter, Kollegen und Freund, Michael Feick, der am gestrigen Sonntagabend \u00fcberraschend verstarb. Der Pressesprecher war siebeneinhalb Jahre f\u00fcr die Fu\u00dfball AG t\u00e4tig und unter anderem verantwortlich f\u00fcr das Stadionmagazin. Als Eintrachtfan hat er nicht einfach nur f\u00fcr den Verein gearbeitet, sondern war mit voller Hingabe und Leidenschaft t\u00e4tig.<\/p>\n","protected":false},"author":2,"featured_media":0,"comment_status":"open","ping_status":"open","sticky":false,"template":"","format":"standard","meta":{"ngg_post_thumbnail":0,"footnotes":""},"categories":[9],"tags":[1823,627],"class_list":["post-3170","post","type-post","status-publish","format-standard","hentry","category-eintracht-frankfurt","tag-eintracht-frankfurt","tag-michael-feick","post-preview"],"_links":{"self":[{"href":"https:\/\/www.beveswelt.de\/index.php?rest_route=\/wp\/v2\/posts\/3170","targetHints":{"allow":["GET"]}}],"collection":[{"href":"https:\/\/www.beveswelt.de\/index.php?rest_route=\/wp\/v2\/posts"}],"about":[{"href":"https:\/\/www.beveswelt.de\/index.php?rest_route=\/wp\/v2\/types\/post"}],"author":[{"embeddable":true,"href":"https:\/\/www.beveswelt.de\/index.php?rest_route=\/wp\/v2\/users\/2"}],"replies":[{"embeddable":true,"href":"https:\/\/www.beveswelt.de\/index.php?rest_route=%2Fwp%2Fv2%2Fcomments&post=3170"}],"version-history":[{"count":8,"href":"https:\/\/www.beveswelt.de\/index.php?rest_route=\/wp\/v2\/posts\/3170\/revisions"}],"predecessor-version":[{"id":3291,"href":"https:\/\/www.beveswelt.de\/index.php?rest_route=\/wp\/v2\/posts\/3170\/revisions\/3291"}],"wp:attachment":[{"href":"https:\/\/www.beveswelt.de\/index.php?rest_route=%2Fwp%2Fv2%2Fmedia&parent=3170"}],"wp:term":[{"taxonomy":"category","embeddable":true,"href":"https:\/\/www.beveswelt.de\/index.php?rest_route=%2Fwp%2Fv2%2Fcategories&post=3170"},{"taxonomy":"post_tag","embeddable":true,"href":"https:\/\/www.beveswelt.de\/index.php?rest_route=%2Fwp%2Fv2%2Ftags&post=3170"}],"curies":[{"name":"wp","href":"https:\/\/api.w.org\/{rel}","templated":true}]}}