{"id":16923,"date":"2025-01-27T10:51:23","date_gmt":"2025-01-27T09:51:23","guid":{"rendered":"https:\/\/www.beveswelt.de\/?p=16923"},"modified":"2025-01-27T18:15:55","modified_gmt":"2025-01-27T17:15:55","slug":"spurensuche-im-kz-osthofen","status":"publish","type":"post","link":"https:\/\/www.beveswelt.de\/?p=16923","title":{"rendered":"Spurensuche: Im KZ Osthofen"},"content":{"rendered":"<p>Die f\u00fcnfte Reihe der Spurensuche, die das Eintracht Museum gemeinsam mit der Fanbetreuung und dem Fritz Bauer Institut ins Leben gerufen hatte und sich vorwiegend mit der Eintracht in der NS-Zeit auseinandersetzt, f\u00fchrte uns am 25. Januar 2025 (Zwei Tage vor dem 80. Jahrestag der Befreiung von Auschwitz) ins ehemalige <a href=\"https:\/\/www.gedenkstaette-osthofen-rlp.de\/osthofen\/der-ort\/geschichte-des-lagers\" target=\"_blank\" rel=\"noopener\">KZ nach Osthofen.<\/a><\/p>\n<p><!--more--><\/p>\n<p>Nach z\u00e4hem Ringen mit der hiesigen Bev\u00f6lkerung, beherbergt die einstige Papierfabrik seit Mitte der 90-Jahre eine <a href=\"https:\/\/www.gedenkstaette-osthofen-rlp.de\/osthofen\/die-gedenkstaette\" target=\"_blank\" rel=\"noopener\">Gedenkst\u00e4tte<\/a>, die 2004 vollendet wurde. Osthofen, zwischen Mainz und Worms gelegen, damals im Voksstaat Hessen, war eines der ersten Konzentrationslager. Errichtet kurz nach der &#8222;Machtergreifung&#8220; 1933 hatte es bis Juli 1934 Bestand. 3.500 H\u00e4ftlinge durchlitten das Lager, fast alle waren politische Gefangene. Kommunisten, Sozialdemokraten, Gewerkschaftler. Auch viele <a href=\"https:\/\/www.gedenkstaette-osthofen-rlp.de\/osthofen\/der-ort\/die-haeftlinge\/juedische-haeftlinge\" target=\"_blank\" rel=\"noopener\">Juden<\/a>, die hier inhaftiert waren, engagierten sich politisch, andere wurden denunziert. Richard Kirn, ein Wormser Journalist, der auch \u00fcber die Eintracht berichtete, wurde im Januar 1934 hier eingesperrt &#8211; und leitete nach Kriegsende viele Jahre die Lokalredaktion der Frankfurter Neuen Presse.<\/p>\n<p>Die Verweildauer variierte zwischen einem Tag und mehreren Monaten, die Bedingungen waren hart. Die Namenslisten der H\u00e4ftlinge sind heute unvollst\u00e4ndig, sicher dokumentiert ist der Aufenthalt von acht Frauen, die jedoch das Lager vor Nachtanbruch verlassen durften. Gleichwohl ist im KZ Osthofen niemand verstorben, obgleich Misshandlung, Schikane und Folter auf der Tagesordung stand, auch die Ern\u00e4hrung war mangelhaft. Ein Drahtverhau, die sogenannte Arena, diente dazu, die H\u00e4ftlinge bis zur Ersch\u00f6pfung im Kreis laufen zu lassen. Bis zu 350 arme Seelen hausten gleichzeitig in der ehemaligen Lagerhalle, die noch heute feucht und eisigkalt ist. Die Reinigung der Latrinen oblag den j\u00fcdischen Gefangenen &#8211; mit Essgeschirr oder den blo\u00dfen H\u00e4nden, die Wachleute drangsalierten sie zudem und der Gestank isolierte sie von ihren Mitgefangenen, deren Antisemitismus jedoch oftmals keinen Grund brauchte.<\/p>\n<p>Lagerleiter war Karl D&#8217;Angelo, ein Osthofener Druckereibesitzer, der seine Arbeit ehrenamtlich verrichtete, sich selbst nicht die H\u00e4nde schmutzig machte (daf\u00fcr hatte er seine Leute) &#8211; und H\u00e4ftlinge auch f\u00fcr sich privat arbeiten lie\u00df. Einsch\u00fcchterung und Brechen des Widerstandes standen im Vordergrund, auch die regionalen Zeitungen berichtet damals (anders als bei Auschwitz) \u00fcber das Lager. Etliche H\u00e4ftlinge dachen bei der Entlassung, sie h\u00e4tten das Schlimmste hinter sich. Eine Einsch\u00e4tzung, von der wir heute wissen, dass sie ein fataler Irrtum war. Andere stellten in der Hoffnung, der Spuk habe bald ein Ende, ihren Widerstand ein, wurden vorsichtig<\/p>\n<p>Zwei Fluchtversuche sind sicher gegl\u00fcckt, <a href=\"https:\/\/de.wikipedia.org\/wiki\/Wilhelm_Vogel_(Widerstandsk%C3%A4mpfer)\" target=\"_blank\" rel=\"noopener\">Wilhelm Vogel<\/a>, Widerstandsk\u00e4mpfer aus Worms, schloss sich im Anschluss den Internationalen Brigaden an, k\u00e4mpfte im Spanischen B\u00fcrgerkrieg gegen Franco und \u00fcberlebte den B\u00fcrger- aber auch den Zweiten Weltkrieg. <a href=\"https:\/\/de.wikipedia.org\/wiki\/Max_Tschornicki\" target=\"_blank\" rel=\"noopener\">Max Tschornicki<\/a> , dessen Aufzeichnungen wom\u00f6glich die Grundlage f\u00fcr Anna Seghers Werk <a href=\"https:\/\/de.wikipedia.org\/wiki\/Das_siebte_Kreuz\" target=\"_blank\" rel=\"noopener\">&#8222;Das siebte Kreuz&#8220;<\/a> bildeten, starb 1945 wenige Tage vor der Befreiung Dachaus in einem Au\u00dfenlager.<\/p>\n<p>Nach Aufl\u00f6sung des KZ (die gr\u00f6\u00dfere Anlage in&nbsp; Dachau waren nunmehr in Betrieb) wurde das Gel\u00e4nde eine M\u00f6belfabrik, es beherbergte nach dem Krieg einen Recyclingshof und verfiel zusehends &#8211; bis ehemalige H\u00e4ftlinge 1972 vor Ort eine Gedenkstunde abhalten wollten: <em>\u201eIch kann mich noch gut daran erin\u00adnern, als wir hier vorm Tor standen und als Nestbe\u00adschmutzer beschimpft wurden\u201c, sagt Philipp Wahl, ehemaliger H\u00e4ftling des Konzentrationslagers Osthofen<\/em>.&#8220; 1978 wurde dem damaligen Besitzer abgerungen, eine Gedanktafel anbringen zu d\u00fcrfen. Erst 1982 begann der schleichende Prozess, das Lager als Gedenkst\u00e4tte zu etablieren &#8211; trotz des Widerstandes eines erheblichen Teils der Bev\u00f6lkerung, die in einer Nacht- und Nebelaktion einen zigmeterhohen Schornstein eigenh\u00e4ndig demontierte, um zu verhindern, dass er als KZ-Wahrzeichen wahrgenommen wird, obgleich hier kein Krematorium stand. Die Menschen sorgten sich um den Ruf des Ortes, um den Weinverkauf und wussten von nichts, nur dass es nicht so schlimm war, das wussten sie sicher. Aber es gab auch Unterst\u00fctzung in Osthofen und letztlich wurde <a href=\"https:\/\/www.gedenkstaette-osthofen-rlp.de\/osthofen\/die-gedenkstaette\/gedenkstaette-des-landes-rheinland-pfalz\/ausbau\" target=\"_blank\" rel=\"noopener\">mit der Er\u00f6ffnung der Dauerausstellung \u201eVerfolgung und Widerstand in Rheinland-Pfalz 1933-1945\u201c im Mai 2004 &#8230; auch der Ausbau des Hauptgeb\u00e4udes der Gedenkst\u00e4tte KZ Osthofen beendet.<\/a><\/p>\n<p>Sorgen wir also daf\u00fcr, dass sich die Verh\u00e4ltnisse nie wieder in Richtung Faschsimus bewegen. Es begann nicht mit Vernichtung, es begann mit der Ausschaltung der Widerworte und der Gleichschaltung, auch der Medien. Um es mit den Worten von Sonny zusagen: Bleibt hellh\u00f6rig.<\/p>\n","protected":false},"excerpt":{"rendered":"<p>Die f\u00fcnfte Reihe der Spurensuche, die das Eintracht Museum gemeinsam mit der Fanbetreuung und dem Fritz Bauer Institut ins Leben gerufen hatte und sich vorwiegend mit der Eintracht in der NS-Zeit auseinandersetzt, f\u00fchrte uns am 25. Januar 2025 (Zwei Tage vor dem 80. Jahrestag der Befreiung von Auschwitz) ins ehemalige KZ nach Osthofen.<\/p>\n","protected":false},"author":2,"featured_media":16925,"comment_status":"open","ping_status":"closed","sticky":false,"template":"","format":"standard","meta":{"ngg_post_thumbnail":0,"footnotes":""},"categories":[9,1964,12],"tags":[109,2256,2611,1954,2259],"class_list":["post-16923","post","type-post","status-publish","format-standard","has-post-thumbnail","hentry","category-eintracht-frankfurt","category-terezin-auschwitz","category-wortwelt","tag-eintracht-frankfurt-museum","tag-fanbetreuung","tag-kz-osthofen","tag-nie-wieder","tag-spurensuche","post-preview"],"_links":{"self":[{"href":"https:\/\/www.beveswelt.de\/index.php?rest_route=\/wp\/v2\/posts\/16923","targetHints":{"allow":["GET"]}}],"collection":[{"href":"https:\/\/www.beveswelt.de\/index.php?rest_route=\/wp\/v2\/posts"}],"about":[{"href":"https:\/\/www.beveswelt.de\/index.php?rest_route=\/wp\/v2\/types\/post"}],"author":[{"embeddable":true,"href":"https:\/\/www.beveswelt.de\/index.php?rest_route=\/wp\/v2\/users\/2"}],"replies":[{"embeddable":true,"href":"https:\/\/www.beveswelt.de\/index.php?rest_route=%2Fwp%2Fv2%2Fcomments&post=16923"}],"version-history":[{"count":9,"href":"https:\/\/www.beveswelt.de\/index.php?rest_route=\/wp\/v2\/posts\/16923\/revisions"}],"predecessor-version":[{"id":16934,"href":"https:\/\/www.beveswelt.de\/index.php?rest_route=\/wp\/v2\/posts\/16923\/revisions\/16934"}],"wp:featuredmedia":[{"embeddable":true,"href":"https:\/\/www.beveswelt.de\/index.php?rest_route=\/wp\/v2\/media\/16925"}],"wp:attachment":[{"href":"https:\/\/www.beveswelt.de\/index.php?rest_route=%2Fwp%2Fv2%2Fmedia&parent=16923"}],"wp:term":[{"taxonomy":"category","embeddable":true,"href":"https:\/\/www.beveswelt.de\/index.php?rest_route=%2Fwp%2Fv2%2Fcategories&post=16923"},{"taxonomy":"post_tag","embeddable":true,"href":"https:\/\/www.beveswelt.de\/index.php?rest_route=%2Fwp%2Fv2%2Ftags&post=16923"}],"curies":[{"name":"wp","href":"https:\/\/api.w.org\/{rel}","templated":true}]}}