{"id":16701,"date":"2024-07-26T11:36:08","date_gmt":"2024-07-26T09:36:08","guid":{"rendered":"https:\/\/www.beveswelt.de\/?p=16701"},"modified":"2024-07-26T11:56:48","modified_gmt":"2024-07-26T09:56:48","slug":"11-freunde-muessen-wir-sein","status":"publish","type":"post","link":"https:\/\/www.beveswelt.de\/?p=16701","title":{"rendered":"&#8222;11 Freunde m\u00fcssen wir sein&#8220;"},"content":{"rendered":"<p style=\"text-align: left;\">Ein freier Tag und die Sonne schien halbwegs &#8211; selten genug in diesen Zeiten. Fr\u00fch am Morgen schnappte ich meinen 125er Roller und durchschnitt Frankfurt Richtung Dietzenbach, besuchte meine Eltern und drehte mit meinem Vater eine Runde um die Felder. Langsam, die flinken Zeiten sind unwiderruflich vorbei und kommen nicht wieder. Auf dem R\u00fcckweg passierten wir ein Schild, welches auf spielende Kinder verweist. Das stand schon hier als ich auf Rollschuhen durch die Gegend gesaust bin. Verdammt lange her.<\/p>\n<p><!--more--><\/p>\n<p>Zur\u00fcck in Frankfurt zog ich im Schwimmbad der TG Bornheim ein paar Bahnen, das Fitnessstudio hat ja zwecks Renovierung bis Ende der Ferien geschlossen. <a href=\"https:\/\/www.beveswelt.de\/wp-content\/uploads\/2024\/07\/Frankfurt.jpg\"><img decoding=\"async\" class=\" wp-image-16706 alignright\" src=\"https:\/\/www.beveswelt.de\/wp-content\/uploads\/2024\/07\/Frankfurt.jpg\" alt=\"\" width=\"277\" height=\"208\" srcset=\"https:\/\/www.beveswelt.de\/wp-content\/uploads\/2024\/07\/Frankfurt.jpg 600w, https:\/\/www.beveswelt.de\/wp-content\/uploads\/2024\/07\/Frankfurt-300x225.jpg 300w\" sizes=\"(max-width: 277px) 100vw, 277px\" \/><\/a>Anschlie\u00dfend ging es hoch zum Goetheturm, winzig die Menschen unten im Caf\u00e9, weit der Blick \u00fcber Frankfurt. Meine vermeintliche Heimat. Aber nicht meine Liebe. Ob es woanders dauerhaft besser ist? Irgendetwas ist ja immer. Vielleicht w\u00fcrde mir etwas mehr Ruhe besser stehen. Aber woanders kennt man ja niemand. Doch was hei\u00dft schon kennen? Es bleibt nicht einfach, also versuchen wir, das Beste daraus zu machen Was immer das auch ist.<\/p>\n<p style=\"text-align: left;\">Nur wenige hundert Meter vom Goetheturm entfernt, befindet sich der Frankfurter S\u00fcdfriedhof &#8211; dort liegen neben anderen auch Bernd H\u00f6lzenbein und Gert Trinklein, deren Gr\u00e4ber ich suche. Ich frage eine \u00e4ltere Frau, die zuf\u00e4llig mit Holz bekannt war &#8211; und sie zeigt mir die ungef\u00e4hre Lage, sie ist sich jedoch nicht mehr ganz sicher. Gut, dass es die Eintracht-Museums-Gruppe gibt, Felix schickt mir den Standort, ich irre noch ein wenig durch die Reihen &#8211; dann finde ich die letzte Ruhest\u00e4tte der beiden Eintracht-Helden. Direkt nebeneinander. Trinklein hatte ich einmal interviewt, Holz dagegen ziemlich oft. Einmal wollte er sogar ein Foto mit mir. Der Weltmeister bat um ein Foto, das war schon irre. Damals trug ich ein wei\u00dfes Shirt. &#8222;Frankfurt&#8217;s Stolz, der Grabi und der Holz&#8220; stand darauf geschrieben. Mit Apostroph. Als ich ihn ein letztes Mal vor ein paar Jahren auf die B\u00fchne bitten wollte, zog er mich kurz bevor es losging zur Seite: <em>&#8222;Beve, nimm jemand anderen,&#8220;<\/em> raunte er mir&nbsp; zu &#8211; und ich ahnte, dass es ernst war. Statt seiner erkl\u00e4rte sich Ronny Borchers damals bereit. Das war der Anfang vom Ende.<\/p>\n<p><a href=\"https:\/\/www.beveswelt.de\/wp-content\/uploads\/2024\/07\/Beide.jpg\"><img decoding=\"async\" class=\"wp-image-16704 alignleft\" src=\"https:\/\/www.beveswelt.de\/wp-content\/uploads\/2024\/07\/Beide.jpg\" alt=\"\" width=\"342\" height=\"256\" srcset=\"https:\/\/www.beveswelt.de\/wp-content\/uploads\/2024\/07\/Beide.jpg 600w, https:\/\/www.beveswelt.de\/wp-content\/uploads\/2024\/07\/Beide-300x225.jpg 300w\" sizes=\"(max-width: 342px) 100vw, 342px\" \/><\/a>H\u00f6lzenbein und Trinklein liegen nebeneinander, der eine mit frischen Blumen versorgt, der andere bewacht von Buddha. Genauer gesagt, sogar von zwei Buddhas. Auf der Bank dahinter zitiert eine aufgeschraubte Plakette Gert Trinklein: <em>&#8222;11 Freunde m\u00fcssen wir sein&#8220;<\/em>. Ob damals alle wohl wirklich Freunde waren? Zumindest sind zwei jetzt vereint, Grabis Grab liegt in Wiesbaden, Nickel, Kunter, Wienhold, M\u00fcller, Lorenz, Schaub &#8211; auch sie weilen alle nicht mehr unter uns. Es waren die fu\u00dfballerischen Helden meiner Kindheit und fr\u00fchen Jugend. Verdammt lange her.<\/p>\n<p>Seltsam mental beschwingt rolle ich am einstigen Henninger-Gel\u00e4nde vorbei, dort wo wir an der BP auf unseren n\u00e4chtlichen Touren Bier und Cola und Raider einkauften bevor es in die Frankfurter Nacht ging. Cruisend mit alten Daimlern oder Opel Rekords. Fahre vorbei an der alten Gro\u00dfmarkthalle, die jetzt die EZB beherbergt, vorbei an der einstiegen Feuerwache am Ostbahnhof, vorbei am einstigen Gew\u00f6lbekeller an der Ostparkstra\u00dfe, vorbei am Ostpark, wo ich als Knirps&nbsp; am dortigen Weiher ein Holzschiff an der Leine ins Wasser lie\u00df und mich fragte, weshalb erwachsene M\u00e4nner beim Spazierengehen immer die H\u00e4nde hinter dem R\u00fccken verschr\u00e4nken.<\/p>\n<p>Mein Ziel ist der Riederwald, dort wo Holz und Trinklein fr\u00fcher trainierten, wo Bernd Nickel einst wohnte. Das Gel\u00e4nde hat sich ver\u00e4ndert &#8211; wie so vieles, andere Menschen treiben Sport, verwalten oder verkaufen Merchandise im Fanshop. Heute hat die Eintracht ein ein neues Trikot vorgestellt, in Anlehnung an das nur einmal getragene orangene Infotec-Jersey aus der Saison 81\/82. Ich besitze nicht viele Trikots der Eintracht. Aber das gef\u00e4llt mir au\u00dferordentlich gut. L ist zu knapp aber XL passt. Wenig sp\u00e4ter verlasse ich nach einem Schw\u00e4tzchen den Fanshop. In der Hand mein neues Trikot in orange. Was habe ich geschimpft als die Eintracht einen rosa Schal im Angebot hatte, auch als die UF aufgerufen hatten, in orange nach Karlsruhe oder Bordeaux zu fahren verweigerte ich mich als Traditionalist. Aber an einem Tag wie heute, an dem die Vergangenheit so eigenartig bunt leuchtet, darf ich das. Und es sieht ja auch schick aus, oder?<\/p>\n<p><a href=\"https:\/\/www.beveswelt.de\/wp-content\/uploads\/2024\/07\/Beve.jpg\"><img decoding=\"async\" class=\"wp-image-16705 aligncenter\" src=\"https:\/\/www.beveswelt.de\/wp-content\/uploads\/2024\/07\/Beve.jpg\" alt=\"\" width=\"133\" height=\"177\" srcset=\"https:\/\/www.beveswelt.de\/wp-content\/uploads\/2024\/07\/Beve.jpg 450w, https:\/\/www.beveswelt.de\/wp-content\/uploads\/2024\/07\/Beve-225x300.jpg 225w\" sizes=\"(max-width: 133px) 100vw, 133px\" \/><\/a><\/p>\n<p>&nbsp;<\/p>\n","protected":false},"excerpt":{"rendered":"<p>Ein freier Tag und die Sonne schien halbwegs &#8211; selten genug in diesen Zeiten. Fr\u00fch am Morgen schnappte ich meinen 125er Roller und durchschnitt Frankfurt Richtung Dietzenbach, besuchte meine Eltern und drehte mit meinem Vater eine Runde um die Felder. Langsam, die flinken Zeiten sind unwiderruflich vorbei und kommen nicht wieder. Auf dem R\u00fcckweg passierten [&hellip;]<\/p>\n","protected":false},"author":2,"featured_media":16703,"comment_status":"open","ping_status":"closed","sticky":false,"template":"","format":"standard","meta":{"ngg_post_thumbnail":0,"footnotes":""},"categories":[9,4,10,12],"tags":[1218,2580,107,1823,1821,2581,2123,749,2579],"class_list":["post-16701","post","type-post","status-publish","format-standard","has-post-thumbnail","hentry","category-eintracht-frankfurt","category-frankfurt","category-photographie","category-wortwelt","tag-bernd-holzenbein","tag-dietzenbach","tag-eintracht","tag-eintracht-frankfurt","tag-frankfurt","tag-gert-trinklein","tag-goetheturm","tag-sudfriedhof","tag-vater","post-preview"],"_links":{"self":[{"href":"https:\/\/www.beveswelt.de\/index.php?rest_route=\/wp\/v2\/posts\/16701","targetHints":{"allow":["GET"]}}],"collection":[{"href":"https:\/\/www.beveswelt.de\/index.php?rest_route=\/wp\/v2\/posts"}],"about":[{"href":"https:\/\/www.beveswelt.de\/index.php?rest_route=\/wp\/v2\/types\/post"}],"author":[{"embeddable":true,"href":"https:\/\/www.beveswelt.de\/index.php?rest_route=\/wp\/v2\/users\/2"}],"replies":[{"embeddable":true,"href":"https:\/\/www.beveswelt.de\/index.php?rest_route=%2Fwp%2Fv2%2Fcomments&post=16701"}],"version-history":[{"count":19,"href":"https:\/\/www.beveswelt.de\/index.php?rest_route=\/wp\/v2\/posts\/16701\/revisions"}],"predecessor-version":[{"id":16726,"href":"https:\/\/www.beveswelt.de\/index.php?rest_route=\/wp\/v2\/posts\/16701\/revisions\/16726"}],"wp:featuredmedia":[{"embeddable":true,"href":"https:\/\/www.beveswelt.de\/index.php?rest_route=\/wp\/v2\/media\/16703"}],"wp:attachment":[{"href":"https:\/\/www.beveswelt.de\/index.php?rest_route=%2Fwp%2Fv2%2Fmedia&parent=16701"}],"wp:term":[{"taxonomy":"category","embeddable":true,"href":"https:\/\/www.beveswelt.de\/index.php?rest_route=%2Fwp%2Fv2%2Fcategories&post=16701"},{"taxonomy":"post_tag","embeddable":true,"href":"https:\/\/www.beveswelt.de\/index.php?rest_route=%2Fwp%2Fv2%2Ftags&post=16701"}],"curies":[{"name":"wp","href":"https:\/\/api.w.org\/{rel}","templated":true}]}}