{"id":16408,"date":"2024-04-16T22:32:06","date_gmt":"2024-04-16T20:32:06","guid":{"rendered":"https:\/\/www.beveswelt.de\/?p=16408"},"modified":"2024-04-16T22:49:43","modified_gmt":"2024-04-16T20:49:43","slug":"zum-tod-von-bernd-hoelzenbein","status":"publish","type":"post","link":"https:\/\/www.beveswelt.de\/?p=16408","title":{"rendered":"Zum Tod von Bernd H\u00f6lzenbein"},"content":{"rendered":"<p>2009 war Bernd H\u00f6lzenbein im Rahmen der Veranstaltungsreihe <em>Tradition zum Anfassen<\/em> im Eintracht Museum zu Gast. Es wurde ein gro\u00dfer Abend. Im alten Blog hatte ich damals ausf\u00fchrlich dar\u00fcber berichtet. Anl\u00e4sslich seines Todes am 15.04.2024 verlinke ich die Texte erneut. Ruhe in Frieden Holz. Und danke f\u00fcr Alles.<\/p>\n<p><!--more--><\/p>\n<p><a href=\"https:\/\/beverungen.blogspot.com\/2009\/10\/der-tag-als-bernd-holzenbein-im-museum.html?m=1\">Teil I<\/a><\/p>\n<p><a href=\"https:\/\/beverungen.blogspot.com\/2009\/10\/der-tag-als-bernd-holzenbein-im-museum_13.html?m=1\">Teil II<\/a><\/p>\n","protected":false},"excerpt":{"rendered":"<p>2009 war Bernd H\u00f6lzenbein im Rahmen der Veranstaltungsreihe Tradition zum Anfassen im Eintracht Museum zu Gast. Es wurde ein gro\u00dfer Abend. Im alten Blog hatte ich damals ausf\u00fchrlich dar\u00fcber berichtet. Anl\u00e4sslich seines Todes am 15.04.2024 verlinke ich die Texte erneut. Ruhe in Frieden Holz. Und danke f\u00fcr Alles.<\/p>\n","protected":false},"author":2,"featured_media":16409,"comment_status":"open","ping_status":"closed","sticky":false,"template":"","format":"standard","meta":{"ngg_post_thumbnail":0,"footnotes":""},"categories":[9],"tags":[1218,1823],"class_list":["post-16408","post","type-post","status-publish","format-standard","has-post-thumbnail","hentry","category-eintracht-frankfurt","tag-bernd-holzenbein","tag-eintracht-frankfurt","post-preview"],"_links":{"self":[{"href":"https:\/\/www.beveswelt.de\/index.php?rest_route=\/wp\/v2\/posts\/16408","targetHints":{"allow":["GET"]}}],"collection":[{"href":"https:\/\/www.beveswelt.de\/index.php?rest_route=\/wp\/v2\/posts"}],"about":[{"href":"https:\/\/www.beveswelt.de\/index.php?rest_route=\/wp\/v2\/types\/post"}],"author":[{"embeddable":true,"href":"https:\/\/www.beveswelt.de\/index.php?rest_route=\/wp\/v2\/users\/2"}],"replies":[{"embeddable":true,"href":"https:\/\/www.beveswelt.de\/index.php?rest_route=%2Fwp%2Fv2%2Fcomments&post=16408"}],"version-history":[{"count":4,"href":"https:\/\/www.beveswelt.de\/index.php?rest_route=\/wp\/v2\/posts\/16408\/revisions"}],"predecessor-version":[{"id":16415,"href":"https:\/\/www.beveswelt.de\/index.php?rest_route=\/wp\/v2\/posts\/16408\/revisions\/16415"}],"wp:featuredmedia":[{"embeddable":true,"href":"https:\/\/www.beveswelt.de\/index.php?rest_route=\/wp\/v2\/media\/16409"}],"wp:attachment":[{"href":"https:\/\/www.beveswelt.de\/index.php?rest_route=%2Fwp%2Fv2%2Fmedia&parent=16408"}],"wp:term":[{"taxonomy":"category","embeddable":true,"href":"https:\/\/www.beveswelt.de\/index.php?rest_route=%2Fwp%2Fv2%2Fcategories&post=16408"},{"taxonomy":"post_tag","embeddable":true,"href":"https:\/\/www.beveswelt.de\/index.php?rest_route=%2Fwp%2Fv2%2Ftags&post=16408"}],"curies":[{"name":"wp","href":"https:\/\/api.w.org\/{rel}","templated":true}]}}