{"id":16356,"date":"2024-04-05T16:53:53","date_gmt":"2024-04-05T14:53:53","guid":{"rendered":"https:\/\/www.beveswelt.de\/?p=16356"},"modified":"2024-07-07T11:49:19","modified_gmt":"2024-07-07T09:49:19","slug":"strassburg-feat-and-also-the-trees","status":"publish","type":"post","link":"https:\/\/www.beveswelt.de\/?p=16356","title":{"rendered":"Stra\u00dfburg &#8211; feat. And also the trees"},"content":{"rendered":"<p><a href=\"https:\/\/www.andalsothetrees.co.uk\/\" target=\"_blank\" rel=\"noopener\">And also the trees<\/a> ver\u00f6ffentlichten neulich ihr 14. Studioalbum, wenn man es genau nimmt, sogar ihr 16. <em>When the rains come<\/em> und <em>Driftwood<\/em> beinhalten im Grunde nahezu ausschlie\u00dflich akustische Versionen \u00e4lterer Songs &#8211; wie auch immer: <a href=\"https:\/\/www.andalsothetrees.co.uk\/shop\/and-also-the-trees-mother-of-pearl-moon-98zz7\" target=\"_blank\" rel=\"noopener\">Mother-of-pearl-moon<\/a> erblickte das Licht der Welt &#8211; und infolgedessen spielte die Band einige Konzerte in Birmingham, Belgien und Frankreich. Da ich bislang in Stra\u00dfburg nur bis zum Stadion gekommen bin, kauften wir kurzerhand zwei Tickets f\u00fcr das Konzert in <a href=\"https:\/\/www.artefact.org\/la-laiterie\/die-laiterie\" target=\"_blank\" rel=\"noopener\">La Laiterie<\/a> und buchten ein nahegelegenes g\u00fcnstiges Zimmer dazu.<\/p>\n<p><!--more--><\/p>\n<p>Bis zum Abreisetag war nicht ganz klar, ob wir das 49-Euro-Ticket oder den Dacia nehmen sollten, da die Reise mit der Bahn etliche Umstiege mit teils recht knappen Zeitkorridoren beinhaltete. So entschieden wir uns nach l\u00e4ngerer Zeit mal wieder f\u00fcr eine Fahrt mit unserem Auto und rollten einen Tag nach Ostern \u00fcber den Alleenring ans Nordwestkreuz und dann auf die A5. Mother-of-pearl-moon gab den Soundtrack f\u00fcr die Fahrt, unaufgeregter waren wir selten unterwegs. Wir passierten den <a href=\"https:\/\/www.hessenschau.de\/wirtschaft\/trotz-fragwuerdigem-erfolg-e-highway-auf-der-a5-ist-jetzt-noch-laenger-v1,e-highway-erweitert-100.html\" target=\"_blank\" rel=\"noopener\">E-Highway<\/a> auf der A5, rollten an Darmstadt, der Bergstra\u00dfe und Heidelberg vorbei, lie\u00dfen Karlsruhe rechts liegen und schon befuhren wir die Landstra\u00dfe Richtung Kehl und schafften es tats\u00e4chlich bis nach Stra\u00dfburg, das ich bis zum Verlassen des Landes nun konsequent Strasbourg schreiben werde, wie es die Franzosen seit jeher ebenfalls machen.<\/p>\n<p>Strasbourg empf\u00e4ngt dich zun\u00e4chst nicht mit offenen Armen, sperrige Geb\u00e4ude und eine gro\u00dfe Schneise f\u00fcr die&nbsp; Autos &#8211; so der erste Eindruck, der sich aber bald grundlegend \u00e4ndern wird. Der Check-in im Hotel Montagne Verte ist erst in ein paar Stunden m\u00f6glich, von daher geben wir kurz Bescheid, dass wir gelandet sind, lassen das Gep\u00e4ck im Dacia, den wir auf dem hoteleigenen Gel\u00e4nde parken k\u00f6nnen und brechen zu Fu\u00df auf in die Stadt. Da der direkte Zugang zur Ill durch ein Tor versperrt ist, m\u00fcssen wir das Hotel einmal weitl\u00e4ufig umrunden &#8211; direkt gegen\u00fcber ziehen die Autos auf der Autobahn ihrer Wege, gesch\u00fctzt der Fu\u00dfg\u00e4nger durch eine L\u00e4rmschutzwand, die sp\u00e4ter auch f\u00fcr ruhige N\u00e4chte sorgen wird. Wir spazieren durch eine Stra\u00dfe mit Tulpenbeeten und Altbauten, kaum ein PKW parkt hier, daf\u00fcr umso mehr Fahrr\u00e4der &#8211; es k\u00f6nnte eine Filmkulisse sein, das leise Rauschen der Autobahn und die Wand am Ende der Stra\u00dfe durchbrechen das Idyll. Wir landen an der R\u00fcckseite des Hotels, wo exakt der gleiche Wagen parkt, wie der unsrige &#8211; nur mit T\u00fcbinger Kennzeichen. Von dort f\u00fchrt ein Weg am Fluss Richtung Altstadt, Radfahrer sausen an uns vorbei. Gegen\u00fcber liegt das gro\u00dfe Krankenhausgel\u00e4nde, linker Hand das Museum f\u00fcr moderne Kunst und dahinter \u00f6ffnet sich die Altstadt, wir sehen die Kan\u00e4le des kleinen Frankreichs, la Petit France, das wir \u00fcber die gro\u00dfe Terrasse des <a href=\"https:\/\/www.visitstrasbourg.fr\/de\/fiche-sit\/F223005692_aussichsterrasse-des-vaubandamms-strasbourg\/\" target=\"_blank\" rel=\"noopener\">Vauban-Wehrs <\/a>erreichen.<\/p>\n<p>Patisseries, Boulangeries, Bistros, Souvenirsshops&nbsp; und Flammkuchen reihen sich in pittoresken H\u00e4uschen dicht an dicht, dazu Stra\u00dfennamen, die meist auf franz\u00f6sisch als auch auf deutsch ausgeschildert sind &#8211; das deutsch erinnert an eine Mischung aus jiddisch und odenw\u00e4lderisch &#8211; und es gibt sogar eine Stra\u00dfe der spielenden Kinder.<\/p>\n<p><a href=\"https:\/\/www.beveswelt.de\/wp-content\/uploads\/2024\/04\/1080x360.jpg\"><img decoding=\"async\" class=\"aligncenter size-full wp-image-16392\" src=\"https:\/\/www.beveswelt.de\/wp-content\/uploads\/2024\/04\/1080x360.jpg\" alt=\"\" width=\"1080\" height=\"360\" srcset=\"https:\/\/www.beveswelt.de\/wp-content\/uploads\/2024\/04\/1080x360.jpg 1080w, https:\/\/www.beveswelt.de\/wp-content\/uploads\/2024\/04\/1080x360-300x100.jpg 300w, https:\/\/www.beveswelt.de\/wp-content\/uploads\/2024\/04\/1080x360-700x233.jpg 700w, https:\/\/www.beveswelt.de\/wp-content\/uploads\/2024\/04\/1080x360-768x256.jpg 768w, https:\/\/www.beveswelt.de\/wp-content\/uploads\/2024\/04\/1080x360-676x225.jpg 676w\" sizes=\"(max-width: 1080px) 100vw, 1080px\" \/><\/a><\/p>\n<p>Wir durchschlendern die Gassen, die immer wieder mit Streetart verziert sind, bestaunen in Souvenirshops die feilgebotenen Pl\u00fcschbretzeln, trinken einen Caf\u00e9 im freundlichen Bretelles, werfen einen Blick in die Kathedrale und fragen uns wie immer, wie es vor hunderten von Jahren gelungen ist, solche Bauwerke ohne Strom zu errichten. Einerseits eine phantastische Leistung, andererseits f\u00fcr den Alltag auch ein bisschen \u00fcberdimensioniert. Wir bestaunen die mechanische Uhr, werden durch den M\u00fcnster-Fanshop geschleust und treiben weiter durch die Gassen und Pl\u00e4tze an Kan\u00e4len entlang. Ein Kind quietscht vergn\u00fcgt auf einer Schaukel am Place des Orphelins (Waisepl\u00e4tzel) in Krutenau. Durch das Krankenhausgel\u00e4nde gehend, wandern wir nach einem Caf\u00e9 am Kanal zur\u00fcck Richtung Hotel, die geglaubte Sternwarte entpuppt sich als Moschee, der Empfang im Montagne Verte ist freundlich, unser Zimmer ist klein aber sauber und vor unserem Erdgeschossfenster parkt der rote Dacia aus T\u00fcbingen. Und das Wappentier des Elsass ist der Storch.<\/p>\n<p>Abends sehen wir uns in unserer Ecke um. Hier gibt es alles. Die Filmkulissenstra\u00dfe Rue de Foulons, der Fluss, die Autobahn, Schreberg\u00e4rten, moderne Wohnh\u00e4user, einen Park am Kanal, die Eisenbahnlinie und eine Hauptstra\u00dfe an der die Stra\u00dfenbahn h\u00e4lt, die unter der Autobahnbr\u00fccke hindurchf\u00e4hrt, um an der Laiterie erneut zu halten. Faszinierend. Wir suchen eine Wirtschaft, welche eine extrem gute Bewertung auf Google aufweist, landen an einem Gartengel\u00e4nde nahe der Eisenbahn, entdecken einen kleinen Reifenhandel in No-mans-land und laufen retour. Das Navi beharrt darauf, dass wir den Platz erreicht haben, allein weit und breit kein Hinweis auf Speis und Trank. Wir wandern nochmal zur\u00fcck zum kleinen Reifenhandel am Gartengel\u00e4nde, ein paar M\u00e4nner stehe davor &#8211; und w\u00e4hrend wir noch irritiert umherblicken, \u00f6ffnet sich eine T\u00fcr und eine t\u00fcrkische Franz\u00f6sin bittet uns herein. Wir haben den abgelegensten Ort der Welt gefunden, wollen allerdings noch eine Runde drehen und versprechen, in einer Stunde wieder zu kommen. Und so kommt es auch, Wir durchschreiten den Tunnel, der an den Rand des angrenzenden Bahnhofsviertel f\u00fchrt &#8211; dort, wo die alte Molkerei heute eine Konzert-Location ist. Sie beherbergt zwei Konzertr\u00e4ume, im kleineren, der etwa 300 Leute fasst, werden morgen <em>And also the trees<\/em> spielen, eine Band, die mich seit \u00fcber 30 Jahren begleitet und von der ich mit Fug und Recht behaupten kann, dass sie meine &#8222;Lieblingsband&#8220; ist. Ein Fels in der Brandung in der sich wie irrsinnig geb\u00e4renden Welt.<\/p>\n<p><a href=\"https:\/\/www.beveswelt.de\/wp-content\/uploads\/2024\/04\/00.jpg\"><img decoding=\"async\" class=\"aligncenter size-full wp-image-16393\" src=\"https:\/\/www.beveswelt.de\/wp-content\/uploads\/2024\/04\/00.jpg\" alt=\"\" width=\"700\" height=\"568\" srcset=\"https:\/\/www.beveswelt.de\/wp-content\/uploads\/2024\/04\/00.jpg 700w, https:\/\/www.beveswelt.de\/wp-content\/uploads\/2024\/04\/00-300x243.jpg 300w, https:\/\/www.beveswelt.de\/wp-content\/uploads\/2024\/04\/00-676x549.jpg 676w\" sizes=\"(max-width: 700px) 100vw, 700px\" \/><\/a><\/p>\n<p>Das Essen in der Pita Night ist fantastisch, der Ort skurril. Einige wenige Tische stehen im Raum, der geschm\u00fcckt ist mit alten Bildern aus der T\u00fcrkei, dazu h\u00e4ngt ein alter Kassettenrecorder an der Wand, ebenso eine betagte Kamera. Die Menschen, die hier arbeiten, sind ausgesprochen freundlich, hie und da kommt jemand vorbei und holt sich sein Essen ab &#8211; in dieser Gastst\u00e4tte inmitten der Gleise und G\u00e4rten, auf die nichts, aber auch gar nichts hinweist. Die Nacht ist ruhig, nach einem Spaziergang durchs Viertel landen wir in der Koje, der 1. FC Kaiserslautern zieht ins Pokalfinale ein.<\/p>\n<p>Der folgende Morgen f\u00fchrt \u00fcberschaubares Wetter im Gep\u00e4ck, wir wandern erneut am Fluss entlang Richtung Altstadt und wechseln eine Br\u00fccke vorher die Seite, es ist keine 10 Uhr, die Tourist:innen schlafen noch, auch etliche L\u00e4den sind noch geschlossen. Nicht aber das Caf\u00e9 Bretelles &#8211; und es findet sich sogar im oberen Stockwerk ein Platz f\u00fcr uns. Ein Schild verweist darauf, dass am Wochenende hier keine Laptops erw\u00fcnscht sind. Wir freuen uns \u00fcber unser Fr\u00fchst\u00fcck, die Dielen knarzen, Milchkaffee f\u00fcr Pia, Tee f\u00fcr mich, Croissants, und frisches Baguette mit Marmelade, der Tag erwacht und wir nun mit ihm.<\/p>\n<p>\u00dcber den Place Kl\u00e9ber landen wir an der Stra\u00dfenbahnhaltestelle R\u00e9publique, besorgen uns eine Tageskarte und nehmen die moderne Tram in Richtung Robertsau und fahren am Europaparlament vorbei. Glasfassadenbauten f\u00fcr Glasfassadenmenschen. Aber Moment, was ist eigentlich mit Br\u00fcssel? Sitzen dort nicht die Abgeordneten? Richtig. Sowohl als auch. Und sie <a href=\"https:\/\/www.tagesschau.de\/ausland\/europaparlament-pendeln-bruessel-strassburg-101.html\" target=\"_blank\" rel=\"noopener\">pendeln<\/a>. Man glaubt es nicht, wof\u00fcr massig Geld vorhanden ist. Wir lassen Europa hinter uns und spazieren durch einen Park in Richtung H\u00f4tel Ch\u00e2teau de Pourtal\u00e8s. Ein Kumpel meinte, sie h\u00e4tten dort \u00fcbernachtet und ich war mir nicht ganz sicher, ob ich verschei\u00dfert werde. Aber im End ist die \u00dcbernachtung im Schlosshotel gar nicht mal so arg teuer. Und ganz schick.<\/p>\n<p>Wir wandern durch Park und Wohngebiet zur\u00fcck zur Station M\u00e9lanie, die auf Google zu einer Bewertung von 3,0 kommt, was M\u00e9lanie h\u00f6chstwahrscheinlich wenig juckt. Von dort bringt uns die Bahn Richtung Stadt, wo Pia aussteigt, w\u00e4hrend ich \u00fcber die Universit\u00e4t, Esplanade und Meinau-Stadion vorbei am &#8222;Baggersee&#8220; Richtung S\u00fcden und wieder retour gondel und bei nachlassendem Regen die Bahn am Kanal bei Gallia verlasse (4,4). Am M\u00fcnster treffen wir uns wieder, essen Bioburger und wandern f\u00fcr acht Euro die \u00fcber 330 Sandstein-Stufen der Kathedrale nach oben. Da es gerade aufklart, ist einerseits gute Sicht \u00fcber die D\u00e4cher der Stadt Richtung Elsass, Vogesen und Schwarzwald und andererseits wenig los. Im W\u00e4chterhaus sind noch zwei Laufr\u00e4der zu sehen, mit denen w\u00e4hrend des Baus die schweren Steine \u00fcber Seile nach ober gehievt wurden. Der R\u00fcckweg geht \u00fcbrigens flotter, als der Aufstieg. Wir drehen noch eine Runde durch Krutenau bis uns das B\u00e4hnchen B zur\u00fcck ins Hotel bringt. Zu Fu\u00df geht es abends in die Laiterie. And also the trees spielen im kleinen Club, im gro\u00dfen tritt <em>Terror<\/em> auf, eine vollt\u00e4towierte M\u00e4nnerkapelle mit rauem Gesang. Als Vorband der Trees fungiert Aeroflot, zwei Musiker die 30 Minuten lang <em>Triphoptronica mit Gesang aus der Luft <\/em>darbieten &#8211; ich bin nicht b\u00f6se, als eine knappe halbe Stunde sp\u00e4ter der Hauptact die B\u00fchne betritt und die rund 300 G\u00e4ste in Verz\u00fcckung bringt. Hie und da werden Handys gez\u00fcckt, im Gro\u00dfen und Ganzen h\u00e4lt sich die schlechte Angewohnheit des minutenlangen Filmens aber in Grenzen. Die Band um die Br\u00fcder Simon Huw und Justin Jones pr\u00e4sentieren vorwiegend Songs der letzten beiden Alben aber auch einige Klassiker wie Virus Meadow, Shantell Wallpaper Dying oder am Ende Slow Puls Boy &#8211; die 90 Minuten gehen wie so oft viel zu schnell vorbei, die Jungs gehen eine rauchen und wir ins Hotel &#8211; kaum angekommen, bricht schon die letzte Nacht an.<\/p>\n<p>Wir nutzen unser 24-Stunden-Ticket aus und rollen ein letztes Mal nach dem Auschecken Richtung Klein Frankreich, um zu fr\u00fchst\u00fccken, es regnet leicht &#8211; ein Zustand, der gef\u00fchlt seit Oktober anh\u00e4lt. Unseren Dacia k\u00f6nnen wir auf dem Parkplatz bis zur Abreise stehen lassen. Das ist nett und so rollen wir gegen 12 Uhr ein letztes Mal vom Hof, fahren gem\u00e4chlich auf die Autobahn in Richtung Hagenau und von dort nach Wissembourg. Es regnet ununterbrochen, die Wischer schwappen atemlos \u00fcber die Scheibe, aus den Lautsprechern pluggern wenig verwunderlich And also the trees. In Wissembourg selbst drehen wir eine Runde unter Regenschirmen, aber im trockenen Auto sind wir doch besser aufgehoben &#8211; und so geht es an Feldern voller Reben durch die s\u00fcdliche Pfalz, \u00fcber die Landstra\u00dfe und Worms stau-umfahrend Richtung B\u00fcrstadt, grau der Tag &#8211; bis wir unspektakul\u00e4r wieder in Frankfurt ankommen.<\/p>\n<p>So schnell ging das also? Aber sch\u00f6n war&#8217;s &#8211; und ein bisschen was erlebt haben wir auch. Das ist es ja, um das es geht: Erinnerungsw\u00fcrdige Momente sammeln. Merci Strasbourg, nous allons revenir.<\/p>\n<div id=\"metaslider-id-16358\" style=\"width: 100%;\" class=\"ml-slider-3-108-0 metaslider metaslider-nivo metaslider-16358 ml-slider has-dots-nav ms-theme-default\" role=\"region\" aria-label=\"Strasbourg\" data-height=\"525\" data-width=\"700\">\n    <div id=\"metaslider_container_16358\">\n        <div class='slider-wrapper theme-default'><div class='ribbon'><\/div><div id='metaslider_16358' class='nivoSlider'><img decoding=\"async\" src=\"https:\/\/www.beveswelt.de\/wp-content\/uploads\/2024\/04\/16.jpg\" height=\"525\" width=\"700\" title=\"16\" alt=\"\" class=\"slider-16358 slide-16375 msDefaultImage\" \/><img decoding=\"async\" src=\"https:\/\/www.beveswelt.de\/wp-content\/uploads\/2024\/04\/01.jpg\" height=\"525\" width=\"700\" title=\"01\" alt=\"\" class=\"slider-16358 slide-16376 msDefaultImage\" \/><img decoding=\"async\" src=\"https:\/\/www.beveswelt.de\/wp-content\/uploads\/2024\/04\/02-525x393.jpg\" height=\"525\" width=\"700\" title=\"02\" alt=\"\" class=\"slider-16358 slide-16377 msDefaultImage\" \/><img decoding=\"async\" src=\"https:\/\/www.beveswelt.de\/wp-content\/uploads\/2024\/04\/03-680x510.jpg\" height=\"525\" width=\"700\" title=\"03\" alt=\"\" class=\"slider-16358 slide-16378 msDefaultImage\" \/><img decoding=\"async\" src=\"https:\/\/www.beveswelt.de\/wp-content\/uploads\/2024\/04\/04.jpg\" height=\"525\" width=\"700\" title=\"04\" alt=\"\" class=\"slider-16358 slide-16379 msDefaultImage\" \/><img decoding=\"async\" src=\"https:\/\/www.beveswelt.de\/wp-content\/uploads\/2024\/04\/05-525x393.jpg\" height=\"525\" width=\"700\" title=\"05\" alt=\"\" class=\"slider-16358 slide-16380 msDefaultImage\" \/><img decoding=\"async\" src=\"https:\/\/www.beveswelt.de\/wp-content\/uploads\/2024\/04\/06-700x525.jpg\" height=\"525\" width=\"700\" title=\"06\" alt=\"\" class=\"slider-16358 slide-16381 msDefaultImage\" \/><img decoding=\"async\" src=\"https:\/\/www.beveswelt.de\/wp-content\/uploads\/2024\/04\/07.jpg\" height=\"525\" width=\"700\" title=\"07\" alt=\"\" class=\"slider-16358 slide-16382 msDefaultImage\" \/><img decoding=\"async\" src=\"https:\/\/www.beveswelt.de\/wp-content\/uploads\/2024\/04\/08-e1712305992817-525x393.jpg\" height=\"525\" width=\"700\" title=\"08\" alt=\"\" class=\"slider-16358 slide-16383 msDefaultImage\" \/><img decoding=\"async\" src=\"https:\/\/www.beveswelt.de\/wp-content\/uploads\/2024\/04\/09.jpg\" height=\"525\" width=\"700\" title=\"09\" alt=\"\" class=\"slider-16358 slide-16384 msDefaultImage\" \/><img decoding=\"async\" src=\"https:\/\/www.beveswelt.de\/wp-content\/uploads\/2024\/04\/10.jpg\" height=\"525\" width=\"700\" title=\"10\" alt=\"\" class=\"slider-16358 slide-16385 msDefaultImage\" \/><img decoding=\"async\" src=\"https:\/\/www.beveswelt.de\/wp-content\/uploads\/2024\/04\/11.jpg\" height=\"525\" width=\"700\" title=\"11\" alt=\"\" class=\"slider-16358 slide-16386 msDefaultImage\" \/><img decoding=\"async\" src=\"https:\/\/www.beveswelt.de\/wp-content\/uploads\/2024\/04\/12.jpg\" height=\"525\" width=\"700\" title=\"12\" alt=\"\" class=\"slider-16358 slide-16387 msDefaultImage\" \/><img decoding=\"async\" src=\"https:\/\/www.beveswelt.de\/wp-content\/uploads\/2024\/04\/13.jpg\" height=\"525\" width=\"700\" title=\"13\" alt=\"\" class=\"slider-16358 slide-16388 msDefaultImage\" \/><img decoding=\"async\" src=\"https:\/\/www.beveswelt.de\/wp-content\/uploads\/2024\/04\/14.jpg\" height=\"525\" width=\"700\" title=\"14\" alt=\"\" class=\"slider-16358 slide-16389 msDefaultImage\" \/><img decoding=\"async\" src=\"https:\/\/www.beveswelt.de\/wp-content\/uploads\/2024\/04\/15.jpg\" height=\"525\" width=\"700\" title=\"15\" alt=\"\" class=\"slider-16358 slide-16390 msDefaultImage\" \/><\/div><\/div>\n        \n    <\/div>\n<\/div>\n","protected":false},"excerpt":{"rendered":"<p>And also the trees ver\u00f6ffentlichten neulich ihr 14. Studioalbum, wenn man es genau nimmt, sogar ihr 16. When the rains come und Driftwood beinhalten im Grunde nahezu ausschlie\u00dflich akustische Versionen \u00e4lterer Songs &#8211; wie auch immer: Mother-of-pearl-moon erblickte das Licht der Welt &#8211; und infolgedessen spielte die Band einige Konzerte in Birmingham, Belgien und Frankreich. [&hellip;]<\/p>\n","protected":false},"author":2,"featured_media":16367,"comment_status":"open","ping_status":"closed","sticky":false,"template":"","format":"standard","meta":{"ngg_post_thumbnail":0,"footnotes":""},"categories":[10,2460,12],"tags":[29,1332,2549,2551,2550,413,2548,2553],"class_list":["post-16356","post","type-post","status-publish","format-standard","has-post-thumbnail","hentry","category-photographie","category-unterwegs","category-wortwelt","tag-and-also-the-trees","tag-dacia","tag-elsass","tag-frankreich","tag-la-laiterie","tag-pia","tag-strassburg","tag-wissembourg","post-preview"],"_links":{"self":[{"href":"https:\/\/www.beveswelt.de\/index.php?rest_route=\/wp\/v2\/posts\/16356","targetHints":{"allow":["GET"]}}],"collection":[{"href":"https:\/\/www.beveswelt.de\/index.php?rest_route=\/wp\/v2\/posts"}],"about":[{"href":"https:\/\/www.beveswelt.de\/index.php?rest_route=\/wp\/v2\/types\/post"}],"author":[{"embeddable":true,"href":"https:\/\/www.beveswelt.de\/index.php?rest_route=\/wp\/v2\/users\/2"}],"replies":[{"embeddable":true,"href":"https:\/\/www.beveswelt.de\/index.php?rest_route=%2Fwp%2Fv2%2Fcomments&post=16356"}],"version-history":[{"count":9,"href":"https:\/\/www.beveswelt.de\/index.php?rest_route=\/wp\/v2\/posts\/16356\/revisions"}],"predecessor-version":[{"id":16400,"href":"https:\/\/www.beveswelt.de\/index.php?rest_route=\/wp\/v2\/posts\/16356\/revisions\/16400"}],"wp:featuredmedia":[{"embeddable":true,"href":"https:\/\/www.beveswelt.de\/index.php?rest_route=\/wp\/v2\/media\/16367"}],"wp:attachment":[{"href":"https:\/\/www.beveswelt.de\/index.php?rest_route=%2Fwp%2Fv2%2Fmedia&parent=16356"}],"wp:term":[{"taxonomy":"category","embeddable":true,"href":"https:\/\/www.beveswelt.de\/index.php?rest_route=%2Fwp%2Fv2%2Fcategories&post=16356"},{"taxonomy":"post_tag","embeddable":true,"href":"https:\/\/www.beveswelt.de\/index.php?rest_route=%2Fwp%2Fv2%2Ftags&post=16356"}],"curies":[{"name":"wp","href":"https:\/\/api.w.org\/{rel}","templated":true}]}}