{"id":14834,"date":"2021-10-12T18:57:28","date_gmt":"2021-10-12T16:57:28","guid":{"rendered":"https:\/\/www.beveswelt.de\/?p=14834"},"modified":"2021-10-15T07:27:27","modified_gmt":"2021-10-15T05:27:27","slug":"buchenwald","status":"publish","type":"post","link":"https:\/\/www.beveswelt.de\/?p=14834","title":{"rendered":"Buchenwald"},"content":{"rendered":"<p>Die zweite gro\u00dfe Reise im Rahmen der Spurensuche, initiiert vom Eintracht Museum und der Fanbetreuung der Frankfurter Eintracht, f\u00fchrte uns nach Weimar sowie ins nahe gelegene ehemalige Konzentrationslager Buchenwald &#8211; in dem auch einige Eintrachtler inhaftiert waren, darunter Emil Stelzer, der im M\u00e4rz 1944 in Buchenwald umkam. Ein Stolperstein f\u00fcr ihn wurde in der Frankfurter Finkenhofstra\u00dfe verlegt.<\/p>\n<p><!--more--><\/p>\n<p>Ein gr\u00f6\u00dferer Reisebericht wird in den kommenden Tagen auf der Homepage der Eintracht publiziert, dazu erscheint er im n\u00e4chsten Eintracht Magazin. Sobald der Text online ist, werde ich ihn verlinken, und wenn das Heft in Druck gegangen ist, auch hier ver\u00f6ffentlichen. Bis dahin einige Bilder aus einem der Unorte des Nationalsozialismus.<\/p>\n<p>Teil 1:<\/p>\n<p>https:\/\/museum.eintracht.de\/news\/eine-reise-nach-weimar-und-buchenwald-136321<\/p>\n<p>Teil 2<\/p>\n<p>https:\/\/museum.eintracht.de\/news\/eine-reise-nach-weimar-und-buchenwald-tag-2-136349<\/p>\n<p>Nie wieder Faschismus. Nie wieder Krieg!<\/p>\nngg_shortcode_0_placeholder\n","protected":false},"excerpt":{"rendered":"<p>Die zweite gro\u00dfe Reise im Rahmen der Spurensuche, initiiert vom Eintracht Museum und der Fanbetreuung der Frankfurter Eintracht, f\u00fchrte uns nach Weimar sowie ins nahe gelegene ehemalige Konzentrationslager Buchenwald &#8211; in dem auch einige Eintrachtler inhaftiert waren, darunter Emil Stelzer, der im M\u00e4rz 1944 in Buchenwald umkam. Ein Stolperstein f\u00fcr ihn wurde in der Frankfurter [&hellip;]<\/p>\n","protected":false},"author":2,"featured_media":14835,"comment_status":"closed","ping_status":"closed","sticky":false,"template":"","format":"standard","meta":{"ngg_post_thumbnail":0,"footnotes":""},"categories":[10,1964],"tags":[1672,2400,1823,1069,1364,2401,2259,2402],"class_list":["post-14834","post","type-post","status-publish","format-standard","has-post-thumbnail","hentry","category-photographie","category-terezin-auschwitz","tag-auschwitz","tag-buchenwald","tag-eintracht-frankfurt","tag-emil-stelzer","tag-holocaust","tag-konzentrationslager","tag-spurensuche","tag-weimar","post-preview"],"_links":{"self":[{"href":"https:\/\/www.beveswelt.de\/index.php?rest_route=\/wp\/v2\/posts\/14834","targetHints":{"allow":["GET"]}}],"collection":[{"href":"https:\/\/www.beveswelt.de\/index.php?rest_route=\/wp\/v2\/posts"}],"about":[{"href":"https:\/\/www.beveswelt.de\/index.php?rest_route=\/wp\/v2\/types\/post"}],"author":[{"embeddable":true,"href":"https:\/\/www.beveswelt.de\/index.php?rest_route=\/wp\/v2\/users\/2"}],"replies":[{"embeddable":true,"href":"https:\/\/www.beveswelt.de\/index.php?rest_route=%2Fwp%2Fv2%2Fcomments&post=14834"}],"version-history":[{"count":7,"href":"https:\/\/www.beveswelt.de\/index.php?rest_route=\/wp\/v2\/posts\/14834\/revisions"}],"predecessor-version":[{"id":14855,"href":"https:\/\/www.beveswelt.de\/index.php?rest_route=\/wp\/v2\/posts\/14834\/revisions\/14855"}],"wp:featuredmedia":[{"embeddable":true,"href":"https:\/\/www.beveswelt.de\/index.php?rest_route=\/wp\/v2\/media\/14835"}],"wp:attachment":[{"href":"https:\/\/www.beveswelt.de\/index.php?rest_route=%2Fwp%2Fv2%2Fmedia&parent=14834"}],"wp:term":[{"taxonomy":"category","embeddable":true,"href":"https:\/\/www.beveswelt.de\/index.php?rest_route=%2Fwp%2Fv2%2Fcategories&post=14834"},{"taxonomy":"post_tag","embeddable":true,"href":"https:\/\/www.beveswelt.de\/index.php?rest_route=%2Fwp%2Fv2%2Ftags&post=14834"}],"curies":[{"name":"wp","href":"https:\/\/api.w.org\/{rel}","templated":true}]}}