{"id":14554,"date":"2020-11-15T09:28:10","date_gmt":"2020-11-15T08:28:10","guid":{"rendered":"https:\/\/www.beveswelt.de\/?p=14554"},"modified":"2020-11-15T10:15:02","modified_gmt":"2020-11-15T09:15:02","slug":"taunus-unterwegs","status":"publish","type":"post","link":"https:\/\/www.beveswelt.de\/?p=14554","title":{"rendered":"Taunus. Unterwegs."},"content":{"rendered":"<p>Es versprach ein sonniger Herbsttag zu werden, zumindest was das Wetter angeht. Zwei Alternativen standen parat. Einerseits den sogenannten &#8222;Querdenkern&#8220; Paroli bieten, die sich in Frankfurt zu einer Trotteldemonstration angemeldet hatten, andererseits wollte ich schon l\u00e4nger mal einen Rundweg durch den Wald bei Gr\u00e4venwiesbach laufen. Da wir keine gro\u00dfe Lust auf Menschenmassen und Wasserwerfer hatten, entscheiden wir uns f\u00fcr letzteres. Wie sich im Nachhinein herausstellte, keine schlechte Idee.<\/p>\n<p><!--more--><\/p>\n<p>In dem nunmehr nur noch antiquarisch erh\u00e4ltlichen B\u00fcchlein <a href=\"https:\/\/www.amazon.de\/Ausflug-den-Taunus-Sehensw%C3%BCrdigkeiten-Erholungsorte\/dp\/3797309511\/ref=sr_1_1?__mk_de_DE=%C3%85M%C3%85%C5%BD%C3%95%C3%91&amp;dchild=1&amp;keywords=der+ausflug+in+den+taunus&amp;qid=1605423688&amp;s=dvd&amp;sr=1-1\" target=\"_blank\" rel=\"noopener noreferrer\">Der Ausflug in den Taunus<\/a> hat Elvira Klein etliche Rundg\u00e4nge durch den Taunus zusammengestellt. Einer davon beginnt in Gr\u00e4venwiesbach und f\u00fchrt \u00fcber die Eschbacher Klippen zur\u00fcck zum Ausgangspunkt. Hei\u00dft es im B\u00fcchlein noch, dass parken am letzten Geb\u00e4ude des M\u00f6nchwegs, einer Schule, am Wochehende m\u00f6glich w\u00e4re, so ist dies heute nur noch bedingt richtig. Parken klappt zwar tadellos, doch schlie\u00dft sich nunmehr ein Neubaugebiet an der Astrid Lindgren Stra\u00dfe an. Zuvor versorgten wir uns in einer Wehrheimer Metzgerei noch mit Tagesproviant. Der Dacia \u00e4chzte sich die H\u00fcgel nach oben, die wenigen \u00dcberholm\u00f6glichkeiten wurde von den nachfolgenden Fahrzeugen redlich genutzt. <em>Help me down, help me down &#8211; Think I need some steady ground &#8211; Let me loose and hang around &#8211; In the corners of my heart <\/em>sangen <a href=\"https:\/\/www.youtube.com\/watch?v=jrloGLmeum8\" target=\"_blank\" rel=\"noopener noreferrer\">The Bronze Medal. <\/a>Manchmal geht es dem Dacia wie mir. Am Berg geht ihm die Puste aus, er ist leicht zerdellert &#8211; aber er kommt an. Und Musik funktioniert. <em><br \/>\n<\/em><\/p>\n<p>Vom Parkplatz an der Schule geht es hoch an den Waldrand, vorbei an ein paar einsamen H\u00e4usern, unten quert eine Bahntrasse. Ein letzter Blick ins Tal, dann geht es in den Wald. Hie und da gr\u00fc\u00dft ein Spazierg\u00e4nger, ansonsten ist es ruhig. Die ersten Meter f\u00fchren ordentlich nach oben, f\u00fcr den Mantel ist&#8217;s zu warm, die Fototasche eigentlich zu schwer. Zumal das Licht nicht sch\u00f6n zum fotografieren ist. Wir passieren die Meineidsbuche im Wald, ein Gedicht erinnert an einen m\u00e4chtigen Hirsch, der nach langem hin und her erst verfolgt, dann erlegt &#8211; und dann gestohlen wurde. Der Wald zeigt sich d\u00fcster herbstlich, noch h\u00e4ngen gelbe Bl\u00e4tter an den B\u00e4umen. Je weiter es nach oben geht zeigen sich lichte Stellen, ob ein Sturm daf\u00fcr verantwortlich war? Au\u00dfer dem ein oder anderen Mountainbiker begegnen wir keiner Menschenseele und da der Weg gut beschrieben ist, finden wir uns problemlos zurecht. Zumal Wegweiser immer wieder auf die Ortschaften der Umgebung verweisen. So sie die Dorfjugend nicht verstellt hat.<\/p>\n<p>Wir n\u00e4hern uns den Eschbacher Klippen und alsbald tauchen auch die ersten Wanderer aus Nebenwegen auf. Ein Schild zeigt, dass es noch knapp \u00fcber einen Kilometer bis zu den schroffen Felsen ist. Und kaum haben wir es gelesen, passieren wir den m\u00e4chtigen Kaiserin-Friedrich-Felsen, der von den B\u00e4umen fast verdeckt wird und landen am gut gef\u00fcllten Parkplatz an der Landstra\u00dfe, die wir \u00fcberqueren. Mit uns l\u00e4uft eine kleine Gruppe, zwei Jungs, zwei M\u00e4dels. Die jungen Frauen mit gepflegtem blonden Haar, die Jungs schleppen Taschen mit Fotoequipment. &#8222;Instatrottel&#8220;, wie Pia zu sagen pflegt. Nach ein paar Metern erreichen wir die Klippen. R\u00fcckw\u00e4rtig im Schatten wird in sonnigen Bereichen gepicknickt, Kinder mit Erdbeerm\u00fctzchen klettern \u00fcber die Felsen und die Instacrew sucht sich ein fotogenes Pl\u00e4tzchen. Wir kraxeln ein paar Meter die Steine nach oben und sitzen in der Sonne. Halbzeit.<\/p>\n<p>Als wir sp\u00e4ter den Felsen umrunden, treffen wir die Instagang wieder. Sch\u00f6n das F\u00fc\u00dfchen nach oben gezogen das M\u00e4dchen, der Bub jetzt in anderer Kleidung, werden sie fotografiert. Im Schatten &#8211; w\u00e4hrend auf der anderen Seite die Sonne den Fels in ein feines Licht taucht. Dort h\u00e4ngen Kletterer in den Seilen. Wir lassen sie dort h\u00e4ngen und wandern auf einem anderen Weg zur\u00fcck in den Wald, machen uns an Schautafeln \u00fcber die Waldameise schlau, sitzen auf einem schmalen Rentnerb\u00e4nkchen und landen nach einigen Kilometern an der Rentnerh\u00fctte mitten im Wald. 2008 von Eschbacher Rentnern erbaut, bietet die Holzh\u00fctte einen feinen Unterschlupf mit Sitzkissen und Fotos der Rentner, die sich 1982 zusammengeschlossen hatten &#8211; und bis heute ihren Treffpunkt im Wald haben. Sogar Flaschen\u00f6ffner h\u00e4ngen in der H\u00fctte. F\u00fcr die Kids liegt ein in Folie verpacktes Buch in einem Eimer. Wir h\u00e4tten fast die Schuhe beim Betreten ausgezogen.<\/p>\n<p><a href=\"https:\/\/www.beveswelt.de\/wp-content\/uploads\/2020\/11\/IMG_7840_w.jpg\"><img decoding=\"async\" class=\"aligncenter size-full wp-image-14556\" src=\"https:\/\/www.beveswelt.de\/wp-content\/uploads\/2020\/11\/IMG_7840_w.jpg\" alt=\"\" width=\"700\" height=\"467\" srcset=\"https:\/\/www.beveswelt.de\/wp-content\/uploads\/2020\/11\/IMG_7840_w.jpg 700w, https:\/\/www.beveswelt.de\/wp-content\/uploads\/2020\/11\/IMG_7840_w-300x200.jpg 300w\" sizes=\"(max-width: 700px) 100vw, 700px\" \/><\/a><\/p>\n<p>Als wir nach einer Weile den Wald verlassen, erwischen wir den Nachmittag von seiner sch\u00f6nsten Seite. Die Herbstsonne bescheint die Wiesen und Felder und Hochsitze, Gr\u00e4venwiesbach liegt im Tal, als k\u00f6nne es kein W\u00e4sserchen tr\u00fcben, Spazierg\u00e4nger gr\u00fc\u00dfen freundlich und ein Trecker mit Deutschlandf\u00e4hnchen treckert an uns vorbei. Am Horizont drehen Windr\u00e4der majet\u00e4tisch ihre Runden. Durch einen Eisenbahntunnel geht es \u00fcber einen Feldweg zur\u00fcck ins Neubaugebiet. Erich-K\u00e4stner-Stra\u00dfe, Otfried-Preu\u00dfler-Stra\u00dfe, Astrid-Lindgren-Stra\u00dfe. Die Namen erinnern an Kinderbuchautoren, an gl\u00fcckselige Tage mit gro\u00dfen Tr\u00e4umen in kurzen Hosen, an Limonadenb\u00e4ume und fliegende Klassenzimmer. Die Wirklichkeit erinnert uns an freistehende Einfamilien-Wohnbunker, davor freistehende Einfamilien-Wohnautos. Die Vorg\u00e4rten: Steine. Die Z\u00e4une: Steine. Die Abgrenzungen: Steine. Reichtum und Geschmacklosigkeit geben sich bei nahezu jedem Haus die Hand. Noch ist die Terrasse nicht fertig umsteint, steht schon der drei Meter breite Webergrill darauf. H\u00e4tten die Kinder soviel Platz wie die Autos, Astrid Lindgren w\u00fcrde sofort ein Buch dar\u00fcber schreiben. Welch Kontrast zu den Herbstblicken auf die Felder und B\u00e4ume dahinter. Bullerb\u00fc ist tot.<\/p>\n<p><a href=\"https:\/\/www.beveswelt.de\/wp-content\/uploads\/2020\/11\/IMG_7850_w.jpg\"><img decoding=\"async\" class=\"aligncenter size-full wp-image-14557\" src=\"https:\/\/www.beveswelt.de\/wp-content\/uploads\/2020\/11\/IMG_7850_w.jpg\" alt=\"\" width=\"700\" height=\"513\" srcset=\"https:\/\/www.beveswelt.de\/wp-content\/uploads\/2020\/11\/IMG_7850_w.jpg 700w, https:\/\/www.beveswelt.de\/wp-content\/uploads\/2020\/11\/IMG_7850_w-300x220.jpg 300w\" sizes=\"(max-width: 700px) 100vw, 700px\" \/><\/a><\/p>\n<p>Wir spazieren die letzten Meter zur Schule, die Sonne geht langsam unter. M\u00fcde lassen wir uns auf die Sitze fallen &#8211; und fahren \u00fcber Usingen gem\u00e4chlich in den Frankfurter Herbstabend. <em>Dark Suzanne &#8211; It\u2019s you I miss &#8211; Wherever you are &#8211; I feel your bliss &#8211; I reach the stars &#8211; In the night <\/em>singen <a href=\"https:\/\/www.youtube.com\/watch?v=iCalhaL5ACA\" target=\"_blank\" rel=\"noopener noreferrer\">The Beauty of Gemina. <\/a>Die letzten Strahlen der Sonne, bevor sie hinter den Waldb\u00e4umen verschwindet, jetzt gl\u00e4nzen die roten und wei\u00dfen Lichter der Autos in die Dunkelheit. Samstagabend auf der A661, Frankfurt ist unterwegs.<\/p>\n<p>Sp\u00e4ter lese ich im Netz die Tagesereignisse nach. Die &#8222;Querdenkerdemo&#8220;, die Wasserwerfer auf die Gegendemonstranten, die den &#8222;Querdenkern&#8220; erfolgreich aber unter erschwerten Bedingungen den Tag vermasselt haben. Frankfurt ist stabil geblieben, auch wenn uns nach \u00fcber 16 Fu\u00dfkilometern die Beine schwer geworden sind. Sp\u00e4t in der Nacht l\u00e4uft im WDR noch der Film <a href=\"https:\/\/www.youtube.com\/watch?v=1lCA3tbziGE&amp;list=PL9s_P3RQ76idQKVVx1eVCc5Pfk5uqyqPu&amp;index=1\" target=\"_blank\" rel=\"noopener noreferrer\">Treffer<\/a> von 1984, ein fr\u00fches Werk von Dominik Graf mit dem blutjungen Dietmar B\u00e4r und der viel zu fr\u00fch verstorbenen Barbara Rudnick. Gro\u00dfartig. Dann falle ich in einen traumlosen Schlaf.<\/p>\n","protected":false},"excerpt":{"rendered":"<p>Es versprach ein sonniger Herbsttag zu werden, zumindest was das Wetter angeht. Zwei Alternativen standen parat. Einerseits den sogenannten &#8222;Querdenkern&#8220; Paroli bieten, die sich in Frankfurt zu einer Trotteldemonstration angemeldet hatten, andererseits wollte ich schon l\u00e4nger mal einen Rundweg durch den Wald bei Gr\u00e4venwiesbach laufen. Da wir keine gro\u00dfe Lust auf Menschenmassen und Wasserwerfer hatten, [&hellip;]<\/p>\n","protected":false},"author":2,"featured_media":14555,"comment_status":"closed","ping_status":"closed","sticky":false,"template":"","format":"standard","meta":{"ngg_post_thumbnail":0,"footnotes":""},"categories":[10,12],"tags":[2368,1332,2367,2365,2369,2366,535,2027,2370],"class_list":["post-14554","post","type-post","status-publish","format-standard","has-post-thumbnail","hentry","category-photographie","category-wortwelt","tag-astrid-lingren","tag-dacia","tag-eschbacher-klippen","tag-graevenwiesbach","tag-instatrottel","tag-rentnerhuette","tag-taunus","tag-the-beauty-of-gemina","tag-the-bronze-medal","post-preview"],"_links":{"self":[{"href":"https:\/\/www.beveswelt.de\/index.php?rest_route=\/wp\/v2\/posts\/14554","targetHints":{"allow":["GET"]}}],"collection":[{"href":"https:\/\/www.beveswelt.de\/index.php?rest_route=\/wp\/v2\/posts"}],"about":[{"href":"https:\/\/www.beveswelt.de\/index.php?rest_route=\/wp\/v2\/types\/post"}],"author":[{"embeddable":true,"href":"https:\/\/www.beveswelt.de\/index.php?rest_route=\/wp\/v2\/users\/2"}],"replies":[{"embeddable":true,"href":"https:\/\/www.beveswelt.de\/index.php?rest_route=%2Fwp%2Fv2%2Fcomments&post=14554"}],"version-history":[{"count":7,"href":"https:\/\/www.beveswelt.de\/index.php?rest_route=\/wp\/v2\/posts\/14554\/revisions"}],"predecessor-version":[{"id":14564,"href":"https:\/\/www.beveswelt.de\/index.php?rest_route=\/wp\/v2\/posts\/14554\/revisions\/14564"}],"wp:featuredmedia":[{"embeddable":true,"href":"https:\/\/www.beveswelt.de\/index.php?rest_route=\/wp\/v2\/media\/14555"}],"wp:attachment":[{"href":"https:\/\/www.beveswelt.de\/index.php?rest_route=%2Fwp%2Fv2%2Fmedia&parent=14554"}],"wp:term":[{"taxonomy":"category","embeddable":true,"href":"https:\/\/www.beveswelt.de\/index.php?rest_route=%2Fwp%2Fv2%2Fcategories&post=14554"},{"taxonomy":"post_tag","embeddable":true,"href":"https:\/\/www.beveswelt.de\/index.php?rest_route=%2Fwp%2Fv2%2Ftags&post=14554"}],"curies":[{"name":"wp","href":"https:\/\/api.w.org\/{rel}","templated":true}]}}